{"id":47673,"date":"2025-06-24T19:00:57","date_gmt":"2025-06-24T22:00:57","guid":{"rendered":"https:\/\/aprendizdomundo.com\/portal\/?p=47673"},"modified":"2025-06-13T16:42:31","modified_gmt":"2025-06-13T19:42:31","slug":"sarandeio2986","status":"publish","type":"post","link":"https:\/\/aprendizdomundo.com\/portal\/2025\/06\/24\/sarandeio2986\/","title":{"rendered":"Sarandeio no amanhecer da Universidade AM, 25\/06"},"content":{"rendered":"<p><img fetchpriority=\"high\" decoding=\"async\" class=\"alignleft\" title=\"Sarandeio\" src=\"https:\/\/aprendizdomundo.com\/imagens\/sarandeio_d25.png\" alt=\"Sarandeio\" width=\"320\" height=\"320\" \/>Acompanhe o <strong>Sarandeio<\/strong> na pr\u00f3xima madrugada, a partir das <strong>05h00<\/strong>, pela <strong><a title=\"R\u00e1dio Universidade AM\" href=\"https:\/\/www.ufsm.br\/radio\" target=\"_blank\" rel=\"noopener\">R\u00e1dio Universidade AM<\/a><\/strong>.<\/p>\n<p>A sele\u00e7\u00e3o musical vai destacar&#8230;<\/p>\n<p>Grupo Fronteiras &#8211; Linda Terra Santa Catarina<br \/>\nJairo Lambari Fernandes &#8211; Cena de Campo<br \/>\nOs Taitas &#8211; Baile das Tiranas<br \/>\nAmilton Lima e Walther Morais &#8211; A Minha Bandeira<br \/>\nGrupo Marca Baileira &#8211; Dan\u00e7ador de Bugio<br \/>\nSom Campeiro &#8211; Som Campeiro<br \/>\nM\u00e1rcio Giovano &#8211; Cosa Mais Que Bela<br \/>\nGaud\u00e9rios do Vale &#8211; Nos Galp\u00f5es<br \/>\nTeixeirinha &#8211; Saudades de Passo Fundo<br \/>\nGrupo Heran\u00e7a Campeira do Sul &#8211; O Bugio no Baile<br \/>\nIvonir Machado e Novos Garotos &#8211; O Gauch\u00e3o<br \/>\nBuenas e M&#8217;espalho &#8211; Um Vista\u00e7o na Tropa<br \/>\nOs Vacarianos &#8211; Peleando com a Vida<br \/>\nGrupo Santo Ch\u00e3o &#8211; Estilo Campeiro<br \/>\nElton Saldanha &#8211; Vaneir\u00e3o dos Bebum<br \/>\nAugusto Ricardo Becker (Grilo) &#8211; Km 11<br \/>\nGrupo Freio de Ouro &#8211; Rodeio no Alegrete<br \/>\nOs Serranos &#8211; Jeito de Galp\u00e3o<br \/>\nMarines Siqueira &#8211; Alma de Pampa<br \/>\nTch\u00ea Sarandeio &#8211; Longe do Pago<br \/>\nGrupo Ch\u00e3o Nativo &#8211; Perfil de Campeiro<br \/>\nOs Caudilhos &#8211; Tio Gabriel<br \/>\nEmbalos da Serra &#8211; Fandangueiro<br \/>\nRui Carlos Avila &#8211; Com o Rio Grande na Ess\u00eancia<br \/>\nOs Mirins &#8211; Coisa Linda Minha Gente<br \/>\nAnt\u00f4nio Augusto Fagundes &#8211; S\u00e3o Borja (causo)<br \/>\nGrupo Tempo Bom &#8211; Gronguero<br \/>\nGrupo Ess\u00eancia Serrana &#8211; Dan\u00e7ador e Baileiro<br \/>\nTch\u00ea Garotos &#8211; Um Dia de Rodeio<br \/>\nGrupo Cora\u00e7\u00e3o Fandangueiro &#8211; Tempos de Tosquia<br \/>\nMarcello Caminha e Joca Martins &#8211; Motivos de Campo<br \/>\nGrupo Ventania &#8211; Andejando<br \/>\nGa\u00facho da Fronteira &#8211; O Dedo<br \/>\nNovos Tropeiros e Grupo Rodeio &#8211; Sina de Andejo<\/p>\n<p><strong><a title=\"Sarandeio\" href=\"https:\/\/aprendizdomundo.com\/portal\/radio\/programas\/sarandeio\/\">Sarandeio<\/a><\/strong> \u00e9 um programa dedicado \u00e0 m\u00fasica ga\u00facha, especialmente a vertente fandangueira. Re\u00fane can\u00e7\u00f5es de int\u00e9rpretes e grupos do Rio Grande do Sul e, tamb\u00e9m, artistas de outros estados que igualmente produzem m\u00fasica fandangueira.<\/p>\n<p>A atra\u00e7\u00e3o vai ao ar pela <strong>Universidade AM<\/strong>, todos os dias, na faixa das 05h00 \u00e0s 07h00. A pesquisa, produ\u00e7\u00e3o, sele\u00e7\u00e3o de repert\u00f3rio e edi\u00e7\u00e3o \u00e9 de <strong><a title=\"Milton Oliveira\" target=\"_blank\" rel=\"noopener\" href=\"https:\/\/aprendizdomundo.com\/miltonoliveira\">Milton Oliveira<\/a><\/strong>.<\/p>\n<p>O programa pode ser ouvido pelos <strong>800 AM<\/strong>, pelo <strong><a title=\"R\u00e1dio Universidade AM\" href=\"https:\/\/www.ufsm.br\/radio\" target=\"_blank\" rel=\"noopener\">site da emissora<\/a><\/strong> ou pelo smartphone, acessando seu aplicativo favorito.<\/p>\n","protected":false},"excerpt":{"rendered":"<p>Acompanhe o Sarandeio na pr\u00f3xima madrugada, a partir das 05h00, pela R\u00e1dio Universidade AM. A sele\u00e7\u00e3o musical vai destacar&#8230; Grupo Fronteiras &#8211; Linda Terra Santa Catarina Jairo Lambari Fernandes &#8211; Cena de Campo Os Taitas &#8211; Baile das Tiranas Amilton Lima e Walther Morais &#8211; A Minha Bandeira Grupo Marca Baileira &#8211; Dan\u00e7ador de Bugio [&#8230;] <\/p>\n<p class=\"more-link-container\"><a href=\"https:\/\/aprendizdomundo.com\/portal\/2025\/06\/24\/sarandeio2986\/\" class=\"more-link\">Read More<span class=\"screen-reader-text\"> &#8220;Sarandeio no amanhecer da Universidade AM, 25\/06&#8221;<\/span><\/a><\/p>\n","protected":false},"author":1,"featured_media":47442,"comment_status":"closed","ping_status":"closed","sticky":false,"template":"","format":"standard","meta":{"_eb_attr":"","footnotes":""},"categories":[22],"tags":[51],"class_list":["post-47673","post","type-post","status-publish","format-standard","has-post-thumbnail","hentry","category-sarandeio","tag-sarandeio"],"nelio_content":{"autoShareEndMode":"never","automationSources":{"useCustomSentences":false,"customSentences":[]},"efiAlt":"","efiUrl":"","followers":[1],"highlights":[],"isAutoShareEnabled":true,"networkImageIds":[],"permalinkQueryArgs":[],"series":[],"suggestedReferences":[]},"_links":{"self":[{"href":"https:\/\/aprendizdomundo.com\/portal\/wp-json\/wp\/v2\/posts\/47673","targetHints":{"allow":["GET"]}}],"collection":[{"href":"https:\/\/aprendizdomundo.com\/portal\/wp-json\/wp\/v2\/posts"}],"about":[{"href":"https:\/\/aprendizdomundo.com\/portal\/wp-json\/wp\/v2\/types\/post"}],"author":[{"embeddable":true,"href":"https:\/\/aprendizdomundo.com\/portal\/wp-json\/wp\/v2\/users\/1"}],"replies":[{"embeddable":true,"href":"https:\/\/aprendizdomundo.com\/portal\/wp-json\/wp\/v2\/comments?post=47673"}],"version-history":[{"count":1,"href":"https:\/\/aprendizdomundo.com\/portal\/wp-json\/wp\/v2\/posts\/47673\/revisions"}],"predecessor-version":[{"id":47674,"href":"https:\/\/aprendizdomundo.com\/portal\/wp-json\/wp\/v2\/posts\/47673\/revisions\/47674"}],"wp:featuredmedia":[{"embeddable":true,"href":"https:\/\/aprendizdomundo.com\/portal\/wp-json\/wp\/v2\/media\/47442"}],"wp:attachment":[{"href":"https:\/\/aprendizdomundo.com\/portal\/wp-json\/wp\/v2\/media?parent=47673"}],"wp:term":[{"taxonomy":"category","embeddable":true,"href":"https:\/\/aprendizdomundo.com\/portal\/wp-json\/wp\/v2\/categories?post=47673"},{"taxonomy":"post_tag","embeddable":true,"href":"https:\/\/aprendizdomundo.com\/portal\/wp-json\/wp\/v2\/tags?post=47673"}],"curies":[{"name":"wp","href":"https:\/\/api.w.org\/{rel}","templated":true}]}}