{"id":47677,"date":"2025-06-26T19:00:10","date_gmt":"2025-06-26T22:00:10","guid":{"rendered":"https:\/\/aprendizdomundo.com\/portal\/?p=47677"},"modified":"2025-06-13T16:43:42","modified_gmt":"2025-06-13T19:43:42","slug":"sarandeio2988","status":"publish","type":"post","link":"https:\/\/aprendizdomundo.com\/portal\/2025\/06\/26\/sarandeio2988\/","title":{"rendered":"Sarandeio no amanhecer da Universidade AM, 27\/06"},"content":{"rendered":"<p><img fetchpriority=\"high\" decoding=\"async\" class=\"alignleft\" title=\"Sarandeio\" src=\"https:\/\/aprendizdomundo.com\/imagens\/sarandeio_d27.png\" alt=\"Sarandeio\" width=\"320\" height=\"320\" \/>Acompanhe o <strong>Sarandeio<\/strong> na pr\u00f3xima madrugada, a partir das <strong>05h00<\/strong>, pela <strong><a title=\"R\u00e1dio Universidade AM\" href=\"https:\/\/www.ufsm.br\/radio\" target=\"_blank\" rel=\"noopener\">R\u00e1dio Universidade AM<\/a><\/strong>.<\/p>\n<p>A sele\u00e7\u00e3o musical vai destacar&#8230;<\/p>\n<p>Grupo Marca do Tempo &#8211; No Tranco do Vaner\u00e3o<br \/>\nJorge Freitas e Grupo P\u00e1tria Ga\u00facha &#8211; Quando Canta um Missioneiro<br \/>\nOs Reis do Fandango &#8211; Retrato do Pampa<br \/>\nPorca V\u00e9ia &#8211; Bugio do Chaleira Preta<br \/>\nGrupo Ch\u00e3o Ga\u00facho &#8211; Sou Desse Jeito<br \/>\nChiquito e Bordoneio &#8211; Rel\u00edquia do Meu Av\u00f4<br \/>\nAngelino Rogerio &#8211; Cantiga do Era Boi<br \/>\nVolmir Dutra e Grupo Criado em Galp\u00e3o &#8211; Monarqueando uma Vanera<br \/>\nNilton Ferreira e Nenito Sarturi &#8211; No Trono dos Bastos<br \/>\nGrupo Invernada Campeira e Tiago Machado &#8211; Saudade Xucra<br \/>\nC\u00e9sar Oliveira e Rog\u00e9rio Melo &#8211; O Roubo da Gaita Velha<br \/>\nPedro Orta\u00e7a &#8211; Queixo Duro<br \/>\nOs Querencianos &#8211; Sina de Baileiro<br \/>\nPorca V\u00e9ia &#8211; L\u00e1 Fora<br \/>\nAlbino Medeiros &#8211; Marco de Fronteira<br \/>\nGrupo Eco das Coxilhas &#8211; Campereando a Sorte<br \/>\nOs Bertussi &#8211; Sangue de um Campeiro<br \/>\nAnalise Severo &#8211; Pra Carregar Nossa Cruz<br \/>\nOrlandinho Rocha &#8211; Alegria de Gringo<br \/>\nGrupo De Mont\u00e3o &#8211; Potro Xucro<br \/>\nOs Monarcas &#8211; Voz do Gaudencio<br \/>\nCanto Ga\u00facho &#8211; Gaiteiro Serrano<br \/>\nRui Biriva &#8211; Gaiteiros do Rio Grande<br \/>\nGrupo Heran\u00e7a Serrana &#8211; Levando o Rio Grande no Peito<br \/>\nCumpadre Lagoa &#8211; Tio Juv\u00eancio e a \u00c9gua (causo)<br \/>\nGrupo Marca\u00e7\u00e3o &#8211; Gaita Metralhadora<br \/>\nGrupo D\u00ea-lhe Gaita &#8211; Se Tem Gaita t\u00f4 Entrando<br \/>\nTch\u00ea Guri &#8211; A Vida Que o V\u00e9io Mandou<br \/>\nGrupo Capital Tch\u00ea &#8211; Bugiu Tramado<br \/>\nBeto Frizzo &#8211; Baile da Ramada<br \/>\nGrupo Sul Encanto &#8211; Vento Minuano<br \/>\nGa\u00facho Sulino &#8211; Gaita Fandangueira<\/p>\n<p><strong><a title=\"Sarandeio\" href=\"https:\/\/aprendizdomundo.com\/portal\/radio\/programas\/sarandeio\/\">Sarandeio<\/a><\/strong> \u00e9 um programa dedicado \u00e0 m\u00fasica ga\u00facha, especialmente a vertente fandangueira. Re\u00fane can\u00e7\u00f5es de int\u00e9rpretes e grupos do Rio Grande do Sul e, tamb\u00e9m, artistas de outros estados que igualmente produzem m\u00fasica fandangueira.<\/p>\n<p>A atra\u00e7\u00e3o vai ao ar pela <strong>Universidade AM<\/strong>, todos os dias, na faixa das 05h00 \u00e0s 07h00. A pesquisa, produ\u00e7\u00e3o, sele\u00e7\u00e3o de repert\u00f3rio e edi\u00e7\u00e3o \u00e9 de <strong><a title=\"Milton Oliveira\" target=\"_blank\" rel=\"noopener\" href=\"https:\/\/aprendizdomundo.com\/miltonoliveira\">Milton Oliveira<\/a><\/strong>.<\/p>\n<p>O programa pode ser ouvido pelos <strong>800 AM<\/strong>, pelo <strong><a title=\"R\u00e1dio Universidade AM\" href=\"https:\/\/www.ufsm.br\/radio\" target=\"_blank\" rel=\"noopener\">site da emissora<\/a><\/strong> ou pelo smartphone, acessando seu aplicativo favorito.<\/p>\n","protected":false},"excerpt":{"rendered":"<p>Acompanhe o Sarandeio na pr\u00f3xima madrugada, a partir das 05h00, pela R\u00e1dio Universidade AM. A sele\u00e7\u00e3o musical vai destacar&#8230; Grupo Marca do Tempo &#8211; No Tranco do Vaner\u00e3o Jorge Freitas e Grupo P\u00e1tria Ga\u00facha &#8211; Quando Canta um Missioneiro Os Reis do Fandango &#8211; Retrato do Pampa Porca V\u00e9ia &#8211; Bugio do Chaleira Preta Grupo [&#8230;] <\/p>\n<p class=\"more-link-container\"><a href=\"https:\/\/aprendizdomundo.com\/portal\/2025\/06\/26\/sarandeio2988\/\" class=\"more-link\">Read More<span class=\"screen-reader-text\"> &#8220;Sarandeio no amanhecer da Universidade AM, 27\/06&#8221;<\/span><\/a><\/p>\n","protected":false},"author":1,"featured_media":47442,"comment_status":"closed","ping_status":"closed","sticky":false,"template":"","format":"standard","meta":{"_eb_attr":"","footnotes":""},"categories":[22],"tags":[51],"class_list":["post-47677","post","type-post","status-publish","format-standard","has-post-thumbnail","hentry","category-sarandeio","tag-sarandeio"],"nelio_content":{"autoShareEndMode":"never","automationSources":{"useCustomSentences":false,"customSentences":[]},"efiAlt":"","efiUrl":"","followers":[1],"highlights":[],"isAutoShareEnabled":true,"networkImageIds":[],"permalinkQueryArgs":[],"series":[],"suggestedReferences":[]},"_links":{"self":[{"href":"https:\/\/aprendizdomundo.com\/portal\/wp-json\/wp\/v2\/posts\/47677","targetHints":{"allow":["GET"]}}],"collection":[{"href":"https:\/\/aprendizdomundo.com\/portal\/wp-json\/wp\/v2\/posts"}],"about":[{"href":"https:\/\/aprendizdomundo.com\/portal\/wp-json\/wp\/v2\/types\/post"}],"author":[{"embeddable":true,"href":"https:\/\/aprendizdomundo.com\/portal\/wp-json\/wp\/v2\/users\/1"}],"replies":[{"embeddable":true,"href":"https:\/\/aprendizdomundo.com\/portal\/wp-json\/wp\/v2\/comments?post=47677"}],"version-history":[{"count":1,"href":"https:\/\/aprendizdomundo.com\/portal\/wp-json\/wp\/v2\/posts\/47677\/revisions"}],"predecessor-version":[{"id":47678,"href":"https:\/\/aprendizdomundo.com\/portal\/wp-json\/wp\/v2\/posts\/47677\/revisions\/47678"}],"wp:featuredmedia":[{"embeddable":true,"href":"https:\/\/aprendizdomundo.com\/portal\/wp-json\/wp\/v2\/media\/47442"}],"wp:attachment":[{"href":"https:\/\/aprendizdomundo.com\/portal\/wp-json\/wp\/v2\/media?parent=47677"}],"wp:term":[{"taxonomy":"category","embeddable":true,"href":"https:\/\/aprendizdomundo.com\/portal\/wp-json\/wp\/v2\/categories?post=47677"},{"taxonomy":"post_tag","embeddable":true,"href":"https:\/\/aprendizdomundo.com\/portal\/wp-json\/wp\/v2\/tags?post=47677"}],"curies":[{"name":"wp","href":"https:\/\/api.w.org\/{rel}","templated":true}]}}