{"id":47681,"date":"2025-06-28T19:00:19","date_gmt":"2025-06-28T22:00:19","guid":{"rendered":"https:\/\/aprendizdomundo.com\/portal\/?p=47681"},"modified":"2025-06-13T16:46:09","modified_gmt":"2025-06-13T19:46:09","slug":"sarandeio2990","status":"publish","type":"post","link":"https:\/\/aprendizdomundo.com\/portal\/2025\/06\/28\/sarandeio2990\/","title":{"rendered":"Sarandeio no amanhecer da Universidade AM, 29\/06"},"content":{"rendered":"<p><img fetchpriority=\"high\" decoding=\"async\" class=\"alignleft\" title=\"Sarandeio\" src=\"https:\/\/aprendizdomundo.com\/imagens\/sarandeio_d29.png\" alt=\"Sarandeio\" width=\"320\" height=\"320\" \/>Acompanhe a audi\u00e7\u00e3o 2990 do <strong>Sarandeio<\/strong> na pr\u00f3xima madrugada, a partir das <strong>05h00<\/strong>, pela <strong><a title=\"R\u00e1dio Universidade AM\" href=\"https:\/\/www.ufsm.br\/radio\" target=\"_blank\" rel=\"noopener\">R\u00e1dio Universidade AM<\/a><\/strong>.<\/p>\n<p>A sele\u00e7\u00e3o musical vai destacar&#8230;<\/p>\n<p>Grupo L\u00edrios &#8211; Alma de Campo<br \/>\nLuiz Marenco &#8211; Bailongo no Mato Grande<br \/>\nFogo de Ch\u00e3o &#8211; Sapecando a Vaneira<br \/>\nManoel Cassiano e Carlinhos Steiner &#8211; Canhotos<br \/>\nGrupo Minuano &#8211; Deu Caruncho no Namoro<br \/>\nCh\u00e3o Sulino &#8211; Ch\u00e3o Sulino<br \/>\nEraci Rocha &#8211; Imagina\u00e7\u00f5es<br \/>\nGaud\u00e9rios do Embalo &#8211; Bugio na Farroupilha<br \/>\n\u00c1lvaro Feliciani &#8211; Sentimento de Gaiteiro<br \/>\nGrupo Bailanta &#8211; Dos Pampas ao Pantanal<br \/>\nGlauber e Cleber Brito &#8211; Na Boca da Picada<br \/>\nGrupo Alma Gaud\u00e9ria &#8211; Meu Rio Fronteira<br \/>\nOs Monarcas &#8211; Queimando Colesterol<br \/>\nGrupo Reponte &#8211; Me Perfilando pra Farra<br \/>\nLeonardo &#8211; Mate Lavado<br \/>\n\u00c1lvaro Feliciani &#8211; Passaporte de Gaiteiro<br \/>\nGrupo Criado em Galp\u00e3o &#8211; Fandangueiro<br \/>\nOs Peixotos &#8211; Cambicho<br \/>\nTalita da Rosa &#8211; Resmungo de Gaita<br \/>\nTch\u00ea Barbaridade &#8211; Vem Vai na Vanera<br \/>\nOs Tr\u00eas Xirus &#8211; O Alem\u00e3o e o Delegado<br \/>\nCezar Ferreira &#8211; Tempos de Pia<br \/>\nForca Ga\u00facha &#8211; Alma Farroupilha<br \/>\nLisandro Amaral &#8211; Fazendo Tropilha<br \/>\nGrupo Canto da Terra &#8211; Chimango<br \/>\nCumpadre Lagoa &#8211; O Boca Costurada (causo)<br \/>\nGrupo De Mont\u00e3o &#8211; De Campo a Fora<br \/>\nAdemar Pereira &#8211; Alarmando os Gansos<br \/>\nOs Mateadores &#8211; Magoa de Tropeiro<br \/>\nGrupo Carona &#8211; Eu Sou Fandangueiro<br \/>\nBaitaca e Grupo do Fundo da Grota &#8211; No Tranc\u00e3o Dessa Vaneira<br \/>\nGrupo Cordeona &#8211; Dan\u00e7a Rio Grande<br \/>\nWalther Morais &#8211; Tirando Balda<br \/>\nLuiz e Grupo Vaner\u00e3o &#8211; Agarrado na Vaneira<\/p>\n<p><strong><a title=\"Sarandeio\" href=\"https:\/\/aprendizdomundo.com\/portal\/radio\/programas\/sarandeio\/\">Sarandeio<\/a><\/strong> \u00e9 um programa dedicado \u00e0 m\u00fasica ga\u00facha, especialmente a vertente fandangueira. Re\u00fane can\u00e7\u00f5es de int\u00e9rpretes e grupos do Rio Grande do Sul e, tamb\u00e9m, artistas de outros estados que igualmente produzem m\u00fasica fandangueira.<\/p>\n<p>A atra\u00e7\u00e3o vai ao ar pela <strong>Universidade AM<\/strong>, todos os dias, na faixa das 05h00 \u00e0s 07h00. A pesquisa, produ\u00e7\u00e3o, sele\u00e7\u00e3o de repert\u00f3rio e edi\u00e7\u00e3o \u00e9 de <strong><a title=\"Milton Oliveira\" target=\"_blank\" rel=\"noopener\" href=\"https:\/\/aprendizdomundo.com\/miltonoliveira\">Milton Oliveira<\/a><\/strong>.<\/p>\n<p>O programa pode ser ouvido pelos <strong>800 AM<\/strong>, pelo <strong><a title=\"R\u00e1dio Universidade AM\" href=\"https:\/\/www.ufsm.br\/radio\" target=\"_blank\" rel=\"noopener\">site da emissora<\/a><\/strong> ou pelo smartphone, acessando seu aplicativo favorito.<\/p>\n","protected":false},"excerpt":{"rendered":"<p>Acompanhe a audi\u00e7\u00e3o 2990 do Sarandeio na pr\u00f3xima madrugada, a partir das 05h00, pela R\u00e1dio Universidade AM. A sele\u00e7\u00e3o musical vai destacar&#8230; Grupo L\u00edrios &#8211; Alma de Campo Luiz Marenco &#8211; Bailongo no Mato Grande Fogo de Ch\u00e3o &#8211; Sapecando a Vaneira Manoel Cassiano e Carlinhos Steiner &#8211; Canhotos Grupo Minuano &#8211; Deu Caruncho no [&#8230;] <\/p>\n<p class=\"more-link-container\"><a href=\"https:\/\/aprendizdomundo.com\/portal\/2025\/06\/28\/sarandeio2990\/\" class=\"more-link\">Read More<span class=\"screen-reader-text\"> &#8220;Sarandeio no amanhecer da Universidade AM, 29\/06&#8221;<\/span><\/a><\/p>\n","protected":false},"author":1,"featured_media":47442,"comment_status":"closed","ping_status":"closed","sticky":false,"template":"","format":"standard","meta":{"_eb_attr":"","footnotes":""},"categories":[22],"tags":[51],"class_list":["post-47681","post","type-post","status-publish","format-standard","has-post-thumbnail","hentry","category-sarandeio","tag-sarandeio"],"nelio_content":{"autoShareEndMode":"never","automationSources":{"useCustomSentences":false,"customSentences":[]},"efiAlt":"","efiUrl":"","followers":[1],"highlights":[],"isAutoShareEnabled":true,"networkImageIds":[],"permalinkQueryArgs":[],"series":[],"suggestedReferences":[]},"_links":{"self":[{"href":"https:\/\/aprendizdomundo.com\/portal\/wp-json\/wp\/v2\/posts\/47681","targetHints":{"allow":["GET"]}}],"collection":[{"href":"https:\/\/aprendizdomundo.com\/portal\/wp-json\/wp\/v2\/posts"}],"about":[{"href":"https:\/\/aprendizdomundo.com\/portal\/wp-json\/wp\/v2\/types\/post"}],"author":[{"embeddable":true,"href":"https:\/\/aprendizdomundo.com\/portal\/wp-json\/wp\/v2\/users\/1"}],"replies":[{"embeddable":true,"href":"https:\/\/aprendizdomundo.com\/portal\/wp-json\/wp\/v2\/comments?post=47681"}],"version-history":[{"count":1,"href":"https:\/\/aprendizdomundo.com\/portal\/wp-json\/wp\/v2\/posts\/47681\/revisions"}],"predecessor-version":[{"id":47682,"href":"https:\/\/aprendizdomundo.com\/portal\/wp-json\/wp\/v2\/posts\/47681\/revisions\/47682"}],"wp:featuredmedia":[{"embeddable":true,"href":"https:\/\/aprendizdomundo.com\/portal\/wp-json\/wp\/v2\/media\/47442"}],"wp:attachment":[{"href":"https:\/\/aprendizdomundo.com\/portal\/wp-json\/wp\/v2\/media?parent=47681"}],"wp:term":[{"taxonomy":"category","embeddable":true,"href":"https:\/\/aprendizdomundo.com\/portal\/wp-json\/wp\/v2\/categories?post=47681"},{"taxonomy":"post_tag","embeddable":true,"href":"https:\/\/aprendizdomundo.com\/portal\/wp-json\/wp\/v2\/tags?post=47681"}],"curies":[{"name":"wp","href":"https:\/\/api.w.org\/{rel}","templated":true}]}}