{"id":47683,"date":"2025-06-29T18:00:54","date_gmt":"2025-06-29T21:00:54","guid":{"rendered":"https:\/\/aprendizdomundo.com\/portal\/?p=47683"},"modified":"2025-06-13T16:45:27","modified_gmt":"2025-06-13T19:45:27","slug":"sarandeio2991","status":"publish","type":"post","link":"https:\/\/aprendizdomundo.com\/portal\/2025\/06\/29\/sarandeio2991\/","title":{"rendered":"Sarandeio no amanhecer da Universidade AM, 30\/06"},"content":{"rendered":"<p><img fetchpriority=\"high\" decoding=\"async\" class=\"alignleft\" title=\"Sarandeio\" src=\"https:\/\/aprendizdomundo.com\/imagens\/sarandeio_d30.png\" alt=\"Sarandeio\" width=\"320\" height=\"320\" \/>Acompanhe o <strong>Sarandeio<\/strong> na pr\u00f3xima madrugada, a partir das <strong>05h00<\/strong>, pela <strong><a title=\"R\u00e1dio Universidade AM\" href=\"https:\/\/www.ufsm.br\/radio\" target=\"_blank\" rel=\"noopener\">R\u00e1dio Universidade AM<\/a><\/strong>.<\/p>\n<p>A sele\u00e7\u00e3o musical vai destacar&#8230;<\/p>\n<p>Canto de Taura &#8211; Tocador de Cordeona<br \/>\nMauro Moraes &#8211; Feito o Carreto<br \/>\nOdilon Ramos e Grupo de Ch\u00e3o Batido &#8211; Minha Vanera<br \/>\nAlex Vargas &#8211; Na Parceria<br \/>\nGrupo Fronteiras &#8211; Fandango no Povoado<br \/>\nZ\u00e9 Moraes &#8211; Na Est\u00e2ncia do Tunico<br \/>\nCleiber Rocha &#8211; Quando se Comp\u00f5e um Chamam\u00e9<br \/>\nGaita\u00e7o Galponeiro &#8211; Saracoteando<br \/>\nRodrigo Machado &#8211; Reto\u00e7o de Pavena<br \/>\nGrupo Santo Ch\u00e3o &#8211; Amigo da Estrada<br \/>\nNereu Albuquerque e os Pirilampos &#8211; Milonga Monarca<br \/>\nGinetes do Brasil &#8211; Chegado em Vanera<br \/>\nOs Farrapos &#8211; Vaneira Sacudida<br \/>\nGrupo Recanto &#8211; Manias do Meu Cavalo<br \/>\nGa\u00facho Guapo &#8211; Abre o Fole Tio Bilia<br \/>\nAlaor Gomes e Grupo Lobo Bravo &#8211; Evanel<br \/>\nGrupo Buenas Tch\u00ea &#8211; Bailanta da Tia Noca<br \/>\nOs Serranos &#8211; Se o Rio Grande me Precisa<br \/>\nPaullo Costa &#8211; Marca Ga\u00facha<br \/>\nTch\u00ea Chaleira &#8211; Rancho Cora\u00e7\u00e3o<br \/>\nGrupo Cora\u00e7\u00e3o Ga\u00facho &#8211; Bem Bagual<br \/>\nViviane &#8211; Serrinha<br \/>\nPortal do Sul &#8211; Te Acostuma Nega Veia<br \/>\nSidney Almeida &#8211; Lagartas do Mensal\u00e3o<br \/>\nIvan Taborda &#8211; As Mentiras do Domador (causo)<br \/>\nGrupo Chimarr\u00e3o &#8211; Rodeio Potiguar<br \/>\nNardel Silva &#8211; Cavalo Preto<br \/>\nOs Cardeais &#8211; Cutucando Neguinha<br \/>\nLobisomem &#8211; Me Tapo de Nojo<br \/>\nLuiz Carlos Borges &#8211; Fogo no Fole<br \/>\nGrupo Eco do Pampa &#8211; Bailes de Antigamente<br \/>\nJo\u00e3o Luiz Corr\u00eaa e Grupo Campeirismo &#8211; Pra Quem Vive de Bombacha (Xote)<\/p>\n<p><strong><a title=\"Sarandeio\" href=\"https:\/\/aprendizdomundo.com\/portal\/radio\/programas\/sarandeio\/\">Sarandeio<\/a><\/strong> \u00e9 um programa dedicado \u00e0 m\u00fasica ga\u00facha, especialmente a vertente fandangueira. Re\u00fane can\u00e7\u00f5es de int\u00e9rpretes e grupos do Rio Grande do Sul e, tamb\u00e9m, artistas de outros estados que igualmente produzem m\u00fasica fandangueira.<\/p>\n<p>A atra\u00e7\u00e3o vai ao ar pela <strong>Universidade AM<\/strong>, todos os dias, na faixa das 05h00 \u00e0s 07h00. A pesquisa, produ\u00e7\u00e3o, sele\u00e7\u00e3o de repert\u00f3rio e edi\u00e7\u00e3o \u00e9 de <strong><a title=\"Milton Oliveira\" target=\"_blank\" rel=\"noopener\" href=\"https:\/\/aprendizdomundo.com\/miltonoliveira\">Milton Oliveira<\/a><\/strong>.<\/p>\n<p>O programa pode ser ouvido pelos <strong>800 AM<\/strong>, pelo <strong><a title=\"R\u00e1dio Universidade AM\" href=\"https:\/\/www.ufsm.br\/radio\" target=\"_blank\" rel=\"noopener\">site da emissora<\/a><\/strong> ou pelo smartphone, acessando seu aplicativo favorito.<\/p>\n","protected":false},"excerpt":{"rendered":"<p>Acompanhe o Sarandeio na pr\u00f3xima madrugada, a partir das 05h00, pela R\u00e1dio Universidade AM. A sele\u00e7\u00e3o musical vai destacar&#8230; Canto de Taura &#8211; Tocador de Cordeona Mauro Moraes &#8211; Feito o Carreto Odilon Ramos e Grupo de Ch\u00e3o Batido &#8211; Minha Vanera Alex Vargas &#8211; Na Parceria Grupo Fronteiras &#8211; Fandango no Povoado Z\u00e9 Moraes [&#8230;] <\/p>\n<p class=\"more-link-container\"><a href=\"https:\/\/aprendizdomundo.com\/portal\/2025\/06\/29\/sarandeio2991\/\" class=\"more-link\">Read More<span class=\"screen-reader-text\"> &#8220;Sarandeio no amanhecer da Universidade AM, 30\/06&#8221;<\/span><\/a><\/p>\n","protected":false},"author":1,"featured_media":47442,"comment_status":"closed","ping_status":"closed","sticky":false,"template":"","format":"standard","meta":{"_eb_attr":"","footnotes":""},"categories":[22],"tags":[51],"class_list":["post-47683","post","type-post","status-publish","format-standard","has-post-thumbnail","hentry","category-sarandeio","tag-sarandeio"],"nelio_content":{"autoShareEndMode":"never","automationSources":{"useCustomSentences":false,"customSentences":[]},"efiAlt":"","efiUrl":"","followers":[1],"highlights":[],"isAutoShareEnabled":true,"networkImageIds":[],"permalinkQueryArgs":[],"series":[],"suggestedReferences":[]},"_links":{"self":[{"href":"https:\/\/aprendizdomundo.com\/portal\/wp-json\/wp\/v2\/posts\/47683","targetHints":{"allow":["GET"]}}],"collection":[{"href":"https:\/\/aprendizdomundo.com\/portal\/wp-json\/wp\/v2\/posts"}],"about":[{"href":"https:\/\/aprendizdomundo.com\/portal\/wp-json\/wp\/v2\/types\/post"}],"author":[{"embeddable":true,"href":"https:\/\/aprendizdomundo.com\/portal\/wp-json\/wp\/v2\/users\/1"}],"replies":[{"embeddable":true,"href":"https:\/\/aprendizdomundo.com\/portal\/wp-json\/wp\/v2\/comments?post=47683"}],"version-history":[{"count":1,"href":"https:\/\/aprendizdomundo.com\/portal\/wp-json\/wp\/v2\/posts\/47683\/revisions"}],"predecessor-version":[{"id":47684,"href":"https:\/\/aprendizdomundo.com\/portal\/wp-json\/wp\/v2\/posts\/47683\/revisions\/47684"}],"wp:featuredmedia":[{"embeddable":true,"href":"https:\/\/aprendizdomundo.com\/portal\/wp-json\/wp\/v2\/media\/47442"}],"wp:attachment":[{"href":"https:\/\/aprendizdomundo.com\/portal\/wp-json\/wp\/v2\/media?parent=47683"}],"wp:term":[{"taxonomy":"category","embeddable":true,"href":"https:\/\/aprendizdomundo.com\/portal\/wp-json\/wp\/v2\/categories?post=47683"},{"taxonomy":"post_tag","embeddable":true,"href":"https:\/\/aprendizdomundo.com\/portal\/wp-json\/wp\/v2\/tags?post=47683"}],"curies":[{"name":"wp","href":"https:\/\/api.w.org\/{rel}","templated":true}]}}