{"id":47692,"date":"2025-07-01T06:00:14","date_gmt":"2025-07-01T09:00:14","guid":{"rendered":"https:\/\/aprendizdomundo.com\/portal\/?p=47692"},"modified":"2025-06-27T10:39:43","modified_gmt":"2025-06-27T13:39:43","slug":"atracaonacional1824","status":"publish","type":"post","link":"https:\/\/aprendizdomundo.com\/portal\/2025\/07\/01\/atracaonacional1824\/","title":{"rendered":"Larissa Cavalcanti na Universidade AM nesta ter\u00e7a, 01\/07"},"content":{"rendered":"<p>Acompanhe a audi\u00e7\u00e3o 1824 do <strong>Atra\u00e7\u00e3o Nacional<\/strong>, a partir das <strong>20h00<\/strong>, na programa\u00e7\u00e3o da <strong><a title=\"R\u00e1dio Universidade AM\" href=\"https:\/\/www.ufsm.br\/radio\" target=\"_blank\" rel=\"noopener\">R\u00e1dio Universidade AM<\/a><\/strong>.<\/p>\n<p><img fetchpriority=\"high\" decoding=\"async\" title=\"Larissa Cavalcanti\" class=\"alignleft\" src=\"https:\/\/aprendizdomundo.com\/imagens2\/at_larissacavalcanti.jpg\" alt=\"Larissa Cavalcanti\" width=\"320\" height=\"320\" \/>A audi\u00e7\u00e3o desta noite destaca mais um nome do nosso elenco, tocando a obra gravada da cantora <strong>Larissa Cavalcanti<\/strong>. A cantora e apresentadora de televis\u00e3o Larissa Cavalcanti cresceu em Mairinque, na Regi\u00e3o Metropolitana de Sorocaba. Hoje vive na capital, S\u00e3o Paulo. Antes de assumir sua paix\u00e3o definitiva pela m\u00fasica, cursou dois anos de Engenharia e quatro anos de Medicina. S\u00f3 ent\u00e3o cursou a Universidade Livre de M\u00fasica.<\/p>\n<p>Participou de muitos concursos e festivais. Integrou o elenco do Programa Raul Gil, no SBT, e conquistou o quinto lugar no reality Novos Talentos do Doming\u00e3o do Faust\u00e3o, na Rede Globo. A estreia discogr\u00e1fica aconteceu em 2015, com o lan\u00e7amento do \u00e1lbum Pele Morena e Azul &#8211; Larissa Cavalcanti canta Caetano J\u00fanior.<\/p>\n<p>A <strong>playlist<\/strong> que vamos ouvir \u00e9 a seguinte:<\/p>\n<p>Retiro o Que eu Disse<br \/>\nSigo em Frente<br \/>\n\u00c0 Meia Luz<br \/>\nCoisas Rom\u00e2nticas<br \/>\nQuero s\u00f3 Ver<br \/>\nLuz Amarela<br \/>\nCanta Brasil<br \/>\nVai Nessa<br \/>\nCanto Triste<br \/>\nBalan\u00e7o Zona Sul<br \/>\nSamba do Meu Sonho<br \/>\nUm Abra\u00e7o e Uma Flor<br \/>\nC\u00e9u Azul<br \/>\nDescobridor dos 7 Mares<br \/>\nJeito Feliz<br \/>\nTodos os Santos<br \/>\nO Encontro<\/p>\n<p>O <strong>Atra\u00e7\u00e3o Nacional<\/strong> vai ao ar pela <strong>Universidade AM<\/strong>, de segunda a sexta, na faixa das 20h00 \u00e0s 21h00. A curadoria de elenco, dire\u00e7\u00e3o, pesquisa, produ\u00e7\u00e3o, sele\u00e7\u00e3o de repert\u00f3rio, reda\u00e7\u00e3o de texto, apresenta\u00e7\u00e3o e edi\u00e7\u00e3o \u00e9 de <strong><a title=\"Milton Oliveira\" target=\"_blank\" rel=\"noopener\" href=\"https:\/\/aprendizdomundo.com\/miltonoliveira\">Milton Oliveira<\/a><\/strong>.<\/p>\n<p>O programa pode ser ouvido pelos <strong>800 AM<\/strong>; pela home page da emissora, em <strong><a title=\"R\u00e1dio Universidade AM\" href=\"https:\/\/www.ufsm.br\/radio\" target=\"_blank\" rel=\"noopener\">ufsm.br\/radio<\/a><\/strong>; ou pelo smartphone, acessando seu aplicativo favorito.<\/p>\n<p>O <strong>Atra\u00e7\u00e3o Nacional<\/strong> tamb\u00e9m \u00e9 veiculado pela <strong><a title=\"R\u00e1dio Uni FM\" href=\"https:\/\/www.ufsm.br\/radio\" target=\"_blank\" rel=\"noopener\">Uni FM 107.9<\/a><\/strong>, de segunda a sexta, na faixa das 22h00 \u00e0s 23h00; pela <strong><a title=\"Resonance R\u00e1dio\" href=\"http:\/\/www.resonanceradio.com.br\/\" target=\"_blank\" rel=\"noopener\">Resonance R\u00e1dio<\/a><\/strong>, todo domingo, na faixa das 18h00 \u00e0s 19h00; e pela <strong><a title=\"R\u00e1dio Bloco\" href=\"http:\/\/www.radiobloco.net\/\" target=\"_blank\" rel=\"noopener\">R\u00e1dio Bloco<\/a><\/strong>, toda ter\u00e7a, na faixa das 17h00 \u00e0s 18h00. As audi\u00e7\u00f5es n\u00e3o s\u00e3o vinculadas, os destaques s\u00e3o sempre diferentes em cada emissora.<\/p>\n<p>Curta a fanpage do nosso programa em <strong><strong><a href=\"http:\/\/www.facebook.com\/atracaonacional\" target=\"_blank\" rel=\"noopener\" title=\"Atra\u00e7\u00e3o Nacional no Facebook\">facebook.com\/atracaonacional<\/a><\/strong><\/strong>.<\/p>\n","protected":false},"excerpt":{"rendered":"<p>Acompanhe a audi\u00e7\u00e3o 1824 do Atra\u00e7\u00e3o Nacional, a partir das 20h00, na programa\u00e7\u00e3o da R\u00e1dio Universidade AM. A audi\u00e7\u00e3o desta noite destaca mais um nome do nosso elenco, tocando a obra gravada da cantora Larissa Cavalcanti. A cantora e apresentadora de televis\u00e3o Larissa Cavalcanti cresceu em Mairinque, na Regi\u00e3o Metropolitana de Sorocaba. Hoje vive na [&#8230;] <\/p>\n<p class=\"more-link-container\"><a href=\"https:\/\/aprendizdomundo.com\/portal\/2025\/07\/01\/atracaonacional1824\/\" class=\"more-link\">Read More<span class=\"screen-reader-text\"> &#8220;Larissa Cavalcanti na Universidade AM nesta ter\u00e7a, 01\/07&#8221;<\/span><\/a><\/p>\n","protected":false},"author":1,"featured_media":47452,"comment_status":"closed","ping_status":"closed","sticky":false,"template":"","format":"standard","meta":{"_eb_attr":"","footnotes":""},"categories":[4],"tags":[49],"class_list":["post-47692","post","type-post","status-publish","format-standard","has-post-thumbnail","hentry","category-atracao","tag-musica-do-brasil"],"nelio_content":{"autoShareEndMode":"never","automationSources":{"useCustomSentences":false,"customSentences":[]},"efiAlt":"","efiUrl":"","followers":[1],"highlights":[],"isAutoShareEnabled":true,"networkImageIds":[],"permalinkQueryArgs":[],"series":[],"suggestedReferences":[]},"_links":{"self":[{"href":"https:\/\/aprendizdomundo.com\/portal\/wp-json\/wp\/v2\/posts\/47692","targetHints":{"allow":["GET"]}}],"collection":[{"href":"https:\/\/aprendizdomundo.com\/portal\/wp-json\/wp\/v2\/posts"}],"about":[{"href":"https:\/\/aprendizdomundo.com\/portal\/wp-json\/wp\/v2\/types\/post"}],"author":[{"embeddable":true,"href":"https:\/\/aprendizdomundo.com\/portal\/wp-json\/wp\/v2\/users\/1"}],"replies":[{"embeddable":true,"href":"https:\/\/aprendizdomundo.com\/portal\/wp-json\/wp\/v2\/comments?post=47692"}],"version-history":[{"count":1,"href":"https:\/\/aprendizdomundo.com\/portal\/wp-json\/wp\/v2\/posts\/47692\/revisions"}],"predecessor-version":[{"id":47693,"href":"https:\/\/aprendizdomundo.com\/portal\/wp-json\/wp\/v2\/posts\/47692\/revisions\/47693"}],"wp:featuredmedia":[{"embeddable":true,"href":"https:\/\/aprendizdomundo.com\/portal\/wp-json\/wp\/v2\/media\/47452"}],"wp:attachment":[{"href":"https:\/\/aprendizdomundo.com\/portal\/wp-json\/wp\/v2\/media?parent=47692"}],"wp:term":[{"taxonomy":"category","embeddable":true,"href":"https:\/\/aprendizdomundo.com\/portal\/wp-json\/wp\/v2\/categories?post=47692"},{"taxonomy":"post_tag","embeddable":true,"href":"https:\/\/aprendizdomundo.com\/portal\/wp-json\/wp\/v2\/tags?post=47692"}],"curies":[{"name":"wp","href":"https:\/\/api.w.org\/{rel}","templated":true}]}}