{"id":47700,"date":"2025-07-01T07:00:36","date_gmt":"2025-07-01T10:00:36","guid":{"rendered":"https:\/\/aprendizdomundo.com\/portal\/?p=47700"},"modified":"2025-06-27T10:42:06","modified_gmt":"2025-06-27T13:42:06","slug":"atracaonacionalnaunifm1719","status":"publish","type":"post","link":"https:\/\/aprendizdomundo.com\/portal\/2025\/07\/01\/atracaonacionalnaunifm1719\/","title":{"rendered":"SalDoce na Uni FM nesta ter\u00e7a, 01\/07"},"content":{"rendered":"<p>Acompanhe o <strong>Atra\u00e7\u00e3o Nacional<\/strong> de hoje, a partir das <strong>22h00<\/strong>, pela <strong><a title=\"R\u00e1dio Uni FM\" href=\"https:\/\/www.ufsm.br\/radio\" target=\"_blank\" rel=\"noopener\">R\u00e1dio Uni FM<\/a><\/strong>.<\/p>\n<p><img fetchpriority=\"high\" decoding=\"async\" title=\"SalDoce\" class=\"alignleft\" src=\"https:\/\/aprendizdomundo.com\/imagens2\/at_saldoce.jpg\" alt=\"SalDoce\" width=\"320\" height=\"320\" \/>A audi\u00e7\u00e3o desta noite destaca mais um nome do nosso elenco, tocando a obra gravada do duo <strong>SalDoce<\/strong>. Sediada na cidade do Rio de Janeiro, a SalDoce \u00e9 um trio carioca que combina o pop leve com elementos da MPB. Re\u00fane as jovens Brenda Luce, Fernanda Francis e Marianna Eis. A estreia discogr\u00e1fica aconteceu em 2020, com o lan\u00e7amento dos singles Meu Dengo, Te Amo \u00e0 Be\u00e7a, SalDoce, Rua Sem Sa\u00edda e Despedida.<\/p>\n<p>A <strong>playlist<\/strong> que vamos ouvir \u00e9 a seguinte:<\/p>\n<p>Meu Dengo<br \/>\nFase de N\u00f3s Dois, com participa\u00e7\u00e3o de Gabriel Gonti<br \/>\nDuvideod\u00f3<br \/>\nRua Sem Sa\u00edda<br \/>\nAquieta o Facho, com participa\u00e7\u00e3o de Buchecha<br \/>\nRua dos Namorados<br \/>\nCambalhota<br \/>\nTe Amo \u00e0 Be\u00e7a<br \/>\nUm Milh\u00e3o e Meio, com participa\u00e7\u00e3o de George Israel<br \/>\nDespedida<br \/>\nQuerendo te Beijar, com participa\u00e7\u00e3o de Clara Valverde<br \/>\nCupido<br \/>\n\u00c0 Flor da Pele<br \/>\nSalDoce<br \/>\nFiz um Xote, com participa\u00e7\u00e3o de Eu Trovador<br \/>\nT\u00f4 Caidinha<br \/>\nAi Que Saudade<br \/>\nCamomila, com participa\u00e7\u00e3o de Tritom<br \/>\nMeu Dengo, na vers\u00e3o ao vivo do Som na Lata<br \/>\nFase de N\u00f3s Dois, na vers\u00e3o ao vivo do Som na Lata<\/p>\n<p>O <strong>Atra\u00e7\u00e3o Nacional<\/strong> vai ao ar pela <strong>Uni FM<\/strong>, de segunda a sexta, na faixa das 22h00 \u00e0s 23h00. A curadoria de elenco, dire\u00e7\u00e3o, pesquisa, produ\u00e7\u00e3o, sele\u00e7\u00e3o de repert\u00f3rio, reda\u00e7\u00e3o de texto, apresenta\u00e7\u00e3o e edi\u00e7\u00e3o \u00e9 de <strong><a title=\"Milton Oliveira\" target=\"_blank\" rel=\"noopener\" href=\"https:\/\/aprendizdomundo.com\/miltonoliveira\">Milton Oliveira<\/a><\/strong>.<\/p>\n<p>O programa pode ser ouvido pelos <strong>107.9 FM<\/strong>; pela home page da emissora, em <strong><a title=\"R\u00e1dio Uni FM\" href=\"https:\/\/www.ufsm.br\/radio\" target=\"_blank\" rel=\"noopener\">ufsm.br\/radio<\/a><\/strong>; ou pelo smartphone, acessando seu aplicativo favorito.<\/p>\n<p>O <strong>Atra\u00e7\u00e3o Nacional<\/strong> tamb\u00e9m \u00e9 veiculado pela <strong><a title=\"R\u00e1dio Universidade AM\" href=\"https:\/\/www.ufsm.br\/radio\" target=\"_blank\" rel=\"noopener\">Universidade 800 AM<\/a><\/strong>, de segunda a sexta, na faixa das 20h00 \u00e0s 21h00; pela <strong><a title=\"Resonance R\u00e1dio\" href=\"http:\/\/www.resonanceradio.com.br\/\" target=\"_blank\" rel=\"noopener\">Resonance R\u00e1dio<\/a><\/strong>, todo domingo, na faixa das 18h00 \u00e0s 19h00; e pela <strong><a title=\"R\u00e1dio Bloco\" href=\"http:\/\/www.radiobloco.net\/\" target=\"_blank\" rel=\"noopener\">R\u00e1dio Bloco<\/a><\/strong>, toda ter\u00e7a, na faixa das 17h00 \u00e0s 18h00. As audi\u00e7\u00f5es n\u00e3o s\u00e3o vinculadas, os destaques s\u00e3o sempre diferentes em cada emissora.<\/p>\n<p>Curta a fanpage do nosso programa em <strong><strong><a href=\"http:\/\/www.facebook.com\/atracaonacional\" target=\"_blank\" rel=\"noopener\" title=\"Atra\u00e7\u00e3o Nacional no Facebook\">facebook.com\/atracaonacional<\/a><\/strong><\/strong>.<\/p>\n","protected":false},"excerpt":{"rendered":"<p>Acompanhe o Atra\u00e7\u00e3o Nacional de hoje, a partir das 22h00, pela R\u00e1dio Uni FM. A audi\u00e7\u00e3o desta noite destaca mais um nome do nosso elenco, tocando a obra gravada do duo SalDoce. Sediada na cidade do Rio de Janeiro, a SalDoce \u00e9 um trio carioca que combina o pop leve com elementos da MPB. Re\u00fane [&#8230;] <\/p>\n<p class=\"more-link-container\"><a href=\"https:\/\/aprendizdomundo.com\/portal\/2025\/07\/01\/atracaonacionalnaunifm1719\/\" class=\"more-link\">Read More<span class=\"screen-reader-text\"> &#8220;SalDoce na Uni FM nesta ter\u00e7a, 01\/07&#8221;<\/span><\/a><\/p>\n","protected":false},"author":1,"featured_media":47452,"comment_status":"closed","ping_status":"closed","sticky":false,"template":"","format":"standard","meta":{"_eb_attr":"","footnotes":""},"categories":[4],"tags":[49],"class_list":["post-47700","post","type-post","status-publish","format-standard","has-post-thumbnail","hentry","category-atracao","tag-musica-do-brasil"],"nelio_content":{"autoShareEndMode":"never","automationSources":{"useCustomSentences":false,"customSentences":[]},"efiAlt":"","efiUrl":"","followers":[1],"highlights":[],"isAutoShareEnabled":true,"networkImageIds":[],"permalinkQueryArgs":[],"series":[],"suggestedReferences":[]},"_links":{"self":[{"href":"https:\/\/aprendizdomundo.com\/portal\/wp-json\/wp\/v2\/posts\/47700","targetHints":{"allow":["GET"]}}],"collection":[{"href":"https:\/\/aprendizdomundo.com\/portal\/wp-json\/wp\/v2\/posts"}],"about":[{"href":"https:\/\/aprendizdomundo.com\/portal\/wp-json\/wp\/v2\/types\/post"}],"author":[{"embeddable":true,"href":"https:\/\/aprendizdomundo.com\/portal\/wp-json\/wp\/v2\/users\/1"}],"replies":[{"embeddable":true,"href":"https:\/\/aprendizdomundo.com\/portal\/wp-json\/wp\/v2\/comments?post=47700"}],"version-history":[{"count":1,"href":"https:\/\/aprendizdomundo.com\/portal\/wp-json\/wp\/v2\/posts\/47700\/revisions"}],"predecessor-version":[{"id":47701,"href":"https:\/\/aprendizdomundo.com\/portal\/wp-json\/wp\/v2\/posts\/47700\/revisions\/47701"}],"wp:featuredmedia":[{"embeddable":true,"href":"https:\/\/aprendizdomundo.com\/portal\/wp-json\/wp\/v2\/media\/47452"}],"wp:attachment":[{"href":"https:\/\/aprendizdomundo.com\/portal\/wp-json\/wp\/v2\/media?parent=47700"}],"wp:term":[{"taxonomy":"category","embeddable":true,"href":"https:\/\/aprendizdomundo.com\/portal\/wp-json\/wp\/v2\/categories?post=47700"},{"taxonomy":"post_tag","embeddable":true,"href":"https:\/\/aprendizdomundo.com\/portal\/wp-json\/wp\/v2\/tags?post=47700"}],"curies":[{"name":"wp","href":"https:\/\/api.w.org\/{rel}","templated":true}]}}