{"id":47851,"date":"2025-07-20T06:00:49","date_gmt":"2025-07-20T09:00:49","guid":{"rendered":"https:\/\/aprendizdomundo.com\/portal\/?p=47851"},"modified":"2025-07-02T10:35:20","modified_gmt":"2025-07-02T13:35:20","slug":"atracaonacionalnaresonance379","status":"publish","type":"post","link":"https:\/\/aprendizdomundo.com\/portal\/2025\/07\/20\/atracaonacionalnaresonance379\/","title":{"rendered":"Joana Terra na Resonance neste domingo, 20\/07"},"content":{"rendered":"<p>Acompanhe o <strong>Atra\u00e7\u00e3o Nacional<\/strong> neste domingo, a partir das <strong>18h00<\/strong>, pela <strong><a title=\"Resonance R\u00e1dio\" href=\"http:\/\/www.resonanceradio.com.br\/\" target=\"_blank\" rel=\"noopener\">Resonance R\u00e1dio<\/a><\/strong>. Uma produ\u00e7\u00e3o original da <strong><a title=\"R\u00e1dio Universidade AM\" href=\"https:\/\/www.ufsm.br\/radio\" target=\"_blank\" rel=\"noopener\">R\u00e1dio Universidade AM<\/a><\/strong>.<\/p>\n<p><img fetchpriority=\"high\" decoding=\"async\" title=\"Joana Terra\" class=\"alignleft\" src=\"https:\/\/aprendizdomundo.com\/imagens\/an_joanaterra.jpg\" alt=\"Joana Terra\" width=\"320\" height=\"320\" \/>A audi\u00e7\u00e3o desta semana destaca mais um programa da S\u00e9rie Musicalidade, tocando a obra gravada de <strong>Joana Terra<\/strong>. A compositora, violonista e cantora baiana Joana Terra \u00e9 natural de Barra da Estiva, munic\u00edpio localizado na Chapada Diamantina. Na sua forma\u00e7\u00e3o tem gradua\u00e7\u00f5es em M\u00fasica e Canto Popular, pela Universidade Federal da Bahia. Come\u00e7ou sua carreira em 2004, ano em que foi finalista do festival da R\u00e1dio Educadora da Bahia. De 2008 a 2013, participou do grupo Samba das Mo\u00e7as. A estreia em disco aconteceu em 2019, com o \u00e1lbum Vermelha. No ano seguinte, esse trabalho foi vencedor do Pr\u00eamio Gr\u00e3o de M\u00fasica.<\/p>\n<p>A <strong>playlist<\/strong> para hoje \u00e9 a seguinte:<\/p>\n<p>Feito Raio<br \/>\nRima Rara<br \/>\nVoc\u00ea no Ar<br \/>\nMergulho<br \/>\nOutra Natureza, part. Juliano Holanda<br \/>\nVai<br \/>\nVoa Borboleta, part. Lui Coimbra e Nai\u00e1 da Cruz<br \/>\nMeu Karma<br \/>\nBai\u00e3o de Lembran\u00e7a, part. Z\u00e9 Manoel<br \/>\nC\u00edclica<br \/>\nTempo de Agora<br \/>\nClara<br \/>\nQueimando de Amor<br \/>\nChafariz<\/p>\n<p>O <strong>Atra\u00e7\u00e3o Nacional<\/strong> vai ao ar pela <strong>Resonance R\u00e1dio<\/strong>, todo domingo, na faixa das 18h00 \u00e0s 19h00. A dire\u00e7\u00e3o, pesquisa, produ\u00e7\u00e3o, sele\u00e7\u00e3o de repert\u00f3rio, reda\u00e7\u00e3o de texto, apresenta\u00e7\u00e3o e edi\u00e7\u00e3o \u00e9 de <strong><a title=\"Milton Oliveira\" target=\"_blank\" rel=\"noopener\" href=\"https:\/\/aprendizdomundo.com\/miltonoliveira\">Milton Oliveira<\/a><\/strong>.<\/p>\n<p>O programa pode ser ouvido pela home page da emissora, em <strong><a title=\"Resonance R\u00e1dio\" href=\"http:\/\/www.resonanceradio.com.br\/\" target=\"_blank\" rel=\"noopener\">www.resonanceradio.com.br<\/a><\/strong>, ou pelo smartphone, acessando seu aplicativo favorito.<\/p>\n<p>O <strong>Atra\u00e7\u00e3o Nacional<\/strong> tamb\u00e9m \u00e9 veiculado pela <strong><a title=\"R\u00e1dio Universidade AM\" href=\"https:\/\/www.ufsm.br\/radio\" target=\"_blank\" rel=\"noopener\">Universidade 800 AM<\/a><\/strong>, de segunda a sexta, na faixa das 20h00 \u00e0s 21h00; pela <strong><a title=\"R\u00e1dio Uni FM\" href=\"https:\/\/www.ufsm.br\/radio\" target=\"_blank\" rel=\"noopener\">Uni FM 107.9<\/a><\/strong>, de segunda a sexta, na faixa das 22h00 \u00e0s 23h00; e pela <strong><a title=\"R\u00e1dio Bloco\" href=\"http:\/\/www.radiobloco.net\/\" target=\"_blank\" rel=\"noopener\">R\u00e1dio Bloco<\/a><\/strong>, toda ter\u00e7a, na faixa das 17h00 \u00e0s 18h00. As audi\u00e7\u00f5es n\u00e3o s\u00e3o vinculadas, os destaques s\u00e3o sempre diferentes em cada emissora.<\/p>\n<p>Curta a fanpage do nosso programa em <strong><strong><a href=\"http:\/\/www.facebook.com\/atracaonacional\" target=\"_blank\" rel=\"noopener\" title=\"Atra\u00e7\u00e3o Nacional no Facebook\">facebook.com\/atracaonacional<\/a><\/strong><\/strong>.<\/p>\n","protected":false},"excerpt":{"rendered":"<p>Acompanhe o Atra\u00e7\u00e3o Nacional neste domingo, a partir das 18h00, pela Resonance R\u00e1dio. Uma produ\u00e7\u00e3o original da R\u00e1dio Universidade AM. A audi\u00e7\u00e3o desta semana destaca mais um programa da S\u00e9rie Musicalidade, tocando a obra gravada de Joana Terra. A compositora, violonista e cantora baiana Joana Terra \u00e9 natural de Barra da Estiva, munic\u00edpio localizado na [&#8230;] <\/p>\n<p class=\"more-link-container\"><a href=\"https:\/\/aprendizdomundo.com\/portal\/2025\/07\/20\/atracaonacionalnaresonance379\/\" class=\"more-link\">Read More<span class=\"screen-reader-text\"> &#8220;Joana Terra na Resonance neste domingo, 20\/07&#8221;<\/span><\/a><\/p>\n","protected":false},"author":1,"featured_media":47452,"comment_status":"closed","ping_status":"closed","sticky":false,"template":"","format":"standard","meta":{"_eb_attr":"","footnotes":""},"categories":[4],"tags":[49],"class_list":["post-47851","post","type-post","status-publish","format-standard","has-post-thumbnail","hentry","category-atracao","tag-musica-do-brasil"],"nelio_content":{"autoShareEndMode":"never","automationSources":{"useCustomSentences":false,"customSentences":[]},"efiAlt":"","efiUrl":"","followers":[1],"highlights":[],"isAutoShareEnabled":true,"networkImageIds":[],"permalinkQueryArgs":[],"series":[],"suggestedReferences":[]},"_links":{"self":[{"href":"https:\/\/aprendizdomundo.com\/portal\/wp-json\/wp\/v2\/posts\/47851","targetHints":{"allow":["GET"]}}],"collection":[{"href":"https:\/\/aprendizdomundo.com\/portal\/wp-json\/wp\/v2\/posts"}],"about":[{"href":"https:\/\/aprendizdomundo.com\/portal\/wp-json\/wp\/v2\/types\/post"}],"author":[{"embeddable":true,"href":"https:\/\/aprendizdomundo.com\/portal\/wp-json\/wp\/v2\/users\/1"}],"replies":[{"embeddable":true,"href":"https:\/\/aprendizdomundo.com\/portal\/wp-json\/wp\/v2\/comments?post=47851"}],"version-history":[{"count":1,"href":"https:\/\/aprendizdomundo.com\/portal\/wp-json\/wp\/v2\/posts\/47851\/revisions"}],"predecessor-version":[{"id":47852,"href":"https:\/\/aprendizdomundo.com\/portal\/wp-json\/wp\/v2\/posts\/47851\/revisions\/47852"}],"wp:featuredmedia":[{"embeddable":true,"href":"https:\/\/aprendizdomundo.com\/portal\/wp-json\/wp\/v2\/media\/47452"}],"wp:attachment":[{"href":"https:\/\/aprendizdomundo.com\/portal\/wp-json\/wp\/v2\/media?parent=47851"}],"wp:term":[{"taxonomy":"category","embeddable":true,"href":"https:\/\/aprendizdomundo.com\/portal\/wp-json\/wp\/v2\/categories?post=47851"},{"taxonomy":"post_tag","embeddable":true,"href":"https:\/\/aprendizdomundo.com\/portal\/wp-json\/wp\/v2\/tags?post=47851"}],"curies":[{"name":"wp","href":"https:\/\/api.w.org\/{rel}","templated":true}]}}