{"id":47855,"date":"2025-07-05T06:00:12","date_gmt":"2025-07-05T09:00:12","guid":{"rendered":"https:\/\/aprendizdomundo.com\/portal\/?p=47855"},"modified":"2025-07-02T10:39:09","modified_gmt":"2025-07-02T13:39:09","slug":"calhandranativa200","status":"publish","type":"post","link":"https:\/\/aprendizdomundo.com\/portal\/2025\/07\/05\/calhandranativa200\/","title":{"rendered":"Calhandra Nativa na Universidade AM neste s\u00e1bado, 05\/07"},"content":{"rendered":"<p><img fetchpriority=\"high\" decoding=\"async\" class=\"alignleft\" title=\"Calhandra Nativa\" src=\"https:\/\/aprendizdomundo.com\/imagens\/marca800_calhandra.png\" alt=\"Calhandra Nativa\" width=\"320\" height=\"320\" \/>Acompanhe a audi\u00e7\u00e3o 200 do <strong>Calhandra Nativa<\/strong> neste s\u00e1bado, a partir das <strong>17h00<\/strong>, pela <strong>R\u00e1dio Universidade AM<\/strong>.<\/p>\n<p>A sele\u00e7\u00e3o de m\u00fasicas escolhidas para a audi\u00e7\u00e3o desta semana \u00e9 a seguinte:<\/p>\n<p>Dante Ramon Ledesma &#8211; Pampa do Amanh\u00e3<br \/>\nGrupo Quero-Quero &#8211; Entrando no M&#8217;boror\u00e9<br \/>\nLuiz Carlos Borges &#8211; Vidro dos Olhos<br \/>\nWalther Morais &#8211; J\u00e1 Vem no Sangue<br \/>\nLeopoldo Rassier e Vin\u00edcius Brum &#8211; Veterano<br \/>\nC\u00e9sar Passarinho &#8211; Negro de 35<br \/>\nMaur\u00edcio Barcellos &#8211; Cativo<br \/>\nMiguel Marques &#8211; Atirado as Tra\u00e7as<br \/>\nLeonardo Paim &#8211; Nalgum Lugar do Corredor<br \/>\nOs Serranos &#8211; Gineteando um Chamam\u00e9<br \/>\nJuliana Spanevello &#8211; Cirandas<br \/>\nLuiz Marenco &#8211; Bailongo no Mato Grande<br \/>\nCristiano Quevedo &#8211; Luzeiros<br \/>\nC\u00e9sar Smaniotto &#8211; Na Moldura da Janela<br \/>\nPirisca Grecco &#8211; Romance de Fronteira<br \/>\nC\u00e9sar Oliveira e Rog\u00e9rio Melo &#8211; L\u00e1 na Fronteira<br \/>\nCristiano Fantinel &#8211; Campeando Dan\u00e7a e Namoro<br \/>\nC\u00e9sar Lindemeyer &#8211; \u00c1guas Vermelhas<br \/>\nAninha Pires &#8211; Jardim em Flor<br \/>\nRui Biriva &#8211; Canto Alegretense<br \/>\nGrupo Ra\u00e7a Nativa &#8211; A Volta do Negro da Gaita<br \/>\nPaullo Costa &#8211; Um Quadro da Est\u00e2ncia<br \/>\nGrupo Parceria &#8211; Canto Farrapo<br \/>\nFl\u00e1vio Hanssen e Matheus Leal &#8211; Mate Novo<br \/>\nNilton Ferreira &#8211; No Tilintar das Pedras<br \/>\nJoca Martins &#8211; De Quando um Centauro Renasceu<br \/>\nAdair de Freitas e Cristiano Fantinel &#8211; Firmando o Tutano, em vers\u00e3o ao vivo<br \/>\nF\u00e1tima Gimenez &#8211; Trigal Maduro<br \/>\nCenair Maic\u00e1 &#8211; Meu Canto<br \/>\nL\u00e9o Almeida &#8211; Briga de Touros<br \/>\nMaria Luiza Benitez &#8211; Orelhano<br \/>\nJari Terres &#8211; Em Recoluta<br \/>\nEri Cortes &#8211; Sob o Manto do Temporal<br \/>\nErnesto Fagundes &#8211; Guri<br \/>\n\u00c9rlon P\u00e9ricles &#8211; Voltando pra Casa<br \/>\nJo\u00e3o Chagas Leite &#8211; Alerta de Sangue<br \/>\n\u00c2ngelo Franco &#8211; Pra Cachorrada da Est\u00e2ncia<br \/>\nChico Paim &#8211; Alma Galponeira<br \/>\nChico Saratt &#8211; Estrada do Sul<br \/>\nNeto Fagundes &#8211; Chamamecero<br \/>\nHoracio Bittencourt e Nilton Ferreira &#8211; Entre Mates e Guitarras<br \/>\nValdomiro Maic\u00e1 &#8211; Rio do Contrabando<br \/>\nJos\u00e9 Cl\u00e1udio Machado &#8211; Chasque Para Dom Munhoz<\/p>\n<p><strong><a title=\"Calhandra Nativa\" href=\"https:\/\/aprendizdomundo.com\/portal\/radio\/programas\/calhandra\/\">Calhandra Nativa<\/a><\/strong> \u00e9 um programa dedicado exclusivamente \u00e0 execu\u00e7\u00e3o de can\u00e7\u00f5es nativistas ga\u00fachas.<\/p>\n<p>A atra\u00e7\u00e3o vai ao ar pela <strong>Universidade AM<\/strong>, todo s\u00e1bado, na faixa das 17h00 \u00e0s 20h00. A pesquisa, produ\u00e7\u00e3o, sele\u00e7\u00e3o de repert\u00f3rio e edi\u00e7\u00e3o \u00e9 de <strong><a title=\"Milton Oliveira\" target=\"_blank\" rel=\"noopener\" href=\"https:\/\/aprendizdomundo.com\/miltonoliveira\">Milton Oliveira<\/a><\/strong>.<\/p>\n<p>O programa pode ser ouvido pelos <strong>800 AM<\/strong>, pelo <strong><a title=\"R\u00e1dio Universidade AM\" href=\"https:\/\/www.ufsm.br\/radio\" target=\"_blank\" rel=\"noopener\">site da emissora<\/a><\/strong> ou pelo smartphone, acessando seu aplicativo favorito.<\/p>\n","protected":false},"excerpt":{"rendered":"<p>Acompanhe a audi\u00e7\u00e3o 200 do Calhandra Nativa neste s\u00e1bado, a partir das 17h00, pela R\u00e1dio Universidade AM. A sele\u00e7\u00e3o de m\u00fasicas escolhidas para a audi\u00e7\u00e3o desta semana \u00e9 a seguinte: Dante Ramon Ledesma &#8211; Pampa do Amanh\u00e3 Grupo Quero-Quero &#8211; Entrando no M&#8217;boror\u00e9 Luiz Carlos Borges &#8211; Vidro dos Olhos Walther Morais &#8211; J\u00e1 Vem [&#8230;] <\/p>\n<p class=\"more-link-container\"><a href=\"https:\/\/aprendizdomundo.com\/portal\/2025\/07\/05\/calhandranativa200\/\" class=\"more-link\">Read More<span class=\"screen-reader-text\"> &#8220;Calhandra Nativa na Universidade AM neste s\u00e1bado, 05\/07&#8221;<\/span><\/a><\/p>\n","protected":false},"author":1,"featured_media":47451,"comment_status":"closed","ping_status":"closed","sticky":false,"template":"","format":"standard","meta":{"_eb_attr":"","footnotes":""},"categories":[7],"tags":[56],"class_list":["post-47855","post","type-post","status-publish","format-standard","has-post-thumbnail","hentry","category-calhandra","tag-musica-nativista"],"nelio_content":{"autoShareEndMode":"never","automationSources":{"useCustomSentences":false,"customSentences":[]},"efiAlt":"","efiUrl":"","followers":[1],"highlights":[],"isAutoShareEnabled":true,"networkImageIds":[],"permalinkQueryArgs":[],"series":[],"suggestedReferences":[]},"_links":{"self":[{"href":"https:\/\/aprendizdomundo.com\/portal\/wp-json\/wp\/v2\/posts\/47855","targetHints":{"allow":["GET"]}}],"collection":[{"href":"https:\/\/aprendizdomundo.com\/portal\/wp-json\/wp\/v2\/posts"}],"about":[{"href":"https:\/\/aprendizdomundo.com\/portal\/wp-json\/wp\/v2\/types\/post"}],"author":[{"embeddable":true,"href":"https:\/\/aprendizdomundo.com\/portal\/wp-json\/wp\/v2\/users\/1"}],"replies":[{"embeddable":true,"href":"https:\/\/aprendizdomundo.com\/portal\/wp-json\/wp\/v2\/comments?post=47855"}],"version-history":[{"count":1,"href":"https:\/\/aprendizdomundo.com\/portal\/wp-json\/wp\/v2\/posts\/47855\/revisions"}],"predecessor-version":[{"id":47856,"href":"https:\/\/aprendizdomundo.com\/portal\/wp-json\/wp\/v2\/posts\/47855\/revisions\/47856"}],"wp:featuredmedia":[{"embeddable":true,"href":"https:\/\/aprendizdomundo.com\/portal\/wp-json\/wp\/v2\/media\/47451"}],"wp:attachment":[{"href":"https:\/\/aprendizdomundo.com\/portal\/wp-json\/wp\/v2\/media?parent=47855"}],"wp:term":[{"taxonomy":"category","embeddable":true,"href":"https:\/\/aprendizdomundo.com\/portal\/wp-json\/wp\/v2\/categories?post=47855"},{"taxonomy":"post_tag","embeddable":true,"href":"https:\/\/aprendizdomundo.com\/portal\/wp-json\/wp\/v2\/tags?post=47855"}],"curies":[{"name":"wp","href":"https:\/\/api.w.org\/{rel}","templated":true}]}}