{"id":47911,"date":"2025-07-19T00:01:39","date_gmt":"2025-07-19T03:01:39","guid":{"rendered":"https:\/\/aprendizdomundo.com\/portal\/?p=47911"},"modified":"2025-07-02T11:01:12","modified_gmt":"2025-07-02T14:01:12","slug":"geracaobrasileira292","status":"publish","type":"post","link":"https:\/\/aprendizdomundo.com\/portal\/2025\/07\/19\/geracaobrasileira292\/","title":{"rendered":"Gera\u00e7\u00e3o Brasileira nos 800 AM neste s\u00e1bado, 19\/07"},"content":{"rendered":"<p><img fetchpriority=\"high\" decoding=\"async\" class=\"alignleft\" title=\"Gera\u00e7\u00e3o Brasileira\" src=\"https:\/\/aprendizdomundo.com\/imagens\/marca800_geracaobrasileira.png\" alt=\"Gera\u00e7\u00e3o Brasileira\" width=\"320\" height=\"320\" \/>Acompanhe o <strong>Gera\u00e7\u00e3o Brasileira<\/strong> neste s\u00e1bado, a partir das <strong>07h00<\/strong>, pela <strong>R\u00e1dio Universidade AM<\/strong>.<\/p>\n<p>A audi\u00e7\u00e3o desta semana re\u00fane o seguinte repert\u00f3rio:<\/p>\n<p>Leno e Lilian &#8211; Pobre Menina<br \/>\nCidade Negra &#8211; Pensamento<br \/>\nJota Quest &#8211; Encontrar Algu\u00e9m<br \/>\nElis Regina &#8211; Se Eu Quiser Falar Com Deus<br \/>\nAnt\u00f4nio Carlos e Jocafi &#8211; Morte do Amor<br \/>\nBezerra da Silva &#8211; Malandragem d\u00e1 um Tempo<br \/>\nOs Originais do Samba &#8211; Falador Passa Mal<br \/>\nTim Maia &#8211; Telefone<br \/>\nGal Costa &#8211; Inquieta\u00e7\u00e3o<br \/>\nAlceu Valen\u00e7a &#8211; Cana Caiana<br \/>\nNetinho &#8211; Happy Hour<br \/>\nRoupa Nova &#8211; Whisky a Go-Go<br \/>\nCaetano Veloso &#8211; Trilhos Urbanos<br \/>\nOs Imposs\u00edveis &#8211; Obla-di Obla-da<br \/>\nGilliard &#8211; Como Posso te Chamar de Amiga se Chamei de Amor<br \/>\nVeronica Sabino &#8211; \u00c0s Vezes Nunca<br \/>\nCl\u00e1udia e Zimbo Trio &#8211; Upa Neguinho<br \/>\nPepeu Gomes &#8211; No C\u00e9u do Arpoador<br \/>\nAngelica e Toquinho &#8211; Aquarela<br \/>\nRonnie Cord &#8211; Pera Madura<br \/>\nMPB-4 &#8211; Cicatrizes<br \/>\nNey Matogrosso &#8211; Seu Tipo<br \/>\nHerva Doce &#8211; Sai de Mim<br \/>\nR\u00e1dio T\u00e1xi &#8211; Bailarina<br \/>\nWanderl\u00e9a &#8211; Foi Assim<br \/>\nNovos Baianos &#8211; Brasil Pandeiro<br \/>\nZeca Pagodinho &#8211; Posso At\u00e9 me Apaixonar<br \/>\nTigres de Bengala &#8211; Estrela do Mar<br \/>\nChico da Silva &#8211; T\u00e1 Queimando<br \/>\nMilton Banana Trio &#8211; Tombar Caminh\u00e3o<br \/>\nCelly Campello &#8211; Mar de Rosas<br \/>\nMartinho da Vila &#8211; Balan\u00e7a Povo<br \/>\nJane Duboc &#8211; Capim<\/p>\n<p><strong><a title=\"Gera\u00e7\u00e3o Brasileira\" href=\"https:\/\/aprendizdomundo.com\/portal\/radio\/programas\/geracao\/\">Gera\u00e7\u00e3o Brasileira<\/a><\/strong> \u00e9 um programa voltado \u00e0 execu\u00e7\u00e3o de can\u00e7\u00f5es brasileiras contempor\u00e2neas, reunindo sucessos das d\u00e9cadas de 1960 a 1990.<\/p>\n<p>A atra\u00e7\u00e3o vai ao ar pela <strong>Universidade AM<\/strong>, todo s\u00e1bado, na faixa das 07h00 \u00e0s 09h00. A pesquisa, produ\u00e7\u00e3o, sele\u00e7\u00e3o de repert\u00f3rio e edi\u00e7\u00e3o \u00e9 de <strong><a title=\"Milton Oliveira\" target=\"_blank\" rel=\"noopener\" href=\"https:\/\/aprendizdomundo.com\/miltonoliveira\">Milton Oliveira<\/a><\/strong>.<\/p>\n<p>O programa pode ser ouvido pelos <strong>800 AM<\/strong>, pelo <strong><a title=\"R\u00e1dio Universidade AM\" href=\"https:\/\/www.ufsm.br\/radio\" target=\"_blank\" rel=\"noopener\">site da emissora<\/a><\/strong> ou pelo smartphone, acessando seu aplicativo favorito.<\/p>\n","protected":false},"excerpt":{"rendered":"<p>Acompanhe o Gera\u00e7\u00e3o Brasileira neste s\u00e1bado, a partir das 07h00, pela R\u00e1dio Universidade AM. A audi\u00e7\u00e3o desta semana re\u00fane o seguinte repert\u00f3rio: Leno e Lilian &#8211; Pobre Menina Cidade Negra &#8211; Pensamento Jota Quest &#8211; Encontrar Algu\u00e9m Elis Regina &#8211; Se Eu Quiser Falar Com Deus Ant\u00f4nio Carlos e Jocafi &#8211; Morte do Amor Bezerra [&#8230;] <\/p>\n<p class=\"more-link-container\"><a href=\"https:\/\/aprendizdomundo.com\/portal\/2025\/07\/19\/geracaobrasileira292\/\" class=\"more-link\">Read More<span class=\"screen-reader-text\"> &#8220;Gera\u00e7\u00e3o Brasileira nos 800 AM neste s\u00e1bado, 19\/07&#8221;<\/span><\/a><\/p>\n","protected":false},"author":1,"featured_media":47446,"comment_status":"closed","ping_status":"closed","sticky":false,"template":"","format":"standard","meta":{"_eb_attr":"","footnotes":""},"categories":[14],"tags":[32],"class_list":["post-47911","post","type-post","status-publish","format-standard","has-post-thumbnail","hentry","category-geracaobrasileira","tag-cancoes-do-brasil"],"nelio_content":{"autoShareEndMode":"never","automationSources":{"useCustomSentences":false,"customSentences":[]},"efiAlt":"","efiUrl":"","followers":[1],"highlights":[],"isAutoShareEnabled":true,"networkImageIds":[],"permalinkQueryArgs":[],"series":[],"suggestedReferences":[]},"_links":{"self":[{"href":"https:\/\/aprendizdomundo.com\/portal\/wp-json\/wp\/v2\/posts\/47911","targetHints":{"allow":["GET"]}}],"collection":[{"href":"https:\/\/aprendizdomundo.com\/portal\/wp-json\/wp\/v2\/posts"}],"about":[{"href":"https:\/\/aprendizdomundo.com\/portal\/wp-json\/wp\/v2\/types\/post"}],"author":[{"embeddable":true,"href":"https:\/\/aprendizdomundo.com\/portal\/wp-json\/wp\/v2\/users\/1"}],"replies":[{"embeddable":true,"href":"https:\/\/aprendizdomundo.com\/portal\/wp-json\/wp\/v2\/comments?post=47911"}],"version-history":[{"count":1,"href":"https:\/\/aprendizdomundo.com\/portal\/wp-json\/wp\/v2\/posts\/47911\/revisions"}],"predecessor-version":[{"id":47912,"href":"https:\/\/aprendizdomundo.com\/portal\/wp-json\/wp\/v2\/posts\/47911\/revisions\/47912"}],"wp:featuredmedia":[{"embeddable":true,"href":"https:\/\/aprendizdomundo.com\/portal\/wp-json\/wp\/v2\/media\/47446"}],"wp:attachment":[{"href":"https:\/\/aprendizdomundo.com\/portal\/wp-json\/wp\/v2\/media?parent=47911"}],"wp:term":[{"taxonomy":"category","embeddable":true,"href":"https:\/\/aprendizdomundo.com\/portal\/wp-json\/wp\/v2\/categories?post=47911"},{"taxonomy":"post_tag","embeddable":true,"href":"https:\/\/aprendizdomundo.com\/portal\/wp-json\/wp\/v2\/tags?post=47911"}],"curies":[{"name":"wp","href":"https:\/\/api.w.org\/{rel}","templated":true}]}}