{"id":48075,"date":"2025-07-14T17:59:31","date_gmt":"2025-07-14T20:59:31","guid":{"rendered":"https:\/\/aprendizdomundo.com\/portal\/?p=48075"},"modified":"2025-07-02T17:59:54","modified_gmt":"2025-07-02T20:59:54","slug":"sarandeio3006","status":"publish","type":"post","link":"https:\/\/aprendizdomundo.com\/portal\/2025\/07\/14\/sarandeio3006\/","title":{"rendered":"Sarandeio no amanhecer da Universidade AM, 15\/07"},"content":{"rendered":"<p><img fetchpriority=\"high\" decoding=\"async\" class=\"alignleft\" title=\"Sarandeio\" src=\"https:\/\/aprendizdomundo.com\/imagens\/sarandeio_d01.png\" alt=\"Sarandeio\" width=\"320\" height=\"320\" \/>Acompanhe o <strong>Sarandeio<\/strong> na pr\u00f3xima madrugada, a partir das <strong>05h00<\/strong>, pela <strong><a title=\"R\u00e1dio Universidade AM\" href=\"https:\/\/www.ufsm.br\/radio\" target=\"_blank\" rel=\"noopener\">R\u00e1dio Universidade AM<\/a><\/strong>.<\/p>\n<p>A sele\u00e7\u00e3o musical vai destacar&#8230;<\/p>\n<p>Os Castilhenses &#8211; O Rio Grande Sou Eu<br \/>\nGrupo Candieiro &#8211; Lida e Saudade<br \/>\nSom Campeiro &#8211; Bugio do Fole Solto<br \/>\nMano Missioneiro &#8211; Aragano e Cabortero<br \/>\nGrupo Ra\u00e7a Nativa &#8211; Fandango de Fronteira<br \/>\nDe Lima e Leninha &#8211; Na Ponta dos Dedos<br \/>\nEco do Minuano &#8211; Toque de Gaita<br \/>\nOs Posteiros &#8211; Veterano<br \/>\nConjunto Fogo de Ch\u00e3o &#8211; Loco de Bem de Bem<br \/>\nOs Farrapos &#8211; Nos Tempos do Meu Av\u00f4<br \/>\nOs Vacarianos &#8211; Bugio da Vacaria<br \/>\nPaullo Costa &#8211; Romance com a Sogra<br \/>\nOs Monarcas &#8211; Rancho Sem Tramela<br \/>\nMarcello Caminha &#8211; Quando os Versos Vem Pras Casa<br \/>\nGrupo Marca\u00e7\u00e3o &#8211; Ginete, em vers\u00e3o ao vivo<br \/>\nDaniel Torres &#8211; Murro em Ponta de Faca<br \/>\nCandieiro &#8211; Bailanta do Fund\u00e3o<br \/>\nOs 4 Gaud\u00e9rios &#8211; Quanto ti Amo<br \/>\nOs Serranos &#8211; Ginete e Pico<br \/>\nEdinho Perlin &#8211; Domando pro Servi\u00e7o<br \/>\nGrupo Eco do Pampa &#8211; Limpa Banco<br \/>\nAnalise Severo &#8211; Da Semeadura dos Versos<br \/>\nJo\u00e3o Luiz Corr\u00eaa &#8211; Casinha Branca<br \/>\nChiquito e Bordoneio &#8211; O Rancho da Negra Minga<br \/>\nOs Cardeais &#8211; Jo\u00e3o Manduca<br \/>\nGarotos de Ouro &#8211; Meu Pago Sul<br \/>\nRa\u00e7a Fandangueira &#8211; Vaner\u00e3o Tipo Bicho<br \/>\nJorge Leal e Aroldo Torres &#8211; Batendo Orelha<br \/>\nGrupo Reponta\u00e7o &#8211; Dan\u00e7ando o Xote<br \/>\nSanto Ch\u00e3o &#8211; Fandango nos Rodrigues<br \/>\nGrupo Surunga\u00e7o &#8211; Chega de Lida<br \/>\nGrupo Ventania &#8211; Rio Pelotas<\/p>\n<p><strong><a title=\"Sarandeio\" href=\"https:\/\/aprendizdomundo.com\/portal\/radio\/programas\/sarandeio\/\">Sarandeio<\/a><\/strong> \u00e9 um programa dedicado \u00e0 m\u00fasica ga\u00facha, especialmente a vertente fandangueira. Re\u00fane can\u00e7\u00f5es de int\u00e9rpretes e grupos do Rio Grande do Sul e, tamb\u00e9m, artistas de outros estados que igualmente produzem m\u00fasica fandangueira.<\/p>\n<p>A atra\u00e7\u00e3o vai ao ar pela <strong>Universidade AM<\/strong>, todos os dias, na faixa das 05h00 \u00e0s 07h00. A pesquisa, produ\u00e7\u00e3o, sele\u00e7\u00e3o de repert\u00f3rio e edi\u00e7\u00e3o \u00e9 de <strong><a title=\"Milton Oliveira\" target=\"_blank\" rel=\"noopener\" href=\"https:\/\/aprendizdomundo.com\/miltonoliveira\">Milton Oliveira<\/a><\/strong>.<\/p>\n<p>O programa pode ser ouvido pelos <strong>800 AM<\/strong>, pelo <strong><a title=\"R\u00e1dio Universidade AM\" href=\"https:\/\/www.ufsm.br\/radio\" target=\"_blank\" rel=\"noopener\">site da emissora<\/a><\/strong> ou pelo smartphone, acessando seu aplicativo favorito.<\/p>\n","protected":false},"excerpt":{"rendered":"<p>Acompanhe o Sarandeio na pr\u00f3xima madrugada, a partir das 05h00, pela R\u00e1dio Universidade AM. A sele\u00e7\u00e3o musical vai destacar&#8230; Os Castilhenses &#8211; O Rio Grande Sou Eu Grupo Candieiro &#8211; Lida e Saudade Som Campeiro &#8211; Bugio do Fole Solto Mano Missioneiro &#8211; Aragano e Cabortero Grupo Ra\u00e7a Nativa &#8211; Fandango de Fronteira De Lima [&#8230;] <\/p>\n<p class=\"more-link-container\"><a href=\"https:\/\/aprendizdomundo.com\/portal\/2025\/07\/14\/sarandeio3006\/\" class=\"more-link\">Read More<span class=\"screen-reader-text\"> &#8220;Sarandeio no amanhecer da Universidade AM, 15\/07&#8221;<\/span><\/a><\/p>\n","protected":false},"author":1,"featured_media":47442,"comment_status":"closed","ping_status":"closed","sticky":false,"template":"","format":"standard","meta":{"_eb_attr":"","footnotes":""},"categories":[22],"tags":[51],"class_list":["post-48075","post","type-post","status-publish","format-standard","has-post-thumbnail","hentry","category-sarandeio","tag-sarandeio"],"nelio_content":{"autoShareEndMode":"never","automationSources":{"useCustomSentences":false,"customSentences":[]},"efiAlt":"","efiUrl":"","followers":[1],"highlights":[],"isAutoShareEnabled":true,"networkImageIds":[],"permalinkQueryArgs":[],"series":[],"suggestedReferences":[]},"_links":{"self":[{"href":"https:\/\/aprendizdomundo.com\/portal\/wp-json\/wp\/v2\/posts\/48075","targetHints":{"allow":["GET"]}}],"collection":[{"href":"https:\/\/aprendizdomundo.com\/portal\/wp-json\/wp\/v2\/posts"}],"about":[{"href":"https:\/\/aprendizdomundo.com\/portal\/wp-json\/wp\/v2\/types\/post"}],"author":[{"embeddable":true,"href":"https:\/\/aprendizdomundo.com\/portal\/wp-json\/wp\/v2\/users\/1"}],"replies":[{"embeddable":true,"href":"https:\/\/aprendizdomundo.com\/portal\/wp-json\/wp\/v2\/comments?post=48075"}],"version-history":[{"count":1,"href":"https:\/\/aprendizdomundo.com\/portal\/wp-json\/wp\/v2\/posts\/48075\/revisions"}],"predecessor-version":[{"id":48076,"href":"https:\/\/aprendizdomundo.com\/portal\/wp-json\/wp\/v2\/posts\/48075\/revisions\/48076"}],"wp:featuredmedia":[{"embeddable":true,"href":"https:\/\/aprendizdomundo.com\/portal\/wp-json\/wp\/v2\/media\/47442"}],"wp:attachment":[{"href":"https:\/\/aprendizdomundo.com\/portal\/wp-json\/wp\/v2\/media?parent=48075"}],"wp:term":[{"taxonomy":"category","embeddable":true,"href":"https:\/\/aprendizdomundo.com\/portal\/wp-json\/wp\/v2\/categories?post=48075"},{"taxonomy":"post_tag","embeddable":true,"href":"https:\/\/aprendizdomundo.com\/portal\/wp-json\/wp\/v2\/tags?post=48075"}],"curies":[{"name":"wp","href":"https:\/\/api.w.org\/{rel}","templated":true}]}}