{"id":48127,"date":"2025-07-18T06:00:12","date_gmt":"2025-07-18T09:00:12","guid":{"rendered":"https:\/\/aprendizdomundo.com\/portal\/?p=48127"},"modified":"2025-07-03T16:45:43","modified_gmt":"2025-07-03T19:45:43","slug":"atracaonacional1837","status":"publish","type":"post","link":"https:\/\/aprendizdomundo.com\/portal\/2025\/07\/18\/atracaonacional1837\/","title":{"rendered":"Juliano Gauche na Universidade AM nesta sexta, 18\/07"},"content":{"rendered":"<p>Acompanhe o <strong>Atra\u00e7\u00e3o Nacional<\/strong> de hoje, a partir das <strong>20h00<\/strong>, na programa\u00e7\u00e3o da <strong><a title=\"R\u00e1dio Universidade AM\" href=\"https:\/\/www.ufsm.br\/radio\" target=\"_blank\" rel=\"noopener\">R\u00e1dio Universidade AM<\/a><\/strong>.<\/p>\n<p><img fetchpriority=\"high\" decoding=\"async\" title=\"Juliano Gauche\" class=\"alignleft\" src=\"https:\/\/aprendizdomundo.com\/imagens2\/at_julianogauche.jpg\" alt=\"Juliano Gauche\" width=\"320\" height=\"320\" \/>A audi\u00e7\u00e3o desta noite destaca mais um nome do nosso elenco, tocando a obra gravada do cantor <strong>Juliano Gauche<\/strong>. O compositor, cantor e violonista Juliano Gauche nasceu em 1977 em Ecoporanga, munic\u00edpio do Esp\u00edrito Santo. Vive em S\u00e3o Paulo desde 2010. Aos dezessete anos, come\u00e7ou a tocar cl\u00e1ssicos do rock e m\u00fasicas pr\u00f3prias com amigos de escola. Em 2003, vivendo em Vit\u00f3ria, lan\u00e7ou o primeiro disco com sua banda Solana, com o t\u00edtulo Quanto Mais Pressa Mais Devagar. Depois lan\u00e7aria mais dois \u00e1lbuns com o Solana, Feliz Feliz, em 2008, e Veneza, em 2012. Depois investiu na carreira solo. A estreia discogr\u00e1fica solo aconteceu em 2013, com o lan\u00e7amento do \u00e1lbum Juliano Gauche.<\/p>\n<p>A <strong>playlist<\/strong> que vamos ouvir \u00e9 a seguinte:<\/p>\n<p>Nos C\u00e2nticos de L\u00e1<br \/>\nTem Dia Que \u00e9 Demais<br \/>\nAmor do Capeta<br \/>\nAlegre-se<br \/>\nLonge Enfim<br \/>\n\u00c9 Sempre Noite em Meu Cora\u00e7\u00e3o<br \/>\nSilmar Saraiva<br \/>\nPode se Deixar Levar<br \/>\nOndas<br \/>\nPra Festejar em Sil\u00eancio<br \/>\nOndas Que Acordam<br \/>\nO Clar\u00e3o<br \/>\nPeda\u00e7o de Mim<br \/>\nHoras Que Vem, Horas Que V\u00e3o<br \/>\nDos Cachorros Sisudos<br \/>\nMuito Esquisito<br \/>\nDesde Quando eu te Vi<\/p>\n<p>O <strong>Atra\u00e7\u00e3o Nacional<\/strong> vai ao ar pela <strong>Universidade AM<\/strong>, de segunda a sexta, na faixa das 20h00 \u00e0s 21h00. A curadoria de elenco, dire\u00e7\u00e3o, pesquisa, produ\u00e7\u00e3o, sele\u00e7\u00e3o de repert\u00f3rio, reda\u00e7\u00e3o de texto, apresenta\u00e7\u00e3o e edi\u00e7\u00e3o \u00e9 de <strong><a title=\"Milton Oliveira\" target=\"_blank\" rel=\"noopener\" href=\"https:\/\/aprendizdomundo.com\/miltonoliveira\">Milton Oliveira<\/a><\/strong>.<\/p>\n<p>O programa pode ser ouvido pelos <strong>800 AM<\/strong>; pela home page da emissora, em <strong><a title=\"R\u00e1dio Universidade AM\" href=\"https:\/\/www.ufsm.br\/radio\" target=\"_blank\" rel=\"noopener\">ufsm.br\/radio<\/a><\/strong>; ou pelo smartphone, acessando seu aplicativo favorito.<\/p>\n<p>O <strong>Atra\u00e7\u00e3o Nacional<\/strong> tamb\u00e9m \u00e9 veiculado pela <strong><a title=\"R\u00e1dio Uni FM\" href=\"https:\/\/www.ufsm.br\/radio\" target=\"_blank\" rel=\"noopener\">Uni FM 107.9<\/a><\/strong>, de segunda a sexta, na faixa das 22h00 \u00e0s 23h00; pela <strong><a title=\"Resonance R\u00e1dio\" href=\"http:\/\/www.resonanceradio.com.br\/\" target=\"_blank\" rel=\"noopener\">Resonance R\u00e1dio<\/a><\/strong>, todo domingo, na faixa das 18h00 \u00e0s 19h00; e pela <strong><a title=\"R\u00e1dio Bloco\" href=\"http:\/\/www.radiobloco.net\/\" target=\"_blank\" rel=\"noopener\">R\u00e1dio Bloco<\/a><\/strong>, toda ter\u00e7a, na faixa das 17h00 \u00e0s 18h00. As audi\u00e7\u00f5es n\u00e3o s\u00e3o vinculadas, os destaques s\u00e3o sempre diferentes em cada emissora.<\/p>\n<p>Curta a fanpage do nosso programa em <strong><strong><a href=\"http:\/\/www.facebook.com\/atracaonacional\" target=\"_blank\" rel=\"noopener\" title=\"Atra\u00e7\u00e3o Nacional no Facebook\">facebook.com\/atracaonacional<\/a><\/strong><\/strong>.<\/p>\n","protected":false},"excerpt":{"rendered":"<p>Acompanhe o Atra\u00e7\u00e3o Nacional de hoje, a partir das 20h00, na programa\u00e7\u00e3o da R\u00e1dio Universidade AM. A audi\u00e7\u00e3o desta noite destaca mais um nome do nosso elenco, tocando a obra gravada do cantor Juliano Gauche. O compositor, cantor e violonista Juliano Gauche nasceu em 1977 em Ecoporanga, munic\u00edpio do Esp\u00edrito Santo. Vive em S\u00e3o Paulo [&#8230;] <\/p>\n<p class=\"more-link-container\"><a href=\"https:\/\/aprendizdomundo.com\/portal\/2025\/07\/18\/atracaonacional1837\/\" class=\"more-link\">Read More<span class=\"screen-reader-text\"> &#8220;Juliano Gauche na Universidade AM nesta sexta, 18\/07&#8221;<\/span><\/a><\/p>\n","protected":false},"author":1,"featured_media":47452,"comment_status":"closed","ping_status":"closed","sticky":false,"template":"","format":"standard","meta":{"_eb_attr":"","footnotes":""},"categories":[4],"tags":[49],"class_list":["post-48127","post","type-post","status-publish","format-standard","has-post-thumbnail","hentry","category-atracao","tag-musica-do-brasil"],"nelio_content":{"autoShareEndMode":"never","automationSources":{"useCustomSentences":false,"customSentences":[]},"efiAlt":"","efiUrl":"","followers":[1],"highlights":[],"isAutoShareEnabled":true,"networkImageIds":[],"permalinkQueryArgs":[],"series":[],"suggestedReferences":[]},"_links":{"self":[{"href":"https:\/\/aprendizdomundo.com\/portal\/wp-json\/wp\/v2\/posts\/48127","targetHints":{"allow":["GET"]}}],"collection":[{"href":"https:\/\/aprendizdomundo.com\/portal\/wp-json\/wp\/v2\/posts"}],"about":[{"href":"https:\/\/aprendizdomundo.com\/portal\/wp-json\/wp\/v2\/types\/post"}],"author":[{"embeddable":true,"href":"https:\/\/aprendizdomundo.com\/portal\/wp-json\/wp\/v2\/users\/1"}],"replies":[{"embeddable":true,"href":"https:\/\/aprendizdomundo.com\/portal\/wp-json\/wp\/v2\/comments?post=48127"}],"version-history":[{"count":1,"href":"https:\/\/aprendizdomundo.com\/portal\/wp-json\/wp\/v2\/posts\/48127\/revisions"}],"predecessor-version":[{"id":48128,"href":"https:\/\/aprendizdomundo.com\/portal\/wp-json\/wp\/v2\/posts\/48127\/revisions\/48128"}],"wp:featuredmedia":[{"embeddable":true,"href":"https:\/\/aprendizdomundo.com\/portal\/wp-json\/wp\/v2\/media\/47452"}],"wp:attachment":[{"href":"https:\/\/aprendizdomundo.com\/portal\/wp-json\/wp\/v2\/media?parent=48127"}],"wp:term":[{"taxonomy":"category","embeddable":true,"href":"https:\/\/aprendizdomundo.com\/portal\/wp-json\/wp\/v2\/categories?post=48127"},{"taxonomy":"post_tag","embeddable":true,"href":"https:\/\/aprendizdomundo.com\/portal\/wp-json\/wp\/v2\/tags?post=48127"}],"curies":[{"name":"wp","href":"https:\/\/api.w.org\/{rel}","templated":true}]}}