{"id":48157,"date":"2025-07-14T07:00:29","date_gmt":"2025-07-14T10:00:29","guid":{"rendered":"https:\/\/aprendizdomundo.com\/portal\/?p=48157"},"modified":"2025-07-03T16:54:59","modified_gmt":"2025-07-03T19:54:59","slug":"atracaonacionalnaunifm1728","status":"publish","type":"post","link":"https:\/\/aprendizdomundo.com\/portal\/2025\/07\/14\/atracaonacionalnaunifm1728\/","title":{"rendered":"Bruna Caram na Uni FM nesta segunda, 14\/07"},"content":{"rendered":"<p>Acompanhe o <strong>Atra\u00e7\u00e3o Nacional<\/strong> de hoje, a partir das <strong>22h00<\/strong>, pela <strong><a title=\"R\u00e1dio Uni FM\" href=\"https:\/\/www.ufsm.br\/radio\" target=\"_blank\" rel=\"noopener\">R\u00e1dio Uni FM<\/a><\/strong>.<\/p>\n<p><img fetchpriority=\"high\" decoding=\"async\" title=\"Bruna Caram\" class=\"alignleft\" src=\"https:\/\/aprendizdomundo.com\/imagens2\/at_brunacaram.jpg\" alt=\"Bruna Caram\" width=\"320\" height=\"320\" \/>A audi\u00e7\u00e3o desta noite destaca mais um nome do nosso elenco, tocando a obra gravada da cantora <strong>Bruna Caram<\/strong>. A compositora, cantora, instrumentista, atriz e escritora Bruna Caram nasceu a 26 de julho de 1987, em Avar\u00e9, no interior de S\u00e3o Paulo. Sua av\u00f3 materna, Maria Piedade, era cantora de r\u00e1dio nos anos cinquenta, e seu av\u00f4 paterno, Jamil Caram, era violonista e entusiasta das rodas de choro. Ela cresceu totalmente envolvida pela m\u00fasica. Aos 8 anos, come\u00e7ou a estudar piano. Um ano depois j\u00e1 fazia serenatas, como integrante dos Trovadores Mirins, a vers\u00e3o infantil dos Trovadores Urbanos. Mais tarde integrou o pr\u00f3prio Trovadores Urbanos. Em 2006, deu in\u00edcio \u00e0 sua carreira solo.<\/p>\n<p>A estreia discogr\u00e1fica aconteceu em 2006, com o lan\u00e7amento do \u00e1lbum Essa Menina. Em 2015, publicou o volume Pequena Poesia Passional. Em 2017, fez sua estreia como atriz atuando na miniss\u00e9rie global Dois Irm\u00e3os.<\/p>\n<p>A <strong>playlist<\/strong> que vamos ouvir \u00e9 a seguinte:<\/p>\n<p>Festa, em dueto com Tha\u00eds Felicori<br \/>\nViver, Amar, Valeu<br \/>\nPra te Esquecer<br \/>\nSementes do Amanh\u00e3 (Nunca Pare de Sonhar), com Leila Pinheiro e Nanan Gonzaga<br \/>\n\u00c9, em dueto com Preta Ferreira<br \/>\nGente de Bem<br \/>\nRedescobrir, em dueto com Z\u00e9 Renato<br \/>\nAgora Sim, com a Fam\u00edlia Novaes Caram<br \/>\nCom a Perna no Mundo<br \/>\nSoberana, em dueto com Cimara Fr\u00f3is<br \/>\nVou Pra Rua, com a Fam\u00edlia Novaes Caram<br \/>\nSimples Cidade<br \/>\nBelo Bal\u00e3o<br \/>\nBaile da Revanche, em dueto com Cimara Fr\u00f3is e Edy Trombone<br \/>\nA Can\u00e7\u00e3o de Agora<br \/>\nMinha Paz e Minha Dor, com Ailton Reiner e Coral de MCs Cor e Voz<br \/>\nVioleta<\/p>\n<p>O <strong>Atra\u00e7\u00e3o Nacional<\/strong> vai ao ar pela <strong>Uni FM<\/strong>, de segunda a sexta, na faixa das 22h00 \u00e0s 23h00. A curadoria de elenco, dire\u00e7\u00e3o, pesquisa, produ\u00e7\u00e3o, sele\u00e7\u00e3o de repert\u00f3rio, reda\u00e7\u00e3o de texto, apresenta\u00e7\u00e3o e edi\u00e7\u00e3o \u00e9 de <strong><a title=\"Milton Oliveira\" target=\"_blank\" rel=\"noopener\" href=\"https:\/\/aprendizdomundo.com\/miltonoliveira\">Milton Oliveira<\/a><\/strong>.<\/p>\n<p>O programa pode ser ouvido pelos <strong>107.9 FM<\/strong>; pela home page da emissora, em <strong><a title=\"R\u00e1dio Uni FM\" href=\"https:\/\/www.ufsm.br\/radio\" target=\"_blank\" rel=\"noopener\">ufsm.br\/radio<\/a><\/strong>; ou pelo smartphone, acessando seu aplicativo favorito.<\/p>\n<p>O <strong>Atra\u00e7\u00e3o Nacional<\/strong> tamb\u00e9m \u00e9 veiculado pela <strong><a title=\"R\u00e1dio Universidade AM\" href=\"https:\/\/www.ufsm.br\/radio\" target=\"_blank\" rel=\"noopener\">Universidade 800 AM<\/a><\/strong>, de segunda a sexta, na faixa das 20h00 \u00e0s 21h00; pela <strong><a title=\"Resonance R\u00e1dio\" href=\"http:\/\/www.resonanceradio.com.br\/\" target=\"_blank\" rel=\"noopener\">Resonance R\u00e1dio<\/a><\/strong>, todo domingo, na faixa das 18h00 \u00e0s 19h00; e pela <strong><a title=\"R\u00e1dio Bloco\" href=\"http:\/\/www.radiobloco.net\/\" target=\"_blank\" rel=\"noopener\">R\u00e1dio Bloco<\/a><\/strong>, toda ter\u00e7a, na faixa das 17h00 \u00e0s 18h00. As audi\u00e7\u00f5es n\u00e3o s\u00e3o vinculadas, os destaques s\u00e3o sempre diferentes em cada emissora.<\/p>\n<p>Curta a fanpage do nosso programa em <strong><strong><a href=\"http:\/\/www.facebook.com\/atracaonacional\" target=\"_blank\" rel=\"noopener\" title=\"Atra\u00e7\u00e3o Nacional no Facebook\">facebook.com\/atracaonacional<\/a><\/strong><\/strong>.<\/p>\n","protected":false},"excerpt":{"rendered":"<p>Acompanhe o Atra\u00e7\u00e3o Nacional de hoje, a partir das 22h00, pela R\u00e1dio Uni FM. A audi\u00e7\u00e3o desta noite destaca mais um nome do nosso elenco, tocando a obra gravada da cantora Bruna Caram. A compositora, cantora, instrumentista, atriz e escritora Bruna Caram nasceu a 26 de julho de 1987, em Avar\u00e9, no interior de S\u00e3o [&#8230;] <\/p>\n<p class=\"more-link-container\"><a href=\"https:\/\/aprendizdomundo.com\/portal\/2025\/07\/14\/atracaonacionalnaunifm1728\/\" class=\"more-link\">Read More<span class=\"screen-reader-text\"> &#8220;Bruna Caram na Uni FM nesta segunda, 14\/07&#8221;<\/span><\/a><\/p>\n","protected":false},"author":1,"featured_media":47452,"comment_status":"closed","ping_status":"closed","sticky":false,"template":"","format":"standard","meta":{"_eb_attr":"","footnotes":""},"categories":[4],"tags":[49],"class_list":["post-48157","post","type-post","status-publish","format-standard","has-post-thumbnail","hentry","category-atracao","tag-musica-do-brasil"],"nelio_content":{"autoShareEndMode":"never","automationSources":{"useCustomSentences":false,"customSentences":[]},"efiAlt":"","efiUrl":"","followers":[1],"highlights":[],"isAutoShareEnabled":true,"networkImageIds":[],"permalinkQueryArgs":[],"series":[],"suggestedReferences":[]},"_links":{"self":[{"href":"https:\/\/aprendizdomundo.com\/portal\/wp-json\/wp\/v2\/posts\/48157","targetHints":{"allow":["GET"]}}],"collection":[{"href":"https:\/\/aprendizdomundo.com\/portal\/wp-json\/wp\/v2\/posts"}],"about":[{"href":"https:\/\/aprendizdomundo.com\/portal\/wp-json\/wp\/v2\/types\/post"}],"author":[{"embeddable":true,"href":"https:\/\/aprendizdomundo.com\/portal\/wp-json\/wp\/v2\/users\/1"}],"replies":[{"embeddable":true,"href":"https:\/\/aprendizdomundo.com\/portal\/wp-json\/wp\/v2\/comments?post=48157"}],"version-history":[{"count":1,"href":"https:\/\/aprendizdomundo.com\/portal\/wp-json\/wp\/v2\/posts\/48157\/revisions"}],"predecessor-version":[{"id":48158,"href":"https:\/\/aprendizdomundo.com\/portal\/wp-json\/wp\/v2\/posts\/48157\/revisions\/48158"}],"wp:featuredmedia":[{"embeddable":true,"href":"https:\/\/aprendizdomundo.com\/portal\/wp-json\/wp\/v2\/media\/47452"}],"wp:attachment":[{"href":"https:\/\/aprendizdomundo.com\/portal\/wp-json\/wp\/v2\/media?parent=48157"}],"wp:term":[{"taxonomy":"category","embeddable":true,"href":"https:\/\/aprendizdomundo.com\/portal\/wp-json\/wp\/v2\/categories?post=48157"},{"taxonomy":"post_tag","embeddable":true,"href":"https:\/\/aprendizdomundo.com\/portal\/wp-json\/wp\/v2\/tags?post=48157"}],"curies":[{"name":"wp","href":"https:\/\/api.w.org\/{rel}","templated":true}]}}