{"id":48163,"date":"2025-07-17T07:00:11","date_gmt":"2025-07-17T10:00:11","guid":{"rendered":"https:\/\/aprendizdomundo.com\/portal\/?p=48163"},"modified":"2025-07-03T16:56:40","modified_gmt":"2025-07-03T19:56:40","slug":"atracaonacionalnaunifm1731","status":"publish","type":"post","link":"https:\/\/aprendizdomundo.com\/portal\/2025\/07\/17\/atracaonacionalnaunifm1731\/","title":{"rendered":"Ana Clara na Uni FM nesta quinta, 17\/07"},"content":{"rendered":"<p>Acompanhe o <strong>Atra\u00e7\u00e3o Nacional<\/strong> de hoje, a partir das <strong>22h00<\/strong>, pela <strong><a title=\"R\u00e1dio Uni FM\" href=\"https:\/\/www.ufsm.br\/radio\" target=\"_blank\" rel=\"noopener\">R\u00e1dio Uni FM<\/a><\/strong>.<\/p>\n<p><img fetchpriority=\"high\" decoding=\"async\" title=\"Ana Clara\" class=\"alignleft\" src=\"https:\/\/aprendizdomundo.com\/imagens2\/at_anaclara.jpg\" alt=\"Ana Clara\" width=\"320\" height=\"320\" \/>A audi\u00e7\u00e3o desta noite destaca mais um nome do nosso elenco, tocando a obra gravada da cantora <strong>Ana Clara<\/strong>. A compositora e cantora Ana Clara nasceu em 1994, em Joinville, no norte de Santa Catarina. Hoje vive em S\u00e3o Paulo. Come\u00e7ou sua carreira aos 14 anos. Em 2014, participou da 2\u00aa temporada do Gigantes do Samba, projeto encabe\u00e7ado por Alexandre Pires e Luiz Carlos (Ra\u00e7a Negra). A turn\u00ea contou com mais de 180 shows, incluindo outros pa\u00edses da Am\u00e9rica Latina. A estreia discogr\u00e1fica aconteceu em 2013, com o lan\u00e7amento do \u00e1lbum Aos Quatro Cantos.<\/p>\n<p>A <strong>playlist<\/strong> que vamos ouvir \u00e9 a seguinte:<\/p>\n<p>Se \u00e9 Saudade ou Amor<br \/>\nAben\u00e7oada<br \/>\nTrajet\u00f3ria, em dueto com P\u00e9ricles, na vers\u00e3o de 2024<br \/>\nSonho de Amor<br \/>\nCora\u00e7\u00e3o Feliz<br \/>\nSem Voc\u00ea N\u00e3o D\u00e1<br \/>\nN\u00e3o Toque em Mim<br \/>\nTudo Bem<br \/>\nF\u00e3 Declarada<br \/>\nUm Amor Pra Durar<br \/>\nBipolar<br \/>\nN\u00e3o Deixe o Samba Morrer, em dueto com Alcione, em vers\u00e3o ao vivo<br \/>\nBeija-me<br \/>\nPoxa, em vers\u00e3o ao vivo<br \/>\nEu, Voc\u00ea e Deus, em dueto com Belo<br \/>\nQuando Fiz Amor Com Voc\u00ea<\/p>\n<p>O <strong>Atra\u00e7\u00e3o Nacional<\/strong> vai ao ar pela <strong>Uni FM<\/strong>, de segunda a sexta, na faixa das 22h00 \u00e0s 23h00. A curadoria de elenco, dire\u00e7\u00e3o, pesquisa, produ\u00e7\u00e3o, sele\u00e7\u00e3o de repert\u00f3rio, reda\u00e7\u00e3o de texto, apresenta\u00e7\u00e3o e edi\u00e7\u00e3o \u00e9 de <strong><a title=\"Milton Oliveira\" target=\"_blank\" rel=\"noopener\" href=\"https:\/\/aprendizdomundo.com\/miltonoliveira\">Milton Oliveira<\/a><\/strong>.<\/p>\n<p>O programa pode ser ouvido pelos <strong>107.9 FM<\/strong>; pela home page da emissora, em <strong><a title=\"R\u00e1dio Uni FM\" href=\"https:\/\/www.ufsm.br\/radio\" target=\"_blank\" rel=\"noopener\">ufsm.br\/radio<\/a><\/strong>; ou pelo smartphone, acessando seu aplicativo favorito.<\/p>\n<p>O <strong>Atra\u00e7\u00e3o Nacional<\/strong> tamb\u00e9m \u00e9 veiculado pela <strong><a title=\"R\u00e1dio Universidade AM\" href=\"https:\/\/www.ufsm.br\/radio\" target=\"_blank\" rel=\"noopener\">Universidade 800 AM<\/a><\/strong>, de segunda a sexta, na faixa das 20h00 \u00e0s 21h00; pela <strong><a title=\"Resonance R\u00e1dio\" href=\"http:\/\/www.resonanceradio.com.br\/\" target=\"_blank\" rel=\"noopener\">Resonance R\u00e1dio<\/a><\/strong>, todo domingo, na faixa das 18h00 \u00e0s 19h00; e pela <strong><a title=\"R\u00e1dio Bloco\" href=\"http:\/\/www.radiobloco.net\/\" target=\"_blank\" rel=\"noopener\">R\u00e1dio Bloco<\/a><\/strong>, toda ter\u00e7a, na faixa das 17h00 \u00e0s 18h00. As audi\u00e7\u00f5es n\u00e3o s\u00e3o vinculadas, os destaques s\u00e3o sempre diferentes em cada emissora.<\/p>\n<p>Curta a fanpage do nosso programa em <strong><strong><a href=\"http:\/\/www.facebook.com\/atracaonacional\" target=\"_blank\" rel=\"noopener\" title=\"Atra\u00e7\u00e3o Nacional no Facebook\">facebook.com\/atracaonacional<\/a><\/strong><\/strong>.<\/p>\n","protected":false},"excerpt":{"rendered":"<p>Acompanhe o Atra\u00e7\u00e3o Nacional de hoje, a partir das 22h00, pela R\u00e1dio Uni FM. A audi\u00e7\u00e3o desta noite destaca mais um nome do nosso elenco, tocando a obra gravada da cantora Ana Clara. A compositora e cantora Ana Clara nasceu em 1994, em Joinville, no norte de Santa Catarina. Hoje vive em S\u00e3o Paulo. Come\u00e7ou [&#8230;] <\/p>\n<p class=\"more-link-container\"><a href=\"https:\/\/aprendizdomundo.com\/portal\/2025\/07\/17\/atracaonacionalnaunifm1731\/\" class=\"more-link\">Read More<span class=\"screen-reader-text\"> &#8220;Ana Clara na Uni FM nesta quinta, 17\/07&#8221;<\/span><\/a><\/p>\n","protected":false},"author":1,"featured_media":47452,"comment_status":"closed","ping_status":"closed","sticky":false,"template":"","format":"standard","meta":{"_eb_attr":"","footnotes":""},"categories":[4],"tags":[49],"class_list":["post-48163","post","type-post","status-publish","format-standard","has-post-thumbnail","hentry","category-atracao","tag-musica-do-brasil"],"nelio_content":{"autoShareEndMode":"never","automationSources":{"useCustomSentences":false,"customSentences":[]},"efiAlt":"","efiUrl":"","followers":[1],"highlights":[],"isAutoShareEnabled":true,"networkImageIds":[],"permalinkQueryArgs":[],"series":[],"suggestedReferences":[]},"_links":{"self":[{"href":"https:\/\/aprendizdomundo.com\/portal\/wp-json\/wp\/v2\/posts\/48163","targetHints":{"allow":["GET"]}}],"collection":[{"href":"https:\/\/aprendizdomundo.com\/portal\/wp-json\/wp\/v2\/posts"}],"about":[{"href":"https:\/\/aprendizdomundo.com\/portal\/wp-json\/wp\/v2\/types\/post"}],"author":[{"embeddable":true,"href":"https:\/\/aprendizdomundo.com\/portal\/wp-json\/wp\/v2\/users\/1"}],"replies":[{"embeddable":true,"href":"https:\/\/aprendizdomundo.com\/portal\/wp-json\/wp\/v2\/comments?post=48163"}],"version-history":[{"count":1,"href":"https:\/\/aprendizdomundo.com\/portal\/wp-json\/wp\/v2\/posts\/48163\/revisions"}],"predecessor-version":[{"id":48164,"href":"https:\/\/aprendizdomundo.com\/portal\/wp-json\/wp\/v2\/posts\/48163\/revisions\/48164"}],"wp:featuredmedia":[{"embeddable":true,"href":"https:\/\/aprendizdomundo.com\/portal\/wp-json\/wp\/v2\/media\/47452"}],"wp:attachment":[{"href":"https:\/\/aprendizdomundo.com\/portal\/wp-json\/wp\/v2\/media?parent=48163"}],"wp:term":[{"taxonomy":"category","embeddable":true,"href":"https:\/\/aprendizdomundo.com\/portal\/wp-json\/wp\/v2\/categories?post=48163"},{"taxonomy":"post_tag","embeddable":true,"href":"https:\/\/aprendizdomundo.com\/portal\/wp-json\/wp\/v2\/tags?post=48163"}],"curies":[{"name":"wp","href":"https:\/\/api.w.org\/{rel}","templated":true}]}}