{"id":48233,"date":"2025-07-14T03:00:22","date_gmt":"2025-07-14T06:00:22","guid":{"rendered":"https:\/\/aprendizdomundo.com\/portal\/?p=48233"},"modified":"2025-07-08T10:07:53","modified_gmt":"2025-07-08T13:07:53","slug":"femina2118","status":"publish","type":"post","link":"https:\/\/aprendizdomundo.com\/portal\/2025\/07\/14\/femina2118\/","title":{"rendered":"Femina na programa\u00e7\u00e3o da Universidade AM, 14\/07"},"content":{"rendered":"<p><img fetchpriority=\"high\" decoding=\"async\" class=\"alignleft\" title=\"Femina\" src=\"https:\/\/aprendizdomundo.com\/imagens\/marca800_femina.png\" alt=\"Femina\" width=\"320\" height=\"320\" \/>Acompanhe o <strong>Femina<\/strong> de hoje, a partir das <strong>14h00<\/strong>, pela <strong><a title=\"R\u00e1dio Universidade AM\" href=\"https:\/\/www.ufsm.br\/radio\" target=\"_blank\" rel=\"noopener\">R\u00e1dio Universidade AM<\/a><\/strong>.<\/p>\n<p>A sele\u00e7\u00e3o musical programada \u00e9 a seguinte:<\/p>\n<p>Elis Regina &#8211; Gol Anulado<br \/>\nDa\u00fade &#8211; Minhas Raz\u00f5es<br \/>\nFlavia Oliveira &#8211; Pa\u00eds Tropical<br \/>\nVirg\u00ednia Rosa &#8211; Inveja<br \/>\nAna Vilela &#8211; O Leaozinho<br \/>\nAlice Ruiz, Z\u00e9lia Duncan e Alzira Esp\u00edndola &#8211; Invis\u00edvel<br \/>\nSimone Moreno &#8211; Marinheiro<br \/>\nMaria Rita &#8211; Fogo no Paiol<br \/>\nJu Noleto &#8211; Acorda Benzim<br \/>\nN\u00f4 Stopa &#8211; Dia D<br \/>\nMirian\u00eas Zabot &#8211; Um Sorriso Nos L\u00e1bios<br \/>\nSusi Brito &#8211; Amor Verdadeiro<br \/>\nLarissa Cavalcanti &#8211; Luz Amarela<br \/>\nN\u00fabia Dourado &#8211; Seu Gingado<br \/>\nRosa Passos &#8211; Isto Aqui o Que \u00e9<\/p>\n<p><strong><a title=\"Femina\" href=\"https:\/\/aprendizdomundo.com\/portal\/radio\/programas\/femina\/\">Femina<\/a><\/strong> \u00e9 um programa voltado \u00e0 execu\u00e7\u00e3o de cantoras brasileiras contempor\u00e2neas, reunindo grava\u00e7\u00f5es dos anos 1980 \u00e0 atualidade, dando aten\u00e7\u00e3o especial \u00e0s novas vozes da nossa m\u00fasica.<\/p>\n<p>A produ\u00e7\u00e3o vai ao ar pela <strong>Universidade AM<\/strong>, de segunda a sexta, na faixa das 14h00 \u00e0s 15h00. A pesquisa, produ\u00e7\u00e3o, sele\u00e7\u00e3o de repert\u00f3rio e edi\u00e7\u00e3o \u00e9 de <strong><a title=\"Milton Oliveira\" target=\"_blank\" rel=\"noopener\" href=\"https:\/\/aprendizdomundo.com\/miltonoliveira\">Milton Oliveira<\/a><\/strong>.<\/p>\n<p>O programa pode ser ouvido pelos <strong>800 AM<\/strong>, pelo <strong><a title=\"R\u00e1dio Universidade AM\" href=\"https:\/\/www.ufsm.br\/radio\" target=\"_blank\" rel=\"noopener\">site da emissora<\/a><\/strong> ou pelo smartphone, acessando seu aplicativo favorito.<\/p>\n","protected":false},"excerpt":{"rendered":"<p>Acompanhe o Femina de hoje, a partir das 14h00, pela R\u00e1dio Universidade AM. A sele\u00e7\u00e3o musical programada \u00e9 a seguinte: Elis Regina &#8211; Gol Anulado Da\u00fade &#8211; Minhas Raz\u00f5es Flavia Oliveira &#8211; Pa\u00eds Tropical Virg\u00ednia Rosa &#8211; Inveja Ana Vilela &#8211; O Leaozinho Alice Ruiz, Z\u00e9lia Duncan e Alzira Esp\u00edndola &#8211; Invis\u00edvel Simone Moreno &#8211; [&#8230;] <\/p>\n<p class=\"more-link-container\"><a href=\"https:\/\/aprendizdomundo.com\/portal\/2025\/07\/14\/femina2118\/\" class=\"more-link\">Read More<span class=\"screen-reader-text\"> &#8220;Femina na programa\u00e7\u00e3o da Universidade AM, 14\/07&#8221;<\/span><\/a><\/p>\n","protected":false},"author":1,"featured_media":47447,"comment_status":"closed","ping_status":"closed","sticky":false,"template":"","format":"standard","meta":{"_eb_attr":"","footnotes":""},"categories":[13],"tags":[34],"class_list":["post-48233","post","type-post","status-publish","format-standard","has-post-thumbnail","hentry","category-femina","tag-femina"],"nelio_content":{"autoShareEndMode":"never","automationSources":{"useCustomSentences":false,"customSentences":[]},"efiAlt":"","efiUrl":"","followers":[1],"highlights":[],"isAutoShareEnabled":true,"networkImageIds":[],"permalinkQueryArgs":[],"series":[],"suggestedReferences":[]},"_links":{"self":[{"href":"https:\/\/aprendizdomundo.com\/portal\/wp-json\/wp\/v2\/posts\/48233","targetHints":{"allow":["GET"]}}],"collection":[{"href":"https:\/\/aprendizdomundo.com\/portal\/wp-json\/wp\/v2\/posts"}],"about":[{"href":"https:\/\/aprendizdomundo.com\/portal\/wp-json\/wp\/v2\/types\/post"}],"author":[{"embeddable":true,"href":"https:\/\/aprendizdomundo.com\/portal\/wp-json\/wp\/v2\/users\/1"}],"replies":[{"embeddable":true,"href":"https:\/\/aprendizdomundo.com\/portal\/wp-json\/wp\/v2\/comments?post=48233"}],"version-history":[{"count":1,"href":"https:\/\/aprendizdomundo.com\/portal\/wp-json\/wp\/v2\/posts\/48233\/revisions"}],"predecessor-version":[{"id":48234,"href":"https:\/\/aprendizdomundo.com\/portal\/wp-json\/wp\/v2\/posts\/48233\/revisions\/48234"}],"wp:featuredmedia":[{"embeddable":true,"href":"https:\/\/aprendizdomundo.com\/portal\/wp-json\/wp\/v2\/media\/47447"}],"wp:attachment":[{"href":"https:\/\/aprendizdomundo.com\/portal\/wp-json\/wp\/v2\/media?parent=48233"}],"wp:term":[{"taxonomy":"category","embeddable":true,"href":"https:\/\/aprendizdomundo.com\/portal\/wp-json\/wp\/v2\/categories?post=48233"},{"taxonomy":"post_tag","embeddable":true,"href":"https:\/\/aprendizdomundo.com\/portal\/wp-json\/wp\/v2\/tags?post=48233"}],"curies":[{"name":"wp","href":"https:\/\/api.w.org\/{rel}","templated":true}]}}