{"id":48235,"date":"2025-07-15T03:00:58","date_gmt":"2025-07-15T06:00:58","guid":{"rendered":"https:\/\/aprendizdomundo.com\/portal\/?p=48235"},"modified":"2025-07-08T10:08:32","modified_gmt":"2025-07-08T13:08:32","slug":"femina2119","status":"publish","type":"post","link":"https:\/\/aprendizdomundo.com\/portal\/2025\/07\/15\/femina2119\/","title":{"rendered":"Femina na programa\u00e7\u00e3o da Universidade AM, 15\/07"},"content":{"rendered":"<p><img fetchpriority=\"high\" decoding=\"async\" class=\"alignleft\" title=\"Femina\" src=\"https:\/\/aprendizdomundo.com\/imagens\/marca800_femina.png\" alt=\"Femina\" width=\"320\" height=\"320\" \/>Acompanhe o <strong>Femina<\/strong> de hoje, a partir das <strong>14h00<\/strong>, pela <strong><a title=\"R\u00e1dio Universidade AM\" href=\"https:\/\/www.ufsm.br\/radio\" target=\"_blank\" rel=\"noopener\">R\u00e1dio Universidade AM<\/a><\/strong>.<\/p>\n<p>A sele\u00e7\u00e3o musical programada \u00e9 a seguinte:<\/p>\n<p>Quarteto em Cy &#8211; Pra Sentir Amor<br \/>\nVivian Lemos &#8211; Meu Bem<br \/>\nMariana Nunes &#8211; Cora\u00e7\u00e3o Civil<br \/>\nLucinha Bastos &#8211; Uirapuru<br \/>\nLet\u00edcia Tu\u00ed &#8211; Nos Olhos do Amor<br \/>\nClara Valente &#8211; Mil Coisas<br \/>\nBeth Carvalho &#8211; Heran\u00e7a<br \/>\nMarina Gomes &#8211; O Samba \u00e9 Meu Guia<br \/>\nAnna Ratto &#8211; Penumbra<br \/>\nElisa Lemos &#8211; Teletransporte<br \/>\nMart&#8217;n\u00e1lia &#8211; P\u00e9 do Meu Samba<br \/>\nRita Lee &#8211; Baila Comigo<br \/>\nAndra Valladares &#8211; A Felicidade<br \/>\nPatr\u00edcia Souza &#8211; O Fazedor de Rios<br \/>\nIria Braga &#8211; Ginga de Mameluco<br \/>\nAla\u00edde Costa &#8211; Mudando de Conversa<\/p>\n<p><strong><a title=\"Femina\" href=\"https:\/\/aprendizdomundo.com\/portal\/radio\/programas\/femina\/\">Femina<\/a><\/strong> \u00e9 um programa voltado \u00e0 execu\u00e7\u00e3o de cantoras brasileiras contempor\u00e2neas, reunindo grava\u00e7\u00f5es dos anos 1980 \u00e0 atualidade, dando aten\u00e7\u00e3o especial \u00e0s novas vozes da nossa m\u00fasica.<\/p>\n<p>A produ\u00e7\u00e3o vai ao ar pela <strong>Universidade AM<\/strong>, de segunda a sexta, na faixa das 14h00 \u00e0s 15h00. A pesquisa, produ\u00e7\u00e3o, sele\u00e7\u00e3o de repert\u00f3rio e edi\u00e7\u00e3o \u00e9 de <strong><a title=\"Milton Oliveira\" target=\"_blank\" rel=\"noopener\" href=\"https:\/\/aprendizdomundo.com\/miltonoliveira\">Milton Oliveira<\/a><\/strong>.<\/p>\n<p>O programa pode ser ouvido pelos <strong>800 AM<\/strong>, pelo <strong><a title=\"R\u00e1dio Universidade AM\" href=\"https:\/\/www.ufsm.br\/radio\" target=\"_blank\" rel=\"noopener\">site da emissora<\/a><\/strong> ou pelo smartphone, acessando seu aplicativo favorito.<\/p>\n","protected":false},"excerpt":{"rendered":"<p>Acompanhe o Femina de hoje, a partir das 14h00, pela R\u00e1dio Universidade AM. A sele\u00e7\u00e3o musical programada \u00e9 a seguinte: Quarteto em Cy &#8211; Pra Sentir Amor Vivian Lemos &#8211; Meu Bem Mariana Nunes &#8211; Cora\u00e7\u00e3o Civil Lucinha Bastos &#8211; Uirapuru Let\u00edcia Tu\u00ed &#8211; Nos Olhos do Amor Clara Valente &#8211; Mil Coisas Beth Carvalho [&#8230;] <\/p>\n<p class=\"more-link-container\"><a href=\"https:\/\/aprendizdomundo.com\/portal\/2025\/07\/15\/femina2119\/\" class=\"more-link\">Read More<span class=\"screen-reader-text\"> &#8220;Femina na programa\u00e7\u00e3o da Universidade AM, 15\/07&#8221;<\/span><\/a><\/p>\n","protected":false},"author":1,"featured_media":47447,"comment_status":"closed","ping_status":"closed","sticky":false,"template":"","format":"standard","meta":{"_eb_attr":"","footnotes":""},"categories":[13],"tags":[34],"class_list":["post-48235","post","type-post","status-publish","format-standard","has-post-thumbnail","hentry","category-femina","tag-femina"],"nelio_content":{"autoShareEndMode":"never","automationSources":{"useCustomSentences":false,"customSentences":[]},"efiAlt":"","efiUrl":"","followers":[1],"highlights":[],"isAutoShareEnabled":true,"networkImageIds":[],"permalinkQueryArgs":[],"series":[],"suggestedReferences":[]},"_links":{"self":[{"href":"https:\/\/aprendizdomundo.com\/portal\/wp-json\/wp\/v2\/posts\/48235","targetHints":{"allow":["GET"]}}],"collection":[{"href":"https:\/\/aprendizdomundo.com\/portal\/wp-json\/wp\/v2\/posts"}],"about":[{"href":"https:\/\/aprendizdomundo.com\/portal\/wp-json\/wp\/v2\/types\/post"}],"author":[{"embeddable":true,"href":"https:\/\/aprendizdomundo.com\/portal\/wp-json\/wp\/v2\/users\/1"}],"replies":[{"embeddable":true,"href":"https:\/\/aprendizdomundo.com\/portal\/wp-json\/wp\/v2\/comments?post=48235"}],"version-history":[{"count":1,"href":"https:\/\/aprendizdomundo.com\/portal\/wp-json\/wp\/v2\/posts\/48235\/revisions"}],"predecessor-version":[{"id":48236,"href":"https:\/\/aprendizdomundo.com\/portal\/wp-json\/wp\/v2\/posts\/48235\/revisions\/48236"}],"wp:featuredmedia":[{"embeddable":true,"href":"https:\/\/aprendizdomundo.com\/portal\/wp-json\/wp\/v2\/media\/47447"}],"wp:attachment":[{"href":"https:\/\/aprendizdomundo.com\/portal\/wp-json\/wp\/v2\/media?parent=48235"}],"wp:term":[{"taxonomy":"category","embeddable":true,"href":"https:\/\/aprendizdomundo.com\/portal\/wp-json\/wp\/v2\/categories?post=48235"},{"taxonomy":"post_tag","embeddable":true,"href":"https:\/\/aprendizdomundo.com\/portal\/wp-json\/wp\/v2\/tags?post=48235"}],"curies":[{"name":"wp","href":"https:\/\/api.w.org\/{rel}","templated":true}]}}