{"id":48245,"date":"2025-07-22T03:00:55","date_gmt":"2025-07-22T06:00:55","guid":{"rendered":"https:\/\/aprendizdomundo.com\/portal\/?p=48245"},"modified":"2025-07-08T10:11:29","modified_gmt":"2025-07-08T13:11:29","slug":"femina2124","status":"publish","type":"post","link":"https:\/\/aprendizdomundo.com\/portal\/2025\/07\/22\/femina2124\/","title":{"rendered":"Femina na programa\u00e7\u00e3o da Universidade AM, 22\/07"},"content":{"rendered":"<p><img fetchpriority=\"high\" decoding=\"async\" class=\"alignleft\" title=\"Femina\" src=\"https:\/\/aprendizdomundo.com\/imagens\/marca800_femina.png\" alt=\"Femina\" width=\"320\" height=\"320\" \/>Acompanhe o <strong>Femina<\/strong> de hoje, a partir das <strong>14h00<\/strong>, pela <strong><a title=\"R\u00e1dio Universidade AM\" href=\"https:\/\/www.ufsm.br\/radio\" target=\"_blank\" rel=\"noopener\">R\u00e1dio Universidade AM<\/a><\/strong>.<\/p>\n<p>A sele\u00e7\u00e3o musical programada \u00e9 a seguinte:<\/p>\n<p>Hellen Caroline &#8211; Me Perdoa<br \/>\nAna Ca\u00f1as &#8211; T\u00f4 na Vida<br \/>\nCarla Visi &#8211; Guerreira<br \/>\nVilma Ribeiro &#8211; Escolho Voc\u00ea<br \/>\nDaya Luz &#8211; Digo Sim<br \/>\nBruna Hetzel &#8211; \u00c1gua de Beber<br \/>\nGabi Buarque &#8211; Roda de Coco<br \/>\nN\u00fabia Dourado &#8211; Sim<br \/>\nMaria Rita &#8211; No Mist\u00e9rio do Samba<br \/>\nLaila Nassan &#8211; Delfim<br \/>\nAnna Ratto &#8211; Frevo (Pecadinho)<br \/>\nOlivia Genesi &#8211; Espera a Chuva Passar<br \/>\nMegh Stock &#8211; O Filme<br \/>\nBel\u00f4 Velloso &#8211; A Vida tem Dessas Coisas<br \/>\nElis Regina &#8211; Al\u00f4, Al\u00f4 Marciano<br \/>\nLuiza Brina &#8211; Casa na Areia<br \/>\nDona Ivone Lara &#8211; Ess\u00eancia de um Grande Amor<\/p>\n<p><strong><a title=\"Femina\" href=\"https:\/\/aprendizdomundo.com\/portal\/radio\/programas\/femina\/\">Femina<\/a><\/strong> \u00e9 um programa voltado \u00e0 execu\u00e7\u00e3o de cantoras brasileiras contempor\u00e2neas, reunindo grava\u00e7\u00f5es dos anos 1980 \u00e0 atualidade, dando aten\u00e7\u00e3o especial \u00e0s novas vozes da nossa m\u00fasica.<\/p>\n<p>A produ\u00e7\u00e3o vai ao ar pela <strong>Universidade AM<\/strong>, de segunda a sexta, na faixa das 14h00 \u00e0s 15h00. A pesquisa, produ\u00e7\u00e3o, sele\u00e7\u00e3o de repert\u00f3rio e edi\u00e7\u00e3o \u00e9 de <strong><a title=\"Milton Oliveira\" target=\"_blank\" rel=\"noopener\" href=\"https:\/\/aprendizdomundo.com\/miltonoliveira\">Milton Oliveira<\/a><\/strong>.<\/p>\n<p>O programa pode ser ouvido pelos <strong>800 AM<\/strong>, pelo <strong><a title=\"R\u00e1dio Universidade AM\" href=\"https:\/\/www.ufsm.br\/radio\" target=\"_blank\" rel=\"noopener\">site da emissora<\/a><\/strong> ou pelo smartphone, acessando seu aplicativo favorito.<\/p>\n","protected":false},"excerpt":{"rendered":"<p>Acompanhe o Femina de hoje, a partir das 14h00, pela R\u00e1dio Universidade AM. A sele\u00e7\u00e3o musical programada \u00e9 a seguinte: Hellen Caroline &#8211; Me Perdoa Ana Ca\u00f1as &#8211; T\u00f4 na Vida Carla Visi &#8211; Guerreira Vilma Ribeiro &#8211; Escolho Voc\u00ea Daya Luz &#8211; Digo Sim Bruna Hetzel &#8211; \u00c1gua de Beber Gabi Buarque &#8211; Roda [&#8230;] <\/p>\n<p class=\"more-link-container\"><a href=\"https:\/\/aprendizdomundo.com\/portal\/2025\/07\/22\/femina2124\/\" class=\"more-link\">Read More<span class=\"screen-reader-text\"> &#8220;Femina na programa\u00e7\u00e3o da Universidade AM, 22\/07&#8221;<\/span><\/a><\/p>\n","protected":false},"author":1,"featured_media":47447,"comment_status":"closed","ping_status":"closed","sticky":false,"template":"","format":"standard","meta":{"_eb_attr":"","footnotes":""},"categories":[13],"tags":[34],"class_list":["post-48245","post","type-post","status-publish","format-standard","has-post-thumbnail","hentry","category-femina","tag-femina"],"nelio_content":{"autoShareEndMode":"never","automationSources":{"useCustomSentences":false,"customSentences":[]},"efiAlt":"","efiUrl":"","followers":[1],"highlights":[],"isAutoShareEnabled":true,"networkImageIds":[],"permalinkQueryArgs":[],"series":[],"suggestedReferences":[]},"_links":{"self":[{"href":"https:\/\/aprendizdomundo.com\/portal\/wp-json\/wp\/v2\/posts\/48245","targetHints":{"allow":["GET"]}}],"collection":[{"href":"https:\/\/aprendizdomundo.com\/portal\/wp-json\/wp\/v2\/posts"}],"about":[{"href":"https:\/\/aprendizdomundo.com\/portal\/wp-json\/wp\/v2\/types\/post"}],"author":[{"embeddable":true,"href":"https:\/\/aprendizdomundo.com\/portal\/wp-json\/wp\/v2\/users\/1"}],"replies":[{"embeddable":true,"href":"https:\/\/aprendizdomundo.com\/portal\/wp-json\/wp\/v2\/comments?post=48245"}],"version-history":[{"count":1,"href":"https:\/\/aprendizdomundo.com\/portal\/wp-json\/wp\/v2\/posts\/48245\/revisions"}],"predecessor-version":[{"id":48246,"href":"https:\/\/aprendizdomundo.com\/portal\/wp-json\/wp\/v2\/posts\/48245\/revisions\/48246"}],"wp:featuredmedia":[{"embeddable":true,"href":"https:\/\/aprendizdomundo.com\/portal\/wp-json\/wp\/v2\/media\/47447"}],"wp:attachment":[{"href":"https:\/\/aprendizdomundo.com\/portal\/wp-json\/wp\/v2\/media?parent=48245"}],"wp:term":[{"taxonomy":"category","embeddable":true,"href":"https:\/\/aprendizdomundo.com\/portal\/wp-json\/wp\/v2\/categories?post=48245"},{"taxonomy":"post_tag","embeddable":true,"href":"https:\/\/aprendizdomundo.com\/portal\/wp-json\/wp\/v2\/tags?post=48245"}],"curies":[{"name":"wp","href":"https:\/\/api.w.org\/{rel}","templated":true}]}}