{"id":48283,"date":"2025-07-22T05:00:36","date_gmt":"2025-07-22T08:00:36","guid":{"rendered":"https:\/\/aprendizdomundo.com\/portal\/?p=48283"},"modified":"2025-07-08T10:32:10","modified_gmt":"2025-07-08T13:32:10","slug":"fandangogaucho514","status":"publish","type":"post","link":"https:\/\/aprendizdomundo.com\/portal\/2025\/07\/22\/fandangogaucho514\/","title":{"rendered":"Fandango Ga\u00facho no entardecer da Universidade AM, 22\/07"},"content":{"rendered":"<p><img fetchpriority=\"high\" decoding=\"async\" class=\"alignleft\" title=\"Fandango Ga\u00facho\" src=\"https:\/\/aprendizdomundo.com\/imagens\/marca800_fandango.png\" alt=\"Fandango Ga\u00facho\" width=\"320\" height=\"320\" \/>Acompanhe o <strong>Fandango Ga\u00facho<\/strong> de hoje, a partir das <strong>18h00<\/strong>, pela <strong><a title=\"R\u00e1dio Universidade AM\" href=\"https:\/\/www.ufsm.br\/radio\" target=\"_blank\" rel=\"noopener\">R\u00e1dio Universidade AM<\/a><\/strong>.<\/p>\n<p>Voc\u00ea vai ouvir a seguinte sele\u00e7\u00e3o de m\u00fasicas:<\/p>\n<p>Grupo Estampa Crioula &#8211; Lida de Domador<br \/>\nJorge Freitas e Grupo P\u00e1tria Ga\u00facha &#8211; Na Manha da Vaneira<br \/>\nDed\u00e9 Cunha &#8211; Do Tempo Antigo<br \/>\nOs Monarcas &#8211; Minha Bandeira<br \/>\nJo\u00e3o Luiz Corr\u00eaa e Mano Lima &#8211; Virou Lingui\u00e7a<br \/>\nGrupo Candieiro &#8211; Xote da Primavera<br \/>\nAilton Lemos &#8211; Da Vaneira Pra Vaneira<\/p>\n<p><strong><a title=\"Fandango Ga\u00facho\" href=\"https:\/\/aprendizdomundo.com\/portal\/radio\/programas\/fandango\/\">Fandango Ga\u00facho<\/a><\/strong>\u00e9 um programa dedicado \u00e0 m\u00fasica ga\u00facha, especialmente a vertente baileira.<\/p>\n<p>A atra\u00e7\u00e3o vai ao ar pela <strong>Universidade AM<\/strong>, de segunda a sexta, na faixa das 18h00 \u00e0s 18h30. A pesquisa, produ\u00e7\u00e3o, sele\u00e7\u00e3o de repert\u00f3rio e edi\u00e7\u00e3o \u00e9 de <strong><a title=\"Milton Oliveira\" target=\"_blank\" rel=\"noopener\" href=\"https:\/\/aprendizdomundo.com\/miltonoliveira\">Milton Oliveira<\/a><\/strong>.<\/p>\n<p>O programa pode ser ouvido pelos <strong>800 AM<\/strong>, pelo <strong><a title=\"R\u00e1dio Universidade AM\" href=\"https:\/\/www.ufsm.br\/radio\" target=\"_blank\" rel=\"noopener\">site da emissora<\/a><\/strong> ou pelo smartphone, acessando seu aplicativo favorito.<\/p>\n","protected":false},"excerpt":{"rendered":"<p>Acompanhe o Fandango Ga\u00facho de hoje, a partir das 18h00, pela R\u00e1dio Universidade AM. Voc\u00ea vai ouvir a seguinte sele\u00e7\u00e3o de m\u00fasicas: Grupo Estampa Crioula &#8211; Lida de Domador Jorge Freitas e Grupo P\u00e1tria Ga\u00facha &#8211; Na Manha da Vaneira Ded\u00e9 Cunha &#8211; Do Tempo Antigo Os Monarcas &#8211; Minha Bandeira Jo\u00e3o Luiz Corr\u00eaa e [&#8230;] <\/p>\n<p class=\"more-link-container\"><a href=\"https:\/\/aprendizdomundo.com\/portal\/2025\/07\/22\/fandangogaucho514\/\" class=\"more-link\">Read More<span class=\"screen-reader-text\"> &#8220;Fandango Ga\u00facho no entardecer da Universidade AM, 22\/07&#8221;<\/span><\/a><\/p>\n","protected":false},"author":1,"featured_media":47448,"comment_status":"closed","ping_status":"closed","sticky":false,"template":"","format":"standard","meta":{"_eb_attr":"","footnotes":""},"categories":[12],"tags":[46],"class_list":["post-48283","post","type-post","status-publish","format-standard","has-post-thumbnail","hentry","category-fandango","tag-musica-baileira"],"nelio_content":{"autoShareEndMode":"never","automationSources":{"useCustomSentences":false,"customSentences":[]},"efiAlt":"","efiUrl":"","followers":[1],"highlights":[],"isAutoShareEnabled":true,"networkImageIds":[],"permalinkQueryArgs":[],"series":[],"suggestedReferences":[]},"_links":{"self":[{"href":"https:\/\/aprendizdomundo.com\/portal\/wp-json\/wp\/v2\/posts\/48283","targetHints":{"allow":["GET"]}}],"collection":[{"href":"https:\/\/aprendizdomundo.com\/portal\/wp-json\/wp\/v2\/posts"}],"about":[{"href":"https:\/\/aprendizdomundo.com\/portal\/wp-json\/wp\/v2\/types\/post"}],"author":[{"embeddable":true,"href":"https:\/\/aprendizdomundo.com\/portal\/wp-json\/wp\/v2\/users\/1"}],"replies":[{"embeddable":true,"href":"https:\/\/aprendizdomundo.com\/portal\/wp-json\/wp\/v2\/comments?post=48283"}],"version-history":[{"count":1,"href":"https:\/\/aprendizdomundo.com\/portal\/wp-json\/wp\/v2\/posts\/48283\/revisions"}],"predecessor-version":[{"id":48284,"href":"https:\/\/aprendizdomundo.com\/portal\/wp-json\/wp\/v2\/posts\/48283\/revisions\/48284"}],"wp:featuredmedia":[{"embeddable":true,"href":"https:\/\/aprendizdomundo.com\/portal\/wp-json\/wp\/v2\/media\/47448"}],"wp:attachment":[{"href":"https:\/\/aprendizdomundo.com\/portal\/wp-json\/wp\/v2\/media?parent=48283"}],"wp:term":[{"taxonomy":"category","embeddable":true,"href":"https:\/\/aprendizdomundo.com\/portal\/wp-json\/wp\/v2\/categories?post=48283"},{"taxonomy":"post_tag","embeddable":true,"href":"https:\/\/aprendizdomundo.com\/portal\/wp-json\/wp\/v2\/tags?post=48283"}],"curies":[{"name":"wp","href":"https:\/\/api.w.org\/{rel}","templated":true}]}}