{"id":49041,"date":"2025-09-05T07:00:04","date_gmt":"2025-09-05T10:00:04","guid":{"rendered":"https:\/\/aprendizdomundo.com\/portal\/?p=49041"},"modified":"2025-08-26T10:11:34","modified_gmt":"2025-08-26T13:11:34","slug":"atracaonacionalnaunifm1767","status":"publish","type":"post","link":"https:\/\/aprendizdomundo.com\/portal\/2025\/09\/05\/atracaonacionalnaunifm1767\/","title":{"rendered":"Carol Cunha na Uni FM nesta sexta, 05\/09"},"content":{"rendered":"<p>Acompanhe o <strong>Atra\u00e7\u00e3o Nacional<\/strong> de hoje, a partir das <strong>22h00<\/strong>, pela <strong><a title=\"R\u00e1dio Uni FM\" href=\"https:\/\/www.ufsm.br\/radio\" target=\"_blank\" rel=\"noopener\">R\u00e1dio Uni FM<\/a><\/strong>.<\/p>\n<p><img fetchpriority=\"high\" decoding=\"async\" title=\"Carol Cunha\" class=\"alignleft\" src=\"https:\/\/aprendizdomundo.com\/imagens2\/at_carolcunha.jpg\" alt=\"Carol Cunha\" width=\"320\" height=\"320\" \/>A audi\u00e7\u00e3o desta noite destaca mais um nome do nosso elenco, tocando a obra gravada da cantora <strong>Carol Cunha<\/strong>. A compositora, cantora e educadora musical Carol Cunha nasceu em 1983, em S\u00e3o Lu\u00eds, capital do Maranh\u00e3o. \u00c9 neta do poeta Carlos Cunha (1933-1990), que foi membro da Academia Maranhense de Letras. Come\u00e7ou seus estudos em m\u00fasica aos doze anos de idade. Integrou o grupo de samba Ciranda, que em 2001 foi vencedor nas categorias de melhor m\u00fasica e melhor int\u00e9rprete do Concurso de Pagode, promovido pela TV Difusora.<\/p>\n<p>Por um tempo, Carol formou dupla com a irm\u00e3 Ana Tereza. Tem forma\u00e7\u00e3o nas licenciaturas de Educa\u00e7\u00e3o Art\u00edstica e M\u00fasica, ambas pela Universidade Federal do Maranh\u00e3o. A estreia discogr\u00e1fica aconteceu em 2005, com o lan\u00e7amento do \u00e1lbum A Fim de Voc\u00ea, ao lado de Ana Tereza. O primeiro trabalho solo integral \u00e9 de 2016, o CD Duetos.<\/p>\n<p>A <strong>playlist<\/strong> que vamos ouvir \u00e9 a seguinte:<\/p>\n<p>Vai Viver Tua Vida, Mulher, em dueto com Selma Melmonte<br \/>\nPorta Aberta<br \/>\nEspera<br \/>\nEssa Paix\u00e3o, em dueto com Tom Cl\u00e9ber<br \/>\nIlha Regueira<br \/>\nO Olhar da Janela<br \/>\nVoc\u00ea Vai Lembrar de Mim<br \/>\nSamba do Beijo, em dueto com Marcio Guimaraes e Selma Delago<br \/>\nQuando Voc\u00ea \u00e9 Voc\u00ea<br \/>\nUm Samba pra Leci Brand\u00e3o, com participa\u00e7\u00e3o de convidadas<br \/>\nBatucar<br \/>\nPaz e Amor, em dueto com Mario Fernando e Selma Delago<br \/>\nTudo Voltando ao Seu Lugar, com participa\u00e7\u00e3o de convidados<br \/>\nM\u00e1goa Contida<br \/>\nFiz um Samba pra Voc\u00ea, em dueto com Serrinha e Selma Delago<br \/>\nSil\u00eancio<\/p>\n<p>O <strong>Atra\u00e7\u00e3o Nacional<\/strong> vai ao ar pela <strong>Uni FM<\/strong>, de segunda a sexta, na faixa das 22h00 \u00e0s 23h00. A curadoria de elenco, dire\u00e7\u00e3o, pesquisa, produ\u00e7\u00e3o, sele\u00e7\u00e3o de repert\u00f3rio, reda\u00e7\u00e3o de texto, apresenta\u00e7\u00e3o e edi\u00e7\u00e3o \u00e9 de <strong><a title=\"Milton Oliveira\" target=\"_blank\" rel=\"noopener\" href=\"https:\/\/aprendizdomundo.com\/miltonoliveira\">Milton Oliveira<\/a><\/strong>.<\/p>\n<p>O programa pode ser ouvido pelos <strong>107.9 FM<\/strong>; pela home page da emissora, em <strong><a title=\"R\u00e1dio Uni FM\" href=\"https:\/\/www.ufsm.br\/radio\" target=\"_blank\" rel=\"noopener\">ufsm.br\/radio<\/a><\/strong>; ou pelo smartphone, acessando seu aplicativo favorito.<\/p>\n<p>O <strong>Atra\u00e7\u00e3o Nacional<\/strong> tamb\u00e9m \u00e9 veiculado pela <strong><a title=\"R\u00e1dio Universidade AM\" href=\"https:\/\/www.ufsm.br\/radio\" target=\"_blank\" rel=\"noopener\">Universidade 800 AM<\/a><\/strong>, de segunda a sexta, na faixa das 20h00 \u00e0s 21h00; pela <strong><a title=\"Resonance R\u00e1dio\" href=\"http:\/\/www.resonanceradio.com.br\/\" target=\"_blank\" rel=\"noopener\">Resonance R\u00e1dio<\/a><\/strong>, todo domingo, na faixa das 18h00 \u00e0s 19h00; e pela <strong><a title=\"R\u00e1dio Bloco\" href=\"http:\/\/www.radiobloco.net\/\" target=\"_blank\" rel=\"noopener\">R\u00e1dio Bloco<\/a><\/strong>, toda ter\u00e7a, na faixa das 17h00 \u00e0s 18h00. As audi\u00e7\u00f5es n\u00e3o s\u00e3o vinculadas, os destaques s\u00e3o sempre diferentes em cada emissora.<\/p>\n<p>Curta a fanpage do nosso programa em <strong><strong><a href=\"http:\/\/www.facebook.com\/atracaonacional\" target=\"_blank\" rel=\"noopener\" title=\"Atra\u00e7\u00e3o Nacional no Facebook\">facebook.com\/atracaonacional<\/a><\/strong><\/strong>.<\/p>\n","protected":false},"excerpt":{"rendered":"<p>Acompanhe o Atra\u00e7\u00e3o Nacional de hoje, a partir das 22h00, pela R\u00e1dio Uni FM. A audi\u00e7\u00e3o desta noite destaca mais um nome do nosso elenco, tocando a obra gravada da cantora Carol Cunha. A compositora, cantora e educadora musical Carol Cunha nasceu em 1983, em S\u00e3o Lu\u00eds, capital do Maranh\u00e3o. \u00c9 neta do poeta Carlos [&#8230;] <\/p>\n<p class=\"more-link-container\"><a href=\"https:\/\/aprendizdomundo.com\/portal\/2025\/09\/05\/atracaonacionalnaunifm1767\/\" class=\"more-link\">Read More<span class=\"screen-reader-text\"> &#8220;Carol Cunha na Uni FM nesta sexta, 05\/09&#8221;<\/span><\/a><\/p>\n","protected":false},"author":1,"featured_media":47452,"comment_status":"closed","ping_status":"closed","sticky":false,"template":"","format":"standard","meta":{"_eb_attr":"","footnotes":""},"categories":[4],"tags":[49],"class_list":["post-49041","post","type-post","status-publish","format-standard","has-post-thumbnail","hentry","category-atracao","tag-musica-do-brasil"],"nelio_content":{"autoShareEndMode":"never","automationSources":{"useCustomSentences":false,"customSentences":[]},"efiAlt":"","efiUrl":"","followers":[1],"highlights":[],"isAutoShareEnabled":true,"networkImageIds":[],"permalinkQueryArgs":[],"series":[],"suggestedReferences":[]},"_links":{"self":[{"href":"https:\/\/aprendizdomundo.com\/portal\/wp-json\/wp\/v2\/posts\/49041","targetHints":{"allow":["GET"]}}],"collection":[{"href":"https:\/\/aprendizdomundo.com\/portal\/wp-json\/wp\/v2\/posts"}],"about":[{"href":"https:\/\/aprendizdomundo.com\/portal\/wp-json\/wp\/v2\/types\/post"}],"author":[{"embeddable":true,"href":"https:\/\/aprendizdomundo.com\/portal\/wp-json\/wp\/v2\/users\/1"}],"replies":[{"embeddable":true,"href":"https:\/\/aprendizdomundo.com\/portal\/wp-json\/wp\/v2\/comments?post=49041"}],"version-history":[{"count":1,"href":"https:\/\/aprendizdomundo.com\/portal\/wp-json\/wp\/v2\/posts\/49041\/revisions"}],"predecessor-version":[{"id":49042,"href":"https:\/\/aprendizdomundo.com\/portal\/wp-json\/wp\/v2\/posts\/49041\/revisions\/49042"}],"wp:featuredmedia":[{"embeddable":true,"href":"https:\/\/aprendizdomundo.com\/portal\/wp-json\/wp\/v2\/media\/47452"}],"wp:attachment":[{"href":"https:\/\/aprendizdomundo.com\/portal\/wp-json\/wp\/v2\/media?parent=49041"}],"wp:term":[{"taxonomy":"category","embeddable":true,"href":"https:\/\/aprendizdomundo.com\/portal\/wp-json\/wp\/v2\/categories?post=49041"},{"taxonomy":"post_tag","embeddable":true,"href":"https:\/\/aprendizdomundo.com\/portal\/wp-json\/wp\/v2\/tags?post=49041"}],"curies":[{"name":"wp","href":"https:\/\/api.w.org\/{rel}","templated":true}]}}