{"id":49119,"date":"2025-08-31T18:00:32","date_gmt":"2025-08-31T21:00:32","guid":{"rendered":"https:\/\/aprendizdomundo.com\/portal\/?p=49119"},"modified":"2025-08-26T10:43:10","modified_gmt":"2025-08-26T13:43:10","slug":"sarandeio3054","status":"publish","type":"post","link":"https:\/\/aprendizdomundo.com\/portal\/2025\/08\/31\/sarandeio3054\/","title":{"rendered":"Sarandeio no amanhecer da Universidade AM, 01\/09"},"content":{"rendered":"<p><img fetchpriority=\"high\" decoding=\"async\" class=\"alignleft\" title=\"Sarandeio\" src=\"https:\/\/aprendizdomundo.com\/imagens\/sarandeio_d01.png\" alt=\"Sarandeio\" width=\"320\" height=\"320\" \/>Acompanhe o <strong>Sarandeio<\/strong> na pr\u00f3xima madrugada, a partir das <strong>05h00<\/strong>, pela <strong><a title=\"R\u00e1dio Universidade AM\" href=\"https:\/\/www.ufsm.br\/radio\" target=\"_blank\" rel=\"noopener\">R\u00e1dio Universidade AM<\/a><\/strong>.<\/p>\n<p>A sele\u00e7\u00e3o musical vai destacar&#8230;<\/p>\n<p>Os Mateadores &#8211; Alma Fronteira<br \/>\nGrupo Fronteiras &#8211; Sonhando na Vaneira<br \/>\nGrupo Quero-Quero &#8211; Vaneira pra Mim<br \/>\nGrupo Minuano &#8211; Coisa da Comadre<br \/>\nOs Ideais do Sul &#8211; Toque Galponeiro<br \/>\n\u00canio Medeiros &#8211; Os Golpes do Conhaque<br \/>\nGrupo Rastro do Tempo &#8211; Tio Fid\u00eancio<br \/>\nValdomiro Maic\u00e1 &#8211; Bailanta da Alpargata<br \/>\nGa\u00facho da Fronteira &#8211; Jo\u00e3o Tatu<br \/>\nGrupo Eco das Coxilhas &#8211; Velho Pala<br \/>\nSinuelo Pampeano &#8211; O Rio Grande Sou Eu<br \/>\nOtavio Silva &#8211; Espalha Brasa<br \/>\nGrupo Compasso Fandangueiro &#8211; Tranco de Fronteira<br \/>\n\u00c9dio e os Caranchos &#8211; Baile da Terceira Idade<br \/>\nNardel Silva &#8211; Baile no Chico Torto<br \/>\nGrupo Ra\u00edzes &#8211; Baile Campeiro<br \/>\nOs Filhos do Rio Grande &#8211; Vanera Pros Fandangueiros<br \/>\nOs Galponneros &#8211; Vaneira de Primeira<br \/>\nOs Rancheiros &#8211; Xiru Domador<br \/>\nMarin\u00eas Siqueira &#8211; Salta Caro\u00e7o<br \/>\nTib\u00farcio da Est\u00e2ncia e Walther Morais &#8211; Batendo os Ti\u00e7\u00e3o<br \/>\nSul Nativo &#8211; Num Rancho de Santa Fe<br \/>\nOs Parceiros &#8211; Meu Jeito de Viver<br \/>\nJo\u00e3o Luiz Corr\u00eaa e Grupo Camperismo &#8211; Dos Fandangos da Fronteira<br \/>\nOs Quatro Ga\u00fachos &#8211; Baile Ga\u00facho<br \/>\nTch\u00ea Maneiros &#8211; Toque de Gaiteiro<br \/>\nGrupo Floreio &#8211; Bem Desse Jeito Que Sou<br \/>\nSwing Ga\u00facho &#8211; Tropeando<br \/>\nCapit\u00e3o Faustino com C\u00e9sar Oliveira e Rog\u00e9rio Melo &#8211; Tava Morto e N\u00e3o Caiu<br \/>\nGrupo Caudilhos &#8211; Gaita Fandangueira<br \/>\nGrupo Herdeiros da Tradi\u00e7\u00e3o &#8211; Gaiteiro Malandrinho<br \/>\nRodrigo Machado &#8211; T\u00f4 Que T\u00f4 na Vaneira<br \/>\nOs Oliveiras &#8211; Tardes de Camperiadas<br \/>\nInvernada de Guapos &#8211; Vaner\u00e3o da Nana<br \/>\nGerson Mattos &#8211; Ao Tranquito<\/p>\n<p><strong><a title=\"Sarandeio\" href=\"https:\/\/aprendizdomundo.com\/portal\/radio\/programas\/sarandeio\/\">Sarandeio<\/a><\/strong> \u00e9 um programa dedicado \u00e0 m\u00fasica ga\u00facha, especialmente a vertente fandangueira. Re\u00fane can\u00e7\u00f5es de int\u00e9rpretes e grupos do Rio Grande do Sul e, tamb\u00e9m, artistas de outros estados que igualmente produzem m\u00fasica fandangueira.<\/p>\n<p>A atra\u00e7\u00e3o vai ao ar pela <strong>Universidade AM<\/strong>, todos os dias, na faixa das 05h00 \u00e0s 07h00. A pesquisa, produ\u00e7\u00e3o, sele\u00e7\u00e3o de repert\u00f3rio e edi\u00e7\u00e3o \u00e9 de <strong><a title=\"Milton Oliveira\" target=\"_blank\" rel=\"noopener\" href=\"https:\/\/aprendizdomundo.com\/miltonoliveira\">Milton Oliveira<\/a><\/strong>.<\/p>\n<p>O programa pode ser ouvido pelos <strong>800 AM<\/strong>, pelo <strong><a title=\"R\u00e1dio Universidade AM\" href=\"https:\/\/www.ufsm.br\/radio\" target=\"_blank\" rel=\"noopener\">site da emissora<\/a><\/strong> ou pelo smartphone, acessando seu aplicativo favorito.<\/p>\n","protected":false},"excerpt":{"rendered":"<p>Acompanhe o Sarandeio na pr\u00f3xima madrugada, a partir das 05h00, pela R\u00e1dio Universidade AM. A sele\u00e7\u00e3o musical vai destacar&#8230; Os Mateadores &#8211; Alma Fronteira Grupo Fronteiras &#8211; Sonhando na Vaneira Grupo Quero-Quero &#8211; Vaneira pra Mim Grupo Minuano &#8211; Coisa da Comadre Os Ideais do Sul &#8211; Toque Galponeiro \u00canio Medeiros &#8211; Os Golpes do [&#8230;] <\/p>\n<p class=\"more-link-container\"><a href=\"https:\/\/aprendizdomundo.com\/portal\/2025\/08\/31\/sarandeio3054\/\" class=\"more-link\">Read More<span class=\"screen-reader-text\"> &#8220;Sarandeio no amanhecer da Universidade AM, 01\/09&#8221;<\/span><\/a><\/p>\n","protected":false},"author":1,"featured_media":47442,"comment_status":"closed","ping_status":"closed","sticky":false,"template":"","format":"standard","meta":{"_eb_attr":"","footnotes":""},"categories":[22],"tags":[51],"class_list":["post-49119","post","type-post","status-publish","format-standard","has-post-thumbnail","hentry","category-sarandeio","tag-sarandeio"],"nelio_content":{"autoShareEndMode":"never","automationSources":{"useCustomSentences":false,"customSentences":[]},"efiAlt":"","efiUrl":"","followers":[1],"highlights":[],"isAutoShareEnabled":true,"networkImageIds":[],"permalinkQueryArgs":[],"series":[],"suggestedReferences":[]},"_links":{"self":[{"href":"https:\/\/aprendizdomundo.com\/portal\/wp-json\/wp\/v2\/posts\/49119","targetHints":{"allow":["GET"]}}],"collection":[{"href":"https:\/\/aprendizdomundo.com\/portal\/wp-json\/wp\/v2\/posts"}],"about":[{"href":"https:\/\/aprendizdomundo.com\/portal\/wp-json\/wp\/v2\/types\/post"}],"author":[{"embeddable":true,"href":"https:\/\/aprendizdomundo.com\/portal\/wp-json\/wp\/v2\/users\/1"}],"replies":[{"embeddable":true,"href":"https:\/\/aprendizdomundo.com\/portal\/wp-json\/wp\/v2\/comments?post=49119"}],"version-history":[{"count":1,"href":"https:\/\/aprendizdomundo.com\/portal\/wp-json\/wp\/v2\/posts\/49119\/revisions"}],"predecessor-version":[{"id":49120,"href":"https:\/\/aprendizdomundo.com\/portal\/wp-json\/wp\/v2\/posts\/49119\/revisions\/49120"}],"wp:featuredmedia":[{"embeddable":true,"href":"https:\/\/aprendizdomundo.com\/portal\/wp-json\/wp\/v2\/media\/47442"}],"wp:attachment":[{"href":"https:\/\/aprendizdomundo.com\/portal\/wp-json\/wp\/v2\/media?parent=49119"}],"wp:term":[{"taxonomy":"category","embeddable":true,"href":"https:\/\/aprendizdomundo.com\/portal\/wp-json\/wp\/v2\/categories?post=49119"},{"taxonomy":"post_tag","embeddable":true,"href":"https:\/\/aprendizdomundo.com\/portal\/wp-json\/wp\/v2\/tags?post=49119"}],"curies":[{"name":"wp","href":"https:\/\/api.w.org\/{rel}","templated":true}]}}