{"id":49123,"date":"2025-09-02T19:00:50","date_gmt":"2025-09-02T22:00:50","guid":{"rendered":"https:\/\/aprendizdomundo.com\/portal\/?p=49123"},"modified":"2025-08-26T10:44:19","modified_gmt":"2025-08-26T13:44:19","slug":"sarandeio3056","status":"publish","type":"post","link":"https:\/\/aprendizdomundo.com\/portal\/2025\/09\/02\/sarandeio3056\/","title":{"rendered":"Sarandeio no amanhecer da Universidade AM, 03\/09"},"content":{"rendered":"<p><img fetchpriority=\"high\" decoding=\"async\" class=\"alignleft\" title=\"Sarandeio\" src=\"https:\/\/aprendizdomundo.com\/imagens\/sarandeio_d03.png\" alt=\"Sarandeio\" width=\"320\" height=\"320\" \/>Acompanhe o <strong>Sarandeio<\/strong> na pr\u00f3xima madrugada, a partir das <strong>05h00<\/strong>, pela <strong><a title=\"R\u00e1dio Universidade AM\" href=\"https:\/\/www.ufsm.br\/radio\" target=\"_blank\" rel=\"noopener\">R\u00e1dio Universidade AM<\/a><\/strong>.<\/p>\n<p>A sele\u00e7\u00e3o musical vai destacar&#8230;<\/p>\n<p>Grupo Oh! de Casa &#8211; Fandangueando no Sul<br \/>\nM\u00e1rcio Padula e Grupo Alma Nativa &#8211; De Bolada<br \/>\nOs Pi\u00e1s de Passo Fundo &#8211; Quando Bate a Saudade<br \/>\nGrupo Gaita\u00e7o do Paran\u00e1 &#8211; Quando o Rio Grande Mostra a Cara<br \/>\nOs Tiranos &#8211; Bailes do Interior<br \/>\nM\u00e1rcio Correia &#8211; L\u00e1 nas Guria<br \/>\nGrupo Sina Fandangueira &#8211; Tirando o Cavaco<br \/>\nCrioulo Batista e Jo\u00e3o Luiz Corr\u00eaa &#8211; Chap\u00e9u Grande e Bombach\u00e3o<br \/>\nP\u00e1tria Sulina &#8211; Fandango Galponeiro<br \/>\nVolnei Gomes e Grupo Cantando o Rio Grande &#8211; Raz\u00f5es do Verso Campeiro<br \/>\nPaulo de Souza e Grupo &#8211; Meu Jeito de Domar<br \/>\nGrupo Chasque Campeiro &#8211; Na Fa\u00edsca das Esporas<br \/>\nGrupo Tropeiros &#8211; Canha e Gaita\u00e7o<br \/>\nOswaldir &#038; Carlos Magr\u00e3o &#8211; Ga\u00fachos<br \/>\nGrupo Marca\u00e7\u00e3o &#8211; N\u00e3o Era eu Nega V\u00e9ia<br \/>\nSandro Ribeiro &#8211; Gaita Serrana<br \/>\nGrupo Cantilena &#8211; Na Base do Vaner\u00e3o<br \/>\nLu\u00eds Moreira e Grupo Estampa Galponeira &#8211; Bafaf\u00e1<br \/>\nAses do Fandango &#8211; Dan\u00e7ando na Fronteira<br \/>\nGrupo Sul Am\u00e9rica &#8211; De Alma e Cordeona<br \/>\nLeonardo &#8211; Terezona Dan\u00e7adeira<br \/>\nTch\u00ea Bagual &#8211; Vanera Baguala<br \/>\nNeto Fagundes &#8211; Perdido Num Baile de Fronteira<br \/>\nGrupo Barbicacho &#8211; Campeador de Bochincho<br \/>\nGrupo Marcas &#8211; De Casco e Fronteira<br \/>\nGrupo Tropilha Gaviona &#8211; Parando Rodeio<br \/>\nGrupo Os Pi\u00e1s de Passo Fundo &#8211; Tranco Fandangueiro<br \/>\nOs Lend\u00e1rios &#8211; Upa, Maruca<br \/>\nTio Nanato &#8211; Paleteando o Moro Veio<br \/>\nGrupo Nova Ra\u00e7a &#8211; Campeiro e Cantador<br \/>\nJulio Cezar Lunardi e Grupo Fandangueiro &#8211; Sou Fandangueiro<br \/>\nRenato Borghetti &#8211; Bailinho na Capela<br \/>\nOs Monarcas &#8211; Carcando Vaner\u00e3o<br \/>\nGrupo Liberdade &#8211; Xote do Retoco<br \/>\nParentte e R\u00e9gis Marques &#8211; Porque N\u00e3o Queremo<\/p>\n<p><strong><a title=\"Sarandeio\" href=\"https:\/\/aprendizdomundo.com\/portal\/radio\/programas\/sarandeio\/\">Sarandeio<\/a><\/strong> \u00e9 um programa dedicado \u00e0 m\u00fasica ga\u00facha, especialmente a vertente fandangueira. Re\u00fane can\u00e7\u00f5es de int\u00e9rpretes e grupos do Rio Grande do Sul e, tamb\u00e9m, artistas de outros estados que igualmente produzem m\u00fasica fandangueira.<\/p>\n<p>A atra\u00e7\u00e3o vai ao ar pela <strong>Universidade AM<\/strong>, todos os dias, na faixa das 05h00 \u00e0s 07h00. A pesquisa, produ\u00e7\u00e3o, sele\u00e7\u00e3o de repert\u00f3rio e edi\u00e7\u00e3o \u00e9 de <strong><a title=\"Milton Oliveira\" target=\"_blank\" rel=\"noopener\" href=\"https:\/\/aprendizdomundo.com\/miltonoliveira\">Milton Oliveira<\/a><\/strong>.<\/p>\n<p>O programa pode ser ouvido pelos <strong>800 AM<\/strong>, pelo <strong><a title=\"R\u00e1dio Universidade AM\" href=\"https:\/\/www.ufsm.br\/radio\" target=\"_blank\" rel=\"noopener\">site da emissora<\/a><\/strong> ou pelo smartphone, acessando seu aplicativo favorito.<\/p>\n","protected":false},"excerpt":{"rendered":"<p>Acompanhe o Sarandeio na pr\u00f3xima madrugada, a partir das 05h00, pela R\u00e1dio Universidade AM. A sele\u00e7\u00e3o musical vai destacar&#8230; Grupo Oh! de Casa &#8211; Fandangueando no Sul M\u00e1rcio Padula e Grupo Alma Nativa &#8211; De Bolada Os Pi\u00e1s de Passo Fundo &#8211; Quando Bate a Saudade Grupo Gaita\u00e7o do Paran\u00e1 &#8211; Quando o Rio Grande [&#8230;] <\/p>\n<p class=\"more-link-container\"><a href=\"https:\/\/aprendizdomundo.com\/portal\/2025\/09\/02\/sarandeio3056\/\" class=\"more-link\">Read More<span class=\"screen-reader-text\"> &#8220;Sarandeio no amanhecer da Universidade AM, 03\/09&#8221;<\/span><\/a><\/p>\n","protected":false},"author":1,"featured_media":47442,"comment_status":"closed","ping_status":"closed","sticky":false,"template":"","format":"standard","meta":{"_eb_attr":"","footnotes":""},"categories":[22],"tags":[51],"class_list":["post-49123","post","type-post","status-publish","format-standard","has-post-thumbnail","hentry","category-sarandeio","tag-sarandeio"],"nelio_content":{"autoShareEndMode":"never","automationSources":{"useCustomSentences":false,"customSentences":[]},"efiAlt":"","efiUrl":"","followers":[1],"highlights":[],"isAutoShareEnabled":true,"networkImageIds":[],"permalinkQueryArgs":[],"series":[],"suggestedReferences":[]},"_links":{"self":[{"href":"https:\/\/aprendizdomundo.com\/portal\/wp-json\/wp\/v2\/posts\/49123","targetHints":{"allow":["GET"]}}],"collection":[{"href":"https:\/\/aprendizdomundo.com\/portal\/wp-json\/wp\/v2\/posts"}],"about":[{"href":"https:\/\/aprendizdomundo.com\/portal\/wp-json\/wp\/v2\/types\/post"}],"author":[{"embeddable":true,"href":"https:\/\/aprendizdomundo.com\/portal\/wp-json\/wp\/v2\/users\/1"}],"replies":[{"embeddable":true,"href":"https:\/\/aprendizdomundo.com\/portal\/wp-json\/wp\/v2\/comments?post=49123"}],"version-history":[{"count":1,"href":"https:\/\/aprendizdomundo.com\/portal\/wp-json\/wp\/v2\/posts\/49123\/revisions"}],"predecessor-version":[{"id":49124,"href":"https:\/\/aprendizdomundo.com\/portal\/wp-json\/wp\/v2\/posts\/49123\/revisions\/49124"}],"wp:featuredmedia":[{"embeddable":true,"href":"https:\/\/aprendizdomundo.com\/portal\/wp-json\/wp\/v2\/media\/47442"}],"wp:attachment":[{"href":"https:\/\/aprendizdomundo.com\/portal\/wp-json\/wp\/v2\/media?parent=49123"}],"wp:term":[{"taxonomy":"category","embeddable":true,"href":"https:\/\/aprendizdomundo.com\/portal\/wp-json\/wp\/v2\/categories?post=49123"},{"taxonomy":"post_tag","embeddable":true,"href":"https:\/\/aprendizdomundo.com\/portal\/wp-json\/wp\/v2\/tags?post=49123"}],"curies":[{"name":"wp","href":"https:\/\/api.w.org\/{rel}","templated":true}]}}