{"id":49127,"date":"2025-09-04T19:00:02","date_gmt":"2025-09-04T22:00:02","guid":{"rendered":"https:\/\/aprendizdomundo.com\/portal\/?p=49127"},"modified":"2025-08-26T10:45:32","modified_gmt":"2025-08-26T13:45:32","slug":"sarandeio3058","status":"publish","type":"post","link":"https:\/\/aprendizdomundo.com\/portal\/2025\/09\/04\/sarandeio3058\/","title":{"rendered":"Sarandeio no amanhecer da Universidade AM, 05\/09"},"content":{"rendered":"<p><img fetchpriority=\"high\" decoding=\"async\" class=\"alignleft\" title=\"Sarandeio\" src=\"https:\/\/aprendizdomundo.com\/imagens\/sarandeio_d05.png\" alt=\"Sarandeio\" width=\"320\" height=\"320\" \/>Acompanhe o <strong>Sarandeio<\/strong> na pr\u00f3xima madrugada, a partir das <strong>05h00<\/strong>, pela <strong><a title=\"R\u00e1dio Universidade AM\" href=\"https:\/\/www.ufsm.br\/radio\" target=\"_blank\" rel=\"noopener\">R\u00e1dio Universidade AM<\/a><\/strong>.<\/p>\n<p>A sele\u00e7\u00e3o musical vai destacar&#8230;<\/p>\n<p>Tch\u00ea Mocada &#8211; Surungo \u00e9 Bom<br \/>\nGrupo Fandango &#8211; Bailanteiro<br \/>\nCharla de Fronteira &#8211; Milongueando um Fund\u00e3o de Campo<br \/>\nAbel Minello &#8211; Fandango no Povoado<br \/>\nTch\u00ea Guri &#8211; Fandanguerona<br \/>\nGrupo Tarum\u00e3 &#8211; Flor de Surungo<br \/>\nGa\u00facho da Fronteira &#8211; Bagual Barbaridade<br \/>\nGurizada Medonha &#8211; No Traquejo da Vanera<br \/>\nXir\u00fa Missioneiro &#8211; Ga\u00facho Rio Grande Tch\u00ea<br \/>\nGrupo Est\u00e2ncia &#8211; Surungo na Jandira<br \/>\nGrupo Toque de Galp\u00e3o &#8211; O Toque Fandangueiro<br \/>\nMichael Gaiteiro &#8211; Toque do Albino<br \/>\nGrupo Quer\u00eancia &#8211; O Gaita\u00e7o do Quer\u00eancia<br \/>\nGrupo Sarandeeio &#8211; Baile de Galp\u00e3o<br \/>\nOs Querencianos &#8211; Gaiteiro N\u00e3o \u00e9 Hora de Parar<br \/>\nMano Lima &#8211; Jo\u00e3o Balaio<br \/>\nGrupo Marca do Tempo &#8211; Fim de Baile<br \/>\nGrupo Capital Tch\u00ea &#8211; O Jeit\u00e3o do Gaud\u00e9rio<br \/>\nOs Chiripas &#8211; Tua Lida<br \/>\nViviane de Avila &#8211; Vaneir\u00e3o Ga\u00facho<br \/>\nGrupo Gaita\u00e7o do Brasil &#8211; Os Acoites da Saudade<br \/>\nGrupo Ra\u00e7a Ga\u00facha &#8211; No Tranquito da Rancheira<br \/>\nBugre do Caar\u00f3o e Cau\u00ea Guarany &#8211; Gaiteiro a Moda Antiga<br \/>\nEco do Minuano e Bonitinho &#8211; Ga\u00facho Apaixonado<br \/>\nBando Ga\u00facho &#8211; Domador de Potro<br \/>\nGrupo Madrugada &#8211; Baile da Capela<br \/>\nGrupo Balan\u00e7o Campeiro &#8211; Essa Dan\u00e7a Brasileira<br \/>\nGrupo Liberdade Ga\u00facha &#8211; Baile do Chico Feio<br \/>\nDeco Dalponte &#8211; Gaitita Fandangueira<br \/>\nOs Pirilampos &#8211; Meu Paran\u00e1<br \/>\nTranco Serrano &#8211; Seu Gaiteiro<br \/>\nIedo Silva &#8211; Mi Maior de Gavet\u00e3o<br \/>\nCezar Ferreira &#8211; Baile Bem Bom<br \/>\nMarca Fandangueira &#8211; Eu Dan\u00e7o Vaneira<br \/>\nTranco e Balan\u00e7o &#8211; Tranco e Balan\u00e7o<\/p>\n<p><strong><a title=\"Sarandeio\" href=\"https:\/\/aprendizdomundo.com\/portal\/radio\/programas\/sarandeio\/\">Sarandeio<\/a><\/strong> \u00e9 um programa dedicado \u00e0 m\u00fasica ga\u00facha, especialmente a vertente fandangueira. Re\u00fane can\u00e7\u00f5es de int\u00e9rpretes e grupos do Rio Grande do Sul e, tamb\u00e9m, artistas de outros estados que igualmente produzem m\u00fasica fandangueira.<\/p>\n<p>A atra\u00e7\u00e3o vai ao ar pela <strong>Universidade AM<\/strong>, todos os dias, na faixa das 05h00 \u00e0s 07h00. A pesquisa, produ\u00e7\u00e3o, sele\u00e7\u00e3o de repert\u00f3rio e edi\u00e7\u00e3o \u00e9 de <strong><a title=\"Milton Oliveira\" target=\"_blank\" rel=\"noopener\" href=\"https:\/\/aprendizdomundo.com\/miltonoliveira\">Milton Oliveira<\/a><\/strong>.<\/p>\n<p>O programa pode ser ouvido pelos <strong>800 AM<\/strong>, pelo <strong><a title=\"R\u00e1dio Universidade AM\" href=\"https:\/\/www.ufsm.br\/radio\" target=\"_blank\" rel=\"noopener\">site da emissora<\/a><\/strong> ou pelo smartphone, acessando seu aplicativo favorito.<\/p>\n","protected":false},"excerpt":{"rendered":"<p>Acompanhe o Sarandeio na pr\u00f3xima madrugada, a partir das 05h00, pela R\u00e1dio Universidade AM. A sele\u00e7\u00e3o musical vai destacar&#8230; Tch\u00ea Mocada &#8211; Surungo \u00e9 Bom Grupo Fandango &#8211; Bailanteiro Charla de Fronteira &#8211; Milongueando um Fund\u00e3o de Campo Abel Minello &#8211; Fandango no Povoado Tch\u00ea Guri &#8211; Fandanguerona Grupo Tarum\u00e3 &#8211; Flor de Surungo Ga\u00facho [&#8230;] <\/p>\n<p class=\"more-link-container\"><a href=\"https:\/\/aprendizdomundo.com\/portal\/2025\/09\/04\/sarandeio3058\/\" class=\"more-link\">Read More<span class=\"screen-reader-text\"> &#8220;Sarandeio no amanhecer da Universidade AM, 05\/09&#8221;<\/span><\/a><\/p>\n","protected":false},"author":1,"featured_media":47442,"comment_status":"closed","ping_status":"closed","sticky":false,"template":"","format":"standard","meta":{"_eb_attr":"","footnotes":""},"categories":[22],"tags":[51],"class_list":["post-49127","post","type-post","status-publish","format-standard","has-post-thumbnail","hentry","category-sarandeio","tag-sarandeio"],"nelio_content":{"autoShareEndMode":"never","automationSources":{"useCustomSentences":false,"customSentences":[]},"efiAlt":"","efiUrl":"","followers":[1],"highlights":[],"isAutoShareEnabled":true,"networkImageIds":[],"permalinkQueryArgs":[],"series":[],"suggestedReferences":[]},"_links":{"self":[{"href":"https:\/\/aprendizdomundo.com\/portal\/wp-json\/wp\/v2\/posts\/49127","targetHints":{"allow":["GET"]}}],"collection":[{"href":"https:\/\/aprendizdomundo.com\/portal\/wp-json\/wp\/v2\/posts"}],"about":[{"href":"https:\/\/aprendizdomundo.com\/portal\/wp-json\/wp\/v2\/types\/post"}],"author":[{"embeddable":true,"href":"https:\/\/aprendizdomundo.com\/portal\/wp-json\/wp\/v2\/users\/1"}],"replies":[{"embeddable":true,"href":"https:\/\/aprendizdomundo.com\/portal\/wp-json\/wp\/v2\/comments?post=49127"}],"version-history":[{"count":1,"href":"https:\/\/aprendizdomundo.com\/portal\/wp-json\/wp\/v2\/posts\/49127\/revisions"}],"predecessor-version":[{"id":49128,"href":"https:\/\/aprendizdomundo.com\/portal\/wp-json\/wp\/v2\/posts\/49127\/revisions\/49128"}],"wp:featuredmedia":[{"embeddable":true,"href":"https:\/\/aprendizdomundo.com\/portal\/wp-json\/wp\/v2\/media\/47442"}],"wp:attachment":[{"href":"https:\/\/aprendizdomundo.com\/portal\/wp-json\/wp\/v2\/media?parent=49127"}],"wp:term":[{"taxonomy":"category","embeddable":true,"href":"https:\/\/aprendizdomundo.com\/portal\/wp-json\/wp\/v2\/categories?post=49127"},{"taxonomy":"post_tag","embeddable":true,"href":"https:\/\/aprendizdomundo.com\/portal\/wp-json\/wp\/v2\/tags?post=49127"}],"curies":[{"name":"wp","href":"https:\/\/api.w.org\/{rel}","templated":true}]}}