{"id":49268,"date":"2025-09-10T06:00:55","date_gmt":"2025-09-10T09:00:55","guid":{"rendered":"https:\/\/aprendizdomundo.com\/portal\/?p=49268"},"modified":"2025-08-31T10:33:31","modified_gmt":"2025-08-31T13:33:31","slug":"atracaonacional1875","status":"publish","type":"post","link":"https:\/\/aprendizdomundo.com\/portal\/2025\/09\/10\/atracaonacional1875\/","title":{"rendered":"Luana Bay\u00f4 na Universidade AM nesta quarta, 10\/09"},"content":{"rendered":"<p>Acompanhe a audi\u00e7\u00e3o 1875 do <strong>Atra\u00e7\u00e3o Nacional<\/strong>, a partir das <strong>20h00<\/strong>, na programa\u00e7\u00e3o da <strong><a title=\"R\u00e1dio Universidade AM\" href=\"https:\/\/www.ufsm.br\/radio\" target=\"_blank\" rel=\"noopener\">R\u00e1dio Universidade AM<\/a><\/strong>.<\/p>\n<p><img fetchpriority=\"high\" decoding=\"async\" title=\"Luana Bay\u00f4\" class=\"alignleft\" src=\"https:\/\/aprendizdomundo.com\/imagens2\/at_luanabayo.jpg\" alt=\"Luana Bay\u00f4\" width=\"320\" height=\"320\" \/>A audi\u00e7\u00e3o desta noite destaca mais um nome do nosso elenco, tocando a obra gravada da cantora <strong>Luana Bay\u00f4<\/strong>. A compositora, cantora e educadora Luana Bay\u00f4 \u00e9 natural do bairro Bela Vista, reduto sambista da cidade de S\u00e3o Paulo. Foi criada no Campo Limpo. Aos doze anos, iniciou sua forma\u00e7\u00e3o musical na EMESP Tom Jobim (Escola de M\u00fasica do Estado de S\u00e3o Paulo), \u00e0 \u00e9poca, Universidade Livre de M\u00fasica. Ela tem forma\u00e7\u00e3o superior em Letras e Arte-educa\u00e7\u00e3o. \u00c9 professora de L\u00edngua Portuguesa na Rede Municipal de Educa\u00e7\u00e3o de S\u00e3o Paulo. A estreia discogr\u00e1fica aconteceu em 2016, com o lan\u00e7amento do EP Voz Negra. Em 2023, foi agraciada com o Pr\u00eamio Profissionais da M\u00fasica, na categoria Melhor Cantora de Samba.<\/p>\n<p>A <strong>playlist<\/strong> que vamos ouvir \u00e9 a seguinte:<\/p>\n<p>Porto dos Desejos<br \/>\nAntes de Salvar o Mundo<br \/>\nJombo<br \/>\nO Sobrado de Mam\u00e3e \u00e9 Debaixo d&#8217;\u00c1gua<br \/>\nFoi na Beira do Mar<br \/>\n\u00c1gua Quando Cai do C\u00e9u<br \/>\nVedete da Favela<br \/>\nAcende o Fogo<br \/>\nVento Norte<br \/>\nTem Dend\u00ea<br \/>\nRefugio<br \/>\nChefe da Macaia<br \/>\nNzambi<br \/>\nMour\u00e3o Que N\u00e3o Cai<br \/>\nQuem Assim me v\u00ea Cantando<br \/>\nCanto de Reza<br \/>\nRa Re Ri Ro Rua<br \/>\nLinda Manha<\/p>\n<p>O <strong>Atra\u00e7\u00e3o Nacional<\/strong> vai ao ar pela <strong>Universidade AM<\/strong>, de segunda a sexta, na faixa das 20h00 \u00e0s 21h00. A curadoria de elenco, dire\u00e7\u00e3o, pesquisa, produ\u00e7\u00e3o, sele\u00e7\u00e3o de repert\u00f3rio, reda\u00e7\u00e3o de texto, apresenta\u00e7\u00e3o e edi\u00e7\u00e3o \u00e9 de <strong><a title=\"Milton Oliveira\" target=\"_blank\" rel=\"noopener\" href=\"https:\/\/aprendizdomundo.com\/miltonoliveira\">Milton Oliveira<\/a><\/strong>.<\/p>\n<p>O programa pode ser ouvido pelos <strong>800 AM<\/strong>; pela home page da emissora, em <strong><a title=\"R\u00e1dio Universidade AM\" href=\"https:\/\/www.ufsm.br\/radio\" target=\"_blank\" rel=\"noopener\">ufsm.br\/radio<\/a><\/strong>; ou pelo smartphone, acessando seu aplicativo favorito.<\/p>\n<p>O <strong>Atra\u00e7\u00e3o Nacional<\/strong> tamb\u00e9m \u00e9 veiculado pela <strong><a title=\"R\u00e1dio Uni FM\" href=\"https:\/\/www.ufsm.br\/radio\" target=\"_blank\" rel=\"noopener\">Uni FM 107.9<\/a><\/strong>, de segunda a sexta, na faixa das 22h00 \u00e0s 23h00; pela <strong><a title=\"Resonance R\u00e1dio\" href=\"http:\/\/www.resonanceradio.com.br\/\" target=\"_blank\" rel=\"noopener\">Resonance R\u00e1dio<\/a><\/strong>, todo domingo, na faixa das 18h00 \u00e0s 19h00; e pela <strong><a title=\"R\u00e1dio Bloco\" href=\"http:\/\/www.radiobloco.net\/\" target=\"_blank\" rel=\"noopener\">R\u00e1dio Bloco<\/a><\/strong>, toda ter\u00e7a, na faixa das 17h00 \u00e0s 18h00. As audi\u00e7\u00f5es n\u00e3o s\u00e3o vinculadas, os destaques s\u00e3o sempre diferentes em cada emissora.<\/p>\n<p>Curta a fanpage do nosso programa em <strong><strong><a href=\"http:\/\/www.facebook.com\/atracaonacional\" target=\"_blank\" rel=\"noopener\" title=\"Atra\u00e7\u00e3o Nacional no Facebook\">facebook.com\/atracaonacional<\/a><\/strong><\/strong>.<\/p>\n","protected":false},"excerpt":{"rendered":"<p>Acompanhe a audi\u00e7\u00e3o 1875 do Atra\u00e7\u00e3o Nacional, a partir das 20h00, na programa\u00e7\u00e3o da R\u00e1dio Universidade AM. A audi\u00e7\u00e3o desta noite destaca mais um nome do nosso elenco, tocando a obra gravada da cantora Luana Bay\u00f4. A compositora, cantora e educadora Luana Bay\u00f4 \u00e9 natural do bairro Bela Vista, reduto sambista da cidade de S\u00e3o [&#8230;] <\/p>\n<p class=\"more-link-container\"><a href=\"https:\/\/aprendizdomundo.com\/portal\/2025\/09\/10\/atracaonacional1875\/\" class=\"more-link\">Read More<span class=\"screen-reader-text\"> &#8220;Luana Bay\u00f4 na Universidade AM nesta quarta, 10\/09&#8221;<\/span><\/a><\/p>\n","protected":false},"author":1,"featured_media":47452,"comment_status":"closed","ping_status":"closed","sticky":false,"template":"","format":"standard","meta":{"_eb_attr":"","footnotes":""},"categories":[4],"tags":[49],"class_list":["post-49268","post","type-post","status-publish","format-standard","has-post-thumbnail","hentry","category-atracao","tag-musica-do-brasil"],"nelio_content":{"autoShareEndMode":"never","automationSources":{"useCustomSentences":false,"customSentences":[]},"efiAlt":"","efiUrl":"","followers":[1],"highlights":[],"isAutoShareEnabled":true,"networkImageIds":[],"permalinkQueryArgs":[],"series":[],"suggestedReferences":[]},"_links":{"self":[{"href":"https:\/\/aprendizdomundo.com\/portal\/wp-json\/wp\/v2\/posts\/49268","targetHints":{"allow":["GET"]}}],"collection":[{"href":"https:\/\/aprendizdomundo.com\/portal\/wp-json\/wp\/v2\/posts"}],"about":[{"href":"https:\/\/aprendizdomundo.com\/portal\/wp-json\/wp\/v2\/types\/post"}],"author":[{"embeddable":true,"href":"https:\/\/aprendizdomundo.com\/portal\/wp-json\/wp\/v2\/users\/1"}],"replies":[{"embeddable":true,"href":"https:\/\/aprendizdomundo.com\/portal\/wp-json\/wp\/v2\/comments?post=49268"}],"version-history":[{"count":1,"href":"https:\/\/aprendizdomundo.com\/portal\/wp-json\/wp\/v2\/posts\/49268\/revisions"}],"predecessor-version":[{"id":49269,"href":"https:\/\/aprendizdomundo.com\/portal\/wp-json\/wp\/v2\/posts\/49268\/revisions\/49269"}],"wp:featuredmedia":[{"embeddable":true,"href":"https:\/\/aprendizdomundo.com\/portal\/wp-json\/wp\/v2\/media\/47452"}],"wp:attachment":[{"href":"https:\/\/aprendizdomundo.com\/portal\/wp-json\/wp\/v2\/media?parent=49268"}],"wp:term":[{"taxonomy":"category","embeddable":true,"href":"https:\/\/aprendizdomundo.com\/portal\/wp-json\/wp\/v2\/categories?post=49268"},{"taxonomy":"post_tag","embeddable":true,"href":"https:\/\/aprendizdomundo.com\/portal\/wp-json\/wp\/v2\/tags?post=49268"}],"curies":[{"name":"wp","href":"https:\/\/api.w.org\/{rel}","templated":true}]}}