{"id":49272,"date":"2025-09-12T06:00:13","date_gmt":"2025-09-12T09:00:13","guid":{"rendered":"https:\/\/aprendizdomundo.com\/portal\/?p=49272"},"modified":"2025-08-31T10:34:43","modified_gmt":"2025-08-31T13:34:43","slug":"atracaonacional1877","status":"publish","type":"post","link":"https:\/\/aprendizdomundo.com\/portal\/2025\/09\/12\/atracaonacional1877\/","title":{"rendered":"Scarc\u00e9us na Universidade AM nesta sexta, 12\/09"},"content":{"rendered":"<p>Acompanhe o <strong>Atra\u00e7\u00e3o Nacional<\/strong> de hoje, a partir das <strong>20h00<\/strong>, na programa\u00e7\u00e3o da <strong><a title=\"R\u00e1dio Universidade AM\" href=\"https:\/\/www.ufsm.br\/radio\" target=\"_blank\" rel=\"noopener\">R\u00e1dio Universidade AM<\/a><\/strong>.<\/p>\n<p><img fetchpriority=\"high\" decoding=\"async\" title=\"Scarc\u00e9us\" class=\"alignleft\" src=\"https:\/\/aprendizdomundo.com\/imagens2\/at_scarceus.jpg\" alt=\"Scarc\u00e9us\" width=\"320\" height=\"320\" \/>A audi\u00e7\u00e3o desta noite destaca mais um nome do nosso elenco, tocando a obra gravada da banda <strong>Scarc\u00e9us<\/strong>. O grupo, sediado em Belo Horizonte, tem na sua forma\u00e7\u00e3o os m\u00fasicos Henrique Papatella, Augusto Nogueira, Jo\u00e3o Pinho e Alexandre Marques. A estreia discogr\u00e1fica aconteceu em 1999, com o lan\u00e7amento do \u00e1lbum A Verdade. A banda j\u00e1 produziu at\u00e9 um curta-metragem, intitulado M\u00fasica, lan\u00e7ado em 2017.<\/p>\n<p>A <strong>playlist<\/strong> que vamos ouvir \u00e9 a seguinte:<\/p>\n<p>Volte ao Seu Come\u00e7o<br \/>\nSim<br \/>\nQuem Sou Eu<br \/>\nM\u00fasica<br \/>\nRaio de Sol<br \/>\nSonhos<br \/>\nSin\u00f4nimos, com participa\u00e7\u00e3o de Paula Fernandes<br \/>\nAcredite em Voc\u00ea<br \/>\nOutra Vez<br \/>\nMeu Bem Querer<br \/>\nJuca<br \/>\nSeu, em vers\u00e3o ao vivo<br \/>\nTente Outra Vez, em vers\u00e3o ao vivo<br \/>\nL\u00e1agrimas<br \/>\nCaminhos<br \/>\nEu Vim te Ver<\/p>\n<p>O <strong>Atra\u00e7\u00e3o Nacional<\/strong> vai ao ar pela <strong>Universidade AM<\/strong>, de segunda a sexta, na faixa das 20h00 \u00e0s 21h00. A curadoria de elenco, dire\u00e7\u00e3o, pesquisa, produ\u00e7\u00e3o, sele\u00e7\u00e3o de repert\u00f3rio, reda\u00e7\u00e3o de texto, apresenta\u00e7\u00e3o e edi\u00e7\u00e3o \u00e9 de <strong><a title=\"Milton Oliveira\" target=\"_blank\" rel=\"noopener\" href=\"https:\/\/aprendizdomundo.com\/miltonoliveira\">Milton Oliveira<\/a><\/strong>.<\/p>\n<p>O programa pode ser ouvido pelos <strong>800 AM<\/strong>; pela home page da emissora, em <strong><a title=\"R\u00e1dio Universidade AM\" href=\"https:\/\/www.ufsm.br\/radio\" target=\"_blank\" rel=\"noopener\">ufsm.br\/radio<\/a><\/strong>; ou pelo smartphone, acessando seu aplicativo favorito.<\/p>\n<p>O <strong>Atra\u00e7\u00e3o Nacional<\/strong> tamb\u00e9m \u00e9 veiculado pela <strong><a title=\"R\u00e1dio Uni FM\" href=\"https:\/\/www.ufsm.br\/radio\" target=\"_blank\" rel=\"noopener\">Uni FM 107.9<\/a><\/strong>, de segunda a sexta, na faixa das 22h00 \u00e0s 23h00; pela <strong><a title=\"Resonance R\u00e1dio\" href=\"http:\/\/www.resonanceradio.com.br\/\" target=\"_blank\" rel=\"noopener\">Resonance R\u00e1dio<\/a><\/strong>, todo domingo, na faixa das 18h00 \u00e0s 19h00; e pela <strong><a title=\"R\u00e1dio Bloco\" href=\"http:\/\/www.radiobloco.net\/\" target=\"_blank\" rel=\"noopener\">R\u00e1dio Bloco<\/a><\/strong>, toda ter\u00e7a, na faixa das 17h00 \u00e0s 18h00. As audi\u00e7\u00f5es n\u00e3o s\u00e3o vinculadas, os destaques s\u00e3o sempre diferentes em cada emissora.<\/p>\n<p>Curta a fanpage do nosso programa em <strong><strong><a href=\"http:\/\/www.facebook.com\/atracaonacional\" target=\"_blank\" rel=\"noopener\" title=\"Atra\u00e7\u00e3o Nacional no Facebook\">facebook.com\/atracaonacional<\/a><\/strong><\/strong>.<\/p>\n","protected":false},"excerpt":{"rendered":"<p>Acompanhe o Atra\u00e7\u00e3o Nacional de hoje, a partir das 20h00, na programa\u00e7\u00e3o da R\u00e1dio Universidade AM. A audi\u00e7\u00e3o desta noite destaca mais um nome do nosso elenco, tocando a obra gravada da banda Scarc\u00e9us. O grupo, sediado em Belo Horizonte, tem na sua forma\u00e7\u00e3o os m\u00fasicos Henrique Papatella, Augusto Nogueira, Jo\u00e3o Pinho e Alexandre Marques. [&#8230;] <\/p>\n<p class=\"more-link-container\"><a href=\"https:\/\/aprendizdomundo.com\/portal\/2025\/09\/12\/atracaonacional1877\/\" class=\"more-link\">Read More<span class=\"screen-reader-text\"> &#8220;Scarc\u00e9us na Universidade AM nesta sexta, 12\/09&#8221;<\/span><\/a><\/p>\n","protected":false},"author":1,"featured_media":47452,"comment_status":"closed","ping_status":"closed","sticky":false,"template":"","format":"standard","meta":{"_eb_attr":"","footnotes":""},"categories":[4],"tags":[49],"class_list":["post-49272","post","type-post","status-publish","format-standard","has-post-thumbnail","hentry","category-atracao","tag-musica-do-brasil"],"nelio_content":{"autoShareEndMode":"never","automationSources":{"useCustomSentences":false,"customSentences":[]},"efiAlt":"","efiUrl":"","followers":[1],"highlights":[],"isAutoShareEnabled":true,"networkImageIds":[],"permalinkQueryArgs":[],"series":[],"suggestedReferences":[]},"_links":{"self":[{"href":"https:\/\/aprendizdomundo.com\/portal\/wp-json\/wp\/v2\/posts\/49272","targetHints":{"allow":["GET"]}}],"collection":[{"href":"https:\/\/aprendizdomundo.com\/portal\/wp-json\/wp\/v2\/posts"}],"about":[{"href":"https:\/\/aprendizdomundo.com\/portal\/wp-json\/wp\/v2\/types\/post"}],"author":[{"embeddable":true,"href":"https:\/\/aprendizdomundo.com\/portal\/wp-json\/wp\/v2\/users\/1"}],"replies":[{"embeddable":true,"href":"https:\/\/aprendizdomundo.com\/portal\/wp-json\/wp\/v2\/comments?post=49272"}],"version-history":[{"count":1,"href":"https:\/\/aprendizdomundo.com\/portal\/wp-json\/wp\/v2\/posts\/49272\/revisions"}],"predecessor-version":[{"id":49273,"href":"https:\/\/aprendizdomundo.com\/portal\/wp-json\/wp\/v2\/posts\/49272\/revisions\/49273"}],"wp:featuredmedia":[{"embeddable":true,"href":"https:\/\/aprendizdomundo.com\/portal\/wp-json\/wp\/v2\/media\/47452"}],"wp:attachment":[{"href":"https:\/\/aprendizdomundo.com\/portal\/wp-json\/wp\/v2\/media?parent=49272"}],"wp:term":[{"taxonomy":"category","embeddable":true,"href":"https:\/\/aprendizdomundo.com\/portal\/wp-json\/wp\/v2\/categories?post=49272"},{"taxonomy":"post_tag","embeddable":true,"href":"https:\/\/aprendizdomundo.com\/portal\/wp-json\/wp\/v2\/tags?post=49272"}],"curies":[{"name":"wp","href":"https:\/\/api.w.org\/{rel}","templated":true}]}}