{"id":49298,"date":"2025-09-17T07:00:36","date_gmt":"2025-09-17T10:00:36","guid":{"rendered":"https:\/\/aprendizdomundo.com\/portal\/?p=49298"},"modified":"2025-08-31T10:43:06","modified_gmt":"2025-08-31T13:43:06","slug":"atracaonacionalnaunifm1775","status":"publish","type":"post","link":"https:\/\/aprendizdomundo.com\/portal\/2025\/09\/17\/atracaonacionalnaunifm1775\/","title":{"rendered":"Val\u00e9ria Oliveira na Uni FM nesta quarta, 17\/09"},"content":{"rendered":"<p>Acompanhe a audi\u00e7\u00e3o 1775 (nos 107.9) do <strong>Atra\u00e7\u00e3o Nacional<\/strong>, a partir das <strong>22h00<\/strong>, pela <strong><a title=\"R\u00e1dio Uni FM\" href=\"https:\/\/www.ufsm.br\/radio\" target=\"_blank\" rel=\"noopener\">R\u00e1dio Uni FM<\/a><\/strong>.<\/p>\n<p><img fetchpriority=\"high\" decoding=\"async\" title=\"Val\u00e9ria Oliveira\" class=\"alignleft\" src=\"https:\/\/aprendizdomundo.com\/imagens2\/at_valeriaoliveira.jpg\" alt=\"Val\u00e9ria Oliveira\" width=\"320\" height=\"320\" \/>A audi\u00e7\u00e3o desta noite destaca mais um nome do nosso elenco, tocando a obra gravada da cantora <strong>Val\u00e9ria Oliveira<\/strong>. A compositora e cantora Val\u00e9ria Silva de Oliveira, artisticamente apenas Val\u00e9ria Oliveira, nasceu a 17 de abril de 1969, em Natal, capital do Rio Grande do Norte. Cresceu apaixonada por m\u00fasica. Graduou-se em Engenharia Civil e por um tempo manteve as duas atividades, engenharia durante o dia e m\u00fasica a noite. Logo a segunda tomou conta da sua vida. Participou de v\u00e1rios projetos pela regi\u00e3o nordeste.<\/p>\n<p>Em 2000, na sua primeira viagem ao Jap\u00e3o, Val\u00e9ria conheceu Kazuo Yoshida, produtor que se tornou importante na carreira da artista. Ele produziu o seu primeiro disco voltado totalmente para mercado japon\u00eas e junto com Val\u00e9ria produziu mais tr\u00eas \u00e1lbuns. Em 2005, foi a Su\u00ed\u00e7a que conheceu de perto seu trabalho, quando se apresentou no Festival de M\u00fasica de Fribourg. Nos Estados Unidos, em 2009, ela participou do 22\u00ba Festival South by Southwest, em Austin, no Texas. A estreia discogr\u00e1fica aconteceu em 1997, com o lan\u00e7amento do \u00e1lbum Impress\u00f5es.<\/p>\n<p>A <strong>playlist<\/strong> que vamos ouvir \u00e9 a seguinte:<\/p>\n<p>Por Onde Come\u00e7ar<br \/>\nMenina Mo\u00e7a<br \/>\n\u00c9 Agudo o Nosso Enredo<br \/>\nPele Bonita<br \/>\nToca Tambor<br \/>\nO Mar Serenou<br \/>\n200%<br \/>\nUm Toque<br \/>\nGente, em dueto com Da\u00fade<br \/>\nL\u00e1 Vem Ela<br \/>\nMineira<br \/>\nRasante<br \/>\nVidas<br \/>\nO Beco<br \/>\nEssa Tal Criatura, em dueto com Leci Brand\u00e3o<br \/>\nVai Al\u00e9m<\/p>\n<p>O <strong>Atra\u00e7\u00e3o Nacional<\/strong> vai ao ar pela <strong>Uni FM<\/strong>, de segunda a sexta, na faixa das 22h00 \u00e0s 23h00. A curadoria de elenco, dire\u00e7\u00e3o, pesquisa, produ\u00e7\u00e3o, sele\u00e7\u00e3o de repert\u00f3rio, reda\u00e7\u00e3o de texto, apresenta\u00e7\u00e3o e edi\u00e7\u00e3o \u00e9 de <strong><a title=\"Milton Oliveira\" target=\"_blank\" rel=\"noopener\" href=\"https:\/\/aprendizdomundo.com\/miltonoliveira\">Milton Oliveira<\/a><\/strong>.<\/p>\n<p>O programa pode ser ouvido pelos <strong>107.9 FM<\/strong>; pela home page da emissora, em <strong><a title=\"R\u00e1dio Uni FM\" href=\"https:\/\/www.ufsm.br\/radio\" target=\"_blank\" rel=\"noopener\">ufsm.br\/radio<\/a><\/strong>; ou pelo smartphone, acessando seu aplicativo favorito.<\/p>\n<p>O <strong>Atra\u00e7\u00e3o Nacional<\/strong> tamb\u00e9m \u00e9 veiculado pela <strong><a title=\"R\u00e1dio Universidade AM\" href=\"https:\/\/www.ufsm.br\/radio\" target=\"_blank\" rel=\"noopener\">Universidade 800 AM<\/a><\/strong>, de segunda a sexta, na faixa das 20h00 \u00e0s 21h00; pela <strong><a title=\"Resonance R\u00e1dio\" href=\"http:\/\/www.resonanceradio.com.br\/\" target=\"_blank\" rel=\"noopener\">Resonance R\u00e1dio<\/a><\/strong>, todo domingo, na faixa das 18h00 \u00e0s 19h00; e pela <strong><a title=\"R\u00e1dio Bloco\" href=\"http:\/\/www.radiobloco.net\/\" target=\"_blank\" rel=\"noopener\">R\u00e1dio Bloco<\/a><\/strong>, toda ter\u00e7a, na faixa das 17h00 \u00e0s 18h00. As audi\u00e7\u00f5es n\u00e3o s\u00e3o vinculadas, os destaques s\u00e3o sempre diferentes em cada emissora.<\/p>\n<p>Curta a fanpage do nosso programa em <strong><strong><a href=\"http:\/\/www.facebook.com\/atracaonacional\" target=\"_blank\" rel=\"noopener\" title=\"Atra\u00e7\u00e3o Nacional no Facebook\">facebook.com\/atracaonacional<\/a><\/strong><\/strong>.<\/p>\n","protected":false},"excerpt":{"rendered":"<p>Acompanhe a audi\u00e7\u00e3o 1775 (nos 107.9) do Atra\u00e7\u00e3o Nacional, a partir das 22h00, pela R\u00e1dio Uni FM. A audi\u00e7\u00e3o desta noite destaca mais um nome do nosso elenco, tocando a obra gravada da cantora Val\u00e9ria Oliveira. A compositora e cantora Val\u00e9ria Silva de Oliveira, artisticamente apenas Val\u00e9ria Oliveira, nasceu a 17 de abril de 1969, [&#8230;] <\/p>\n<p class=\"more-link-container\"><a href=\"https:\/\/aprendizdomundo.com\/portal\/2025\/09\/17\/atracaonacionalnaunifm1775\/\" class=\"more-link\">Read More<span class=\"screen-reader-text\"> &#8220;Val\u00e9ria Oliveira na Uni FM nesta quarta, 17\/09&#8221;<\/span><\/a><\/p>\n","protected":false},"author":1,"featured_media":47452,"comment_status":"closed","ping_status":"closed","sticky":false,"template":"","format":"standard","meta":{"_eb_attr":"","footnotes":""},"categories":[4],"tags":[49],"class_list":["post-49298","post","type-post","status-publish","format-standard","has-post-thumbnail","hentry","category-atracao","tag-musica-do-brasil"],"nelio_content":{"autoShareEndMode":"never","automationSources":{"useCustomSentences":false,"customSentences":[]},"efiAlt":"","efiUrl":"","followers":[1],"highlights":[],"isAutoShareEnabled":true,"networkImageIds":[],"permalinkQueryArgs":[],"series":[],"suggestedReferences":[]},"_links":{"self":[{"href":"https:\/\/aprendizdomundo.com\/portal\/wp-json\/wp\/v2\/posts\/49298","targetHints":{"allow":["GET"]}}],"collection":[{"href":"https:\/\/aprendizdomundo.com\/portal\/wp-json\/wp\/v2\/posts"}],"about":[{"href":"https:\/\/aprendizdomundo.com\/portal\/wp-json\/wp\/v2\/types\/post"}],"author":[{"embeddable":true,"href":"https:\/\/aprendizdomundo.com\/portal\/wp-json\/wp\/v2\/users\/1"}],"replies":[{"embeddable":true,"href":"https:\/\/aprendizdomundo.com\/portal\/wp-json\/wp\/v2\/comments?post=49298"}],"version-history":[{"count":1,"href":"https:\/\/aprendizdomundo.com\/portal\/wp-json\/wp\/v2\/posts\/49298\/revisions"}],"predecessor-version":[{"id":49299,"href":"https:\/\/aprendizdomundo.com\/portal\/wp-json\/wp\/v2\/posts\/49298\/revisions\/49299"}],"wp:featuredmedia":[{"embeddable":true,"href":"https:\/\/aprendizdomundo.com\/portal\/wp-json\/wp\/v2\/media\/47452"}],"wp:attachment":[{"href":"https:\/\/aprendizdomundo.com\/portal\/wp-json\/wp\/v2\/media?parent=49298"}],"wp:term":[{"taxonomy":"category","embeddable":true,"href":"https:\/\/aprendizdomundo.com\/portal\/wp-json\/wp\/v2\/categories?post=49298"},{"taxonomy":"post_tag","embeddable":true,"href":"https:\/\/aprendizdomundo.com\/portal\/wp-json\/wp\/v2\/tags?post=49298"}],"curies":[{"name":"wp","href":"https:\/\/api.w.org\/{rel}","templated":true}]}}