{"id":49773,"date":"2025-10-20T06:00:45","date_gmt":"2025-10-20T09:00:45","guid":{"rendered":"https:\/\/aprendizdomundo.com\/portal\/?p=49773"},"modified":"2025-09-21T13:24:16","modified_gmt":"2025-09-21T16:24:16","slug":"atracaonacional1903","status":"publish","type":"post","link":"https:\/\/aprendizdomundo.com\/portal\/2025\/10\/20\/atracaonacional1903\/","title":{"rendered":"Gabriel Guerra na Universidade AM nesta segunda, 20\/10"},"content":{"rendered":"<p>Acompanhe o <strong>Atra\u00e7\u00e3o Nacional<\/strong> de hoje, a partir das <strong>20h00<\/strong>, na programa\u00e7\u00e3o da <strong><a title=\"R\u00e1dio Universidade AM\" href=\"https:\/\/www.ufsm.br\/radio\" target=\"_blank\" rel=\"noopener\">R\u00e1dio Universidade AM<\/a><\/strong>.<\/p>\n<p><img fetchpriority=\"high\" decoding=\"async\" title=\"Gabriel Guerra\" class=\"alignleft\" src=\"https:\/\/aprendizdomundo.com\/imagens2\/at_gabrielguerra.jpg\" alt=\"Gabriel Guerra\" width=\"320\" height=\"320\" \/>A audi\u00e7\u00e3o desta noite destaca mais um nome do nosso elenco, tocando a obra gravada do cantor <strong>Gabriel Guerra<\/strong>. O compositor e cantor Gabriel Guerra \u00e9 natural de Po\u00e7os de Caldas, munic\u00edpio localizado no sul de Minas Gerais. Ele tem forma\u00e7\u00e3o superior em Ci\u00eancias Cont\u00e1beis. Seu aprendizado musical iniciou aos quatro anos, quando aprendeu a tocar teclado. Depois, investiu no aprendizado do viol\u00e3o, e aos 12 anos gravou seu primeiro \u00e1lbum. A estreia discogr\u00e1fica aconteceu em 2001, com o lan\u00e7amento do \u00e1lbum Bossa Nov\u00edssima Veteranos. Conta, ainda, com faixas nas trilhas sonoras das telenovelas Poder Paralelo e Rebelde, ambas da Record; O Astro, da Globo; e do filme Sexo com Amor, dirigido por Wolf Maia.<\/p>\n<p>A <strong>playlist<\/strong> que vamos ouvir \u00e9 a seguinte:<\/p>\n<p>Tanto<br \/>\nUm Dia o C\u00e9u Falou Comigo<br \/>\nS\u00f3 Pro Meu Prazer, em vers\u00e3o ao vivo<br \/>\nEu Preciso te Esquecer<br \/>\nA Vida Tem Dessas Coisas<br \/>\nMenina, em vers\u00e3o ac\u00fastica<br \/>\nEncontro das Horas<br \/>\nOl\u00e1<br \/>\nLugar ao Sol<br \/>\nUm Segundo, em vers\u00e3o ao vivo<br \/>\nMenina dos Olhos Claros<br \/>\nEm V\u00e3o<br \/>\nDespertar<br \/>\nSamba Erudito<br \/>\nS\u00e3o Paulo<br \/>\nUm Jeito Diferente<\/p>\n<p>O <strong>Atra\u00e7\u00e3o Nacional<\/strong> vai ao ar pela <strong>Universidade AM<\/strong>, de segunda a sexta, na faixa das 20h00 \u00e0s 21h00. A curadoria de elenco, dire\u00e7\u00e3o, pesquisa, produ\u00e7\u00e3o, sele\u00e7\u00e3o de repert\u00f3rio, reda\u00e7\u00e3o de texto, apresenta\u00e7\u00e3o e edi\u00e7\u00e3o \u00e9 de <strong><a title=\"Milton Oliveira\" target=\"_blank\" rel=\"noopener\" href=\"https:\/\/aprendizdomundo.com\/miltonoliveira\">Milton Oliveira<\/a><\/strong>.<\/p>\n<p>O programa pode ser ouvido pelos <strong>800 AM<\/strong>; pela home page da emissora, em <strong><a title=\"R\u00e1dio Universidade AM\" href=\"https:\/\/www.ufsm.br\/radio\" target=\"_blank\" rel=\"noopener\">ufsm.br\/radio<\/a><\/strong>; ou pelo smartphone, acessando seu aplicativo favorito.<\/p>\n<p>O <strong>Atra\u00e7\u00e3o Nacional<\/strong> tamb\u00e9m \u00e9 veiculado pela <strong><a title=\"R\u00e1dio Uni FM\" href=\"https:\/\/www.ufsm.br\/radio\" target=\"_blank\" rel=\"noopener\">Uni FM 107.9<\/a><\/strong>, de segunda a sexta, na faixa das 22h00 \u00e0s 23h00; pela <strong><a title=\"Resonance R\u00e1dio\" href=\"http:\/\/www.resonanceradio.com.br\/\" target=\"_blank\" rel=\"noopener\">Resonance R\u00e1dio<\/a><\/strong>, todo domingo, na faixa das 18h00 \u00e0s 19h00; e pela <strong><a title=\"R\u00e1dio Bloco\" href=\"http:\/\/www.radiobloco.net\/\" target=\"_blank\" rel=\"noopener\">R\u00e1dio Bloco<\/a><\/strong>, toda ter\u00e7a, na faixa das 17h00 \u00e0s 18h00. As audi\u00e7\u00f5es n\u00e3o s\u00e3o vinculadas, os destaques s\u00e3o sempre diferentes em cada emissora.<\/p>\n<p>Curta a fanpage do nosso programa em <strong><strong><a href=\"http:\/\/www.facebook.com\/atracaonacional\" target=\"_blank\" rel=\"noopener\" title=\"Atra\u00e7\u00e3o Nacional no Facebook\">facebook.com\/atracaonacional<\/a><\/strong><\/strong>.<\/p>\n","protected":false},"excerpt":{"rendered":"<p>Acompanhe o Atra\u00e7\u00e3o Nacional de hoje, a partir das 20h00, na programa\u00e7\u00e3o da R\u00e1dio Universidade AM. A audi\u00e7\u00e3o desta noite destaca mais um nome do nosso elenco, tocando a obra gravada do cantor Gabriel Guerra. O compositor e cantor Gabriel Guerra \u00e9 natural de Po\u00e7os de Caldas, munic\u00edpio localizado no sul de Minas Gerais. Ele [&#8230;] <\/p>\n<p class=\"more-link-container\"><a href=\"https:\/\/aprendizdomundo.com\/portal\/2025\/10\/20\/atracaonacional1903\/\" class=\"more-link\">Read More<span class=\"screen-reader-text\"> &#8220;Gabriel Guerra na Universidade AM nesta segunda, 20\/10&#8221;<\/span><\/a><\/p>\n","protected":false},"author":1,"featured_media":49483,"comment_status":"closed","ping_status":"closed","sticky":false,"template":"","format":"standard","meta":{"_eb_attr":"","footnotes":""},"categories":[4],"tags":[49],"class_list":["post-49773","post","type-post","status-publish","format-standard","has-post-thumbnail","hentry","category-atracao","tag-musica-do-brasil"],"nelio_content":{"autoShareEndMode":"never","automationSources":{"useCustomSentences":false,"customSentences":[]},"efiAlt":"","efiUrl":"","followers":[1],"highlights":[],"isAutoShareEnabled":true,"networkImageIds":[],"permalinkQueryArgs":[],"series":[],"suggestedReferences":[]},"_links":{"self":[{"href":"https:\/\/aprendizdomundo.com\/portal\/wp-json\/wp\/v2\/posts\/49773","targetHints":{"allow":["GET"]}}],"collection":[{"href":"https:\/\/aprendizdomundo.com\/portal\/wp-json\/wp\/v2\/posts"}],"about":[{"href":"https:\/\/aprendizdomundo.com\/portal\/wp-json\/wp\/v2\/types\/post"}],"author":[{"embeddable":true,"href":"https:\/\/aprendizdomundo.com\/portal\/wp-json\/wp\/v2\/users\/1"}],"replies":[{"embeddable":true,"href":"https:\/\/aprendizdomundo.com\/portal\/wp-json\/wp\/v2\/comments?post=49773"}],"version-history":[{"count":1,"href":"https:\/\/aprendizdomundo.com\/portal\/wp-json\/wp\/v2\/posts\/49773\/revisions"}],"predecessor-version":[{"id":49774,"href":"https:\/\/aprendizdomundo.com\/portal\/wp-json\/wp\/v2\/posts\/49773\/revisions\/49774"}],"wp:featuredmedia":[{"embeddable":true,"href":"https:\/\/aprendizdomundo.com\/portal\/wp-json\/wp\/v2\/media\/49483"}],"wp:attachment":[{"href":"https:\/\/aprendizdomundo.com\/portal\/wp-json\/wp\/v2\/media?parent=49773"}],"wp:term":[{"taxonomy":"category","embeddable":true,"href":"https:\/\/aprendizdomundo.com\/portal\/wp-json\/wp\/v2\/categories?post=49773"},{"taxonomy":"post_tag","embeddable":true,"href":"https:\/\/aprendizdomundo.com\/portal\/wp-json\/wp\/v2\/tags?post=49773"}],"curies":[{"name":"wp","href":"https:\/\/api.w.org\/{rel}","templated":true}]}}