{"id":49777,"date":"2025-10-22T06:00:05","date_gmt":"2025-10-22T09:00:05","guid":{"rendered":"https:\/\/aprendizdomundo.com\/portal\/?p=49777"},"modified":"2025-09-21T13:25:38","modified_gmt":"2025-09-21T16:25:38","slug":"atracaonacional1905","status":"publish","type":"post","link":"https:\/\/aprendizdomundo.com\/portal\/2025\/10\/22\/atracaonacional1905\/","title":{"rendered":"Ad\u00e3o Negro na Universidade AM nesta quarta, 22\/10"},"content":{"rendered":"<p>Acompanhe a audi\u00e7\u00e3o 1905 (nos 800 AM) do <strong>Atra\u00e7\u00e3o Nacional<\/strong>, a partir das <strong>20h00<\/strong>, na programa\u00e7\u00e3o da <strong><a title=\"R\u00e1dio Universidade AM\" href=\"https:\/\/www.ufsm.br\/radio\" target=\"_blank\" rel=\"noopener\">R\u00e1dio Universidade AM<\/a><\/strong>.<\/p>\n<p><img fetchpriority=\"high\" decoding=\"async\" title=\"Ad\u00e3o Negro\" class=\"alignleft\" src=\"https:\/\/aprendizdomundo.com\/imagens2\/at_adaonegro.png\" alt=\"Ad\u00e3o Negro\" width=\"320\" height=\"320\" \/>A audi\u00e7\u00e3o desta noite destaca mais um nome do nosso elenco, tocando a obra gravada da banda <strong>Ad\u00e3o Negro<\/strong>. O grupo iniciou suas atividades em meados de 1996, na capital baiana, Salvador. Em 2004, a banda regueira se transferiu para S\u00e3o Paulo. Re\u00fane os m\u00fasicos S\u00e9rgio Cassiano, Aurelino Bandido, Marcos Guimar\u00e3es, Valterson Cabe\u00e7a e Pablo Ant\u00f4nio. A estreia discogr\u00e1fica aconteceu em 1998, com o lan\u00e7amento do \u00e1lbum Ad\u00e3o Negro.<\/p>\n<p>A <strong>playlist<\/strong> que vamos ouvir \u00e9 a seguinte:<\/p>\n<p>Alma Leve<br \/>\nAben\u00e7oa Jah<br \/>\nBaby<br \/>\nVence Tudo, na vers\u00e3o ao vivo de Macaco Sessions<br \/>\nQuando Toca um Reggae<br \/>\nDon&#8217;t Stop Reggae Music<br \/>\nAcende a Vela<br \/>\nAnjo Bom, em dueto com Gregory Chambers<br \/>\nChuva ou Sol<br \/>\nReggae, me Leve!<br \/>\nTudo em Meu Viver<br \/>\nNovo Amanh\u00e3 (Bota na sua Cabe\u00e7a), na vers\u00e3o ao vivo de Macaco Sessions<br \/>\nQue o Amor Flores\u00e7a<br \/>\nPele Negra<br \/>\nCaia na Real<br \/>\nTudo Azul (Eu, Voc\u00ea e Mais Ningu\u00e9m)<\/p>\n<p>O <strong>Atra\u00e7\u00e3o Nacional<\/strong> vai ao ar pela <strong>Universidade AM<\/strong>, de segunda a sexta, na faixa das 20h00 \u00e0s 21h00. A curadoria de elenco, dire\u00e7\u00e3o, pesquisa, produ\u00e7\u00e3o, sele\u00e7\u00e3o de repert\u00f3rio, reda\u00e7\u00e3o de texto, apresenta\u00e7\u00e3o e edi\u00e7\u00e3o \u00e9 de <strong><a title=\"Milton Oliveira\" target=\"_blank\" rel=\"noopener\" href=\"https:\/\/aprendizdomundo.com\/miltonoliveira\">Milton Oliveira<\/a><\/strong>.<\/p>\n<p>O programa pode ser ouvido pelos <strong>800 AM<\/strong>; pela home page da emissora, em <strong><a title=\"R\u00e1dio Universidade AM\" href=\"https:\/\/www.ufsm.br\/radio\" target=\"_blank\" rel=\"noopener\">ufsm.br\/radio<\/a><\/strong>; ou pelo smartphone, acessando seu aplicativo favorito.<\/p>\n<p>O <strong>Atra\u00e7\u00e3o Nacional<\/strong> tamb\u00e9m \u00e9 veiculado pela <strong><a title=\"R\u00e1dio Uni FM\" href=\"https:\/\/www.ufsm.br\/radio\" target=\"_blank\" rel=\"noopener\">Uni FM 107.9<\/a><\/strong>, de segunda a sexta, na faixa das 22h00 \u00e0s 23h00; pela <strong><a title=\"Resonance R\u00e1dio\" href=\"http:\/\/www.resonanceradio.com.br\/\" target=\"_blank\" rel=\"noopener\">Resonance R\u00e1dio<\/a><\/strong>, todo domingo, na faixa das 18h00 \u00e0s 19h00; e pela <strong><a title=\"R\u00e1dio Bloco\" href=\"http:\/\/www.radiobloco.net\/\" target=\"_blank\" rel=\"noopener\">R\u00e1dio Bloco<\/a><\/strong>, toda ter\u00e7a, na faixa das 17h00 \u00e0s 18h00. As audi\u00e7\u00f5es n\u00e3o s\u00e3o vinculadas, os destaques s\u00e3o sempre diferentes em cada emissora.<\/p>\n<p>Curta a fanpage do nosso programa em <strong><strong><a href=\"http:\/\/www.facebook.com\/atracaonacional\" target=\"_blank\" rel=\"noopener\" title=\"Atra\u00e7\u00e3o Nacional no Facebook\">facebook.com\/atracaonacional<\/a><\/strong><\/strong>.<\/p>\n","protected":false},"excerpt":{"rendered":"<p>Acompanhe a audi\u00e7\u00e3o 1905 (nos 800 AM) do Atra\u00e7\u00e3o Nacional, a partir das 20h00, na programa\u00e7\u00e3o da R\u00e1dio Universidade AM. A audi\u00e7\u00e3o desta noite destaca mais um nome do nosso elenco, tocando a obra gravada da banda Ad\u00e3o Negro. O grupo iniciou suas atividades em meados de 1996, na capital baiana, Salvador. Em 2004, a [&#8230;] <\/p>\n<p class=\"more-link-container\"><a href=\"https:\/\/aprendizdomundo.com\/portal\/2025\/10\/22\/atracaonacional1905\/\" class=\"more-link\">Read More<span class=\"screen-reader-text\"> &#8220;Ad\u00e3o Negro na Universidade AM nesta quarta, 22\/10&#8221;<\/span><\/a><\/p>\n","protected":false},"author":1,"featured_media":49483,"comment_status":"closed","ping_status":"closed","sticky":false,"template":"","format":"standard","meta":{"_eb_attr":"","footnotes":""},"categories":[4],"tags":[49],"class_list":["post-49777","post","type-post","status-publish","format-standard","has-post-thumbnail","hentry","category-atracao","tag-musica-do-brasil"],"nelio_content":{"autoShareEndMode":"never","automationSources":{"useCustomSentences":false,"customSentences":[]},"efiAlt":"","efiUrl":"","followers":[1],"highlights":[],"isAutoShareEnabled":true,"networkImageIds":[],"permalinkQueryArgs":[],"series":[],"suggestedReferences":[]},"_links":{"self":[{"href":"https:\/\/aprendizdomundo.com\/portal\/wp-json\/wp\/v2\/posts\/49777","targetHints":{"allow":["GET"]}}],"collection":[{"href":"https:\/\/aprendizdomundo.com\/portal\/wp-json\/wp\/v2\/posts"}],"about":[{"href":"https:\/\/aprendizdomundo.com\/portal\/wp-json\/wp\/v2\/types\/post"}],"author":[{"embeddable":true,"href":"https:\/\/aprendizdomundo.com\/portal\/wp-json\/wp\/v2\/users\/1"}],"replies":[{"embeddable":true,"href":"https:\/\/aprendizdomundo.com\/portal\/wp-json\/wp\/v2\/comments?post=49777"}],"version-history":[{"count":1,"href":"https:\/\/aprendizdomundo.com\/portal\/wp-json\/wp\/v2\/posts\/49777\/revisions"}],"predecessor-version":[{"id":49778,"href":"https:\/\/aprendizdomundo.com\/portal\/wp-json\/wp\/v2\/posts\/49777\/revisions\/49778"}],"wp:featuredmedia":[{"embeddable":true,"href":"https:\/\/aprendizdomundo.com\/portal\/wp-json\/wp\/v2\/media\/49483"}],"wp:attachment":[{"href":"https:\/\/aprendizdomundo.com\/portal\/wp-json\/wp\/v2\/media?parent=49777"}],"wp:term":[{"taxonomy":"category","embeddable":true,"href":"https:\/\/aprendizdomundo.com\/portal\/wp-json\/wp\/v2\/categories?post=49777"},{"taxonomy":"post_tag","embeddable":true,"href":"https:\/\/aprendizdomundo.com\/portal\/wp-json\/wp\/v2\/tags?post=49777"}],"curies":[{"name":"wp","href":"https:\/\/api.w.org\/{rel}","templated":true}]}}