{"id":49781,"date":"2025-10-24T06:00:22","date_gmt":"2025-10-24T09:00:22","guid":{"rendered":"https:\/\/aprendizdomundo.com\/portal\/?p=49781"},"modified":"2025-09-21T13:26:54","modified_gmt":"2025-09-21T16:26:54","slug":"atracaonacional1907","status":"publish","type":"post","link":"https:\/\/aprendizdomundo.com\/portal\/2025\/10\/24\/atracaonacional1907\/","title":{"rendered":"Adriana Deffenti na Universidade AM nesta sexta, 24\/10"},"content":{"rendered":"<p>Acompanhe o <strong>Atra\u00e7\u00e3o Nacional<\/strong> de hoje, a partir das <strong>20h00<\/strong>, na programa\u00e7\u00e3o da <strong><a title=\"R\u00e1dio Universidade AM\" href=\"https:\/\/www.ufsm.br\/radio\" target=\"_blank\" rel=\"noopener\">R\u00e1dio Universidade AM<\/a><\/strong>.<\/p>\n<p><img fetchpriority=\"high\" decoding=\"async\" title=\"Adriana Deffenti\" class=\"alignleft\" src=\"https:\/\/aprendizdomundo.com\/imagens2\/at_adrianadeffenti.jpg\" alt=\"Adriana Deffenti\" width=\"320\" height=\"320\" \/>A audi\u00e7\u00e3o desta noite destaca mais um nome do nosso elenco, tocando a obra gravada da cantora <strong>Adriana Deffenti<\/strong>. A compositora e cantora Adriana Deffenti \u00e9 natural de Porto Alegre. Come\u00e7ou seus estudos de m\u00fasica aos nove anos, se especializando em flauta transversal. Antes de se lan\u00e7ar como cantora em 1998, teve diversas experi\u00eancias em dan\u00e7a, teatro e m\u00fasica, do cl\u00e1ssico ao contempor\u00e2neo.<\/p>\n<p>A estreia discogr\u00e1fica de Adriana aconteceu em 2002, com o lan\u00e7amento do \u00e1lbum Pe\u00e7as de Pessoas. Com o trabalho foi agraciada com o Pr\u00eamio A\u00e7orianos de M\u00fasica, na categoria Melhor Int\u00e9rprete de MPB. O mesmo aconteceu com os t\u00edtulos seguintes, Adriana Deffenti, de 2006 (Int\u00e9rprete MPB); e Controversa, de 2019 (Int\u00e9rprete MPB e Disco MPB). Tamb\u00e9m foi vencedora do Pr\u00eamio Gr\u00e3o de M\u00fasica, em 2020.<\/p>\n<p>A <strong>playlist<\/strong> que vamos ouvir \u00e9 a seguinte:<\/p>\n<p>Controversa, em dueto com Val\u00e9ria Barcellos<br \/>\nBalangandans<br \/>\nEl Tungue Le<br \/>\nSapatos em Copacabana<br \/>\nBoca<br \/>\nO Recado Delas<br \/>\nPe\u00e7as de Pessoas<br \/>\nMalabarismo \u00cdntimo<br \/>\nSamba Tango<br \/>\nRelax<br \/>\nFoi no M\u00eas Que Vem<br \/>\nControversia (vers\u00e3o espanhol de Controversa)<br \/>\nBerlim Bom Fim<br \/>\nOutono<br \/>\nTabu<\/p>\n<p>O <strong>Atra\u00e7\u00e3o Nacional<\/strong> vai ao ar pela <strong>Universidade AM<\/strong>, de segunda a sexta, na faixa das 20h00 \u00e0s 21h00. A curadoria de elenco, dire\u00e7\u00e3o, pesquisa, produ\u00e7\u00e3o, sele\u00e7\u00e3o de repert\u00f3rio, reda\u00e7\u00e3o de texto, apresenta\u00e7\u00e3o e edi\u00e7\u00e3o \u00e9 de <strong><a title=\"Milton Oliveira\" target=\"_blank\" rel=\"noopener\" href=\"https:\/\/aprendizdomundo.com\/miltonoliveira\">Milton Oliveira<\/a><\/strong>.<\/p>\n<p>O programa pode ser ouvido pelos <strong>800 AM<\/strong>; pela home page da emissora, em <strong><a title=\"R\u00e1dio Universidade AM\" href=\"https:\/\/www.ufsm.br\/radio\" target=\"_blank\" rel=\"noopener\">ufsm.br\/radio<\/a><\/strong>; ou pelo smartphone, acessando seu aplicativo favorito.<\/p>\n<p>O <strong>Atra\u00e7\u00e3o Nacional<\/strong> tamb\u00e9m \u00e9 veiculado pela <strong><a title=\"R\u00e1dio Uni FM\" href=\"https:\/\/www.ufsm.br\/radio\" target=\"_blank\" rel=\"noopener\">Uni FM 107.9<\/a><\/strong>, de segunda a sexta, na faixa das 22h00 \u00e0s 23h00; pela <strong><a title=\"Resonance R\u00e1dio\" href=\"http:\/\/www.resonanceradio.com.br\/\" target=\"_blank\" rel=\"noopener\">Resonance R\u00e1dio<\/a><\/strong>, todo domingo, na faixa das 18h00 \u00e0s 19h00; e pela <strong><a title=\"R\u00e1dio Bloco\" href=\"http:\/\/www.radiobloco.net\/\" target=\"_blank\" rel=\"noopener\">R\u00e1dio Bloco<\/a><\/strong>, toda ter\u00e7a, na faixa das 17h00 \u00e0s 18h00. As audi\u00e7\u00f5es n\u00e3o s\u00e3o vinculadas, os destaques s\u00e3o sempre diferentes em cada emissora.<\/p>\n<p>Curta a fanpage do nosso programa em <strong><strong><a href=\"http:\/\/www.facebook.com\/atracaonacional\" target=\"_blank\" rel=\"noopener\" title=\"Atra\u00e7\u00e3o Nacional no Facebook\">facebook.com\/atracaonacional<\/a><\/strong><\/strong>.<\/p>\n","protected":false},"excerpt":{"rendered":"<p>Acompanhe o Atra\u00e7\u00e3o Nacional de hoje, a partir das 20h00, na programa\u00e7\u00e3o da R\u00e1dio Universidade AM. A audi\u00e7\u00e3o desta noite destaca mais um nome do nosso elenco, tocando a obra gravada da cantora Adriana Deffenti. A compositora e cantora Adriana Deffenti \u00e9 natural de Porto Alegre. Come\u00e7ou seus estudos de m\u00fasica aos nove anos, se [&#8230;] <\/p>\n<p class=\"more-link-container\"><a href=\"https:\/\/aprendizdomundo.com\/portal\/2025\/10\/24\/atracaonacional1907\/\" class=\"more-link\">Read More<span class=\"screen-reader-text\"> &#8220;Adriana Deffenti na Universidade AM nesta sexta, 24\/10&#8221;<\/span><\/a><\/p>\n","protected":false},"author":1,"featured_media":49483,"comment_status":"closed","ping_status":"closed","sticky":false,"template":"","format":"standard","meta":{"_eb_attr":"","footnotes":""},"categories":[4],"tags":[49],"class_list":["post-49781","post","type-post","status-publish","format-standard","has-post-thumbnail","hentry","category-atracao","tag-musica-do-brasil"],"nelio_content":{"autoShareEndMode":"never","automationSources":{"useCustomSentences":false,"customSentences":[]},"efiAlt":"","efiUrl":"","followers":[1],"highlights":[],"isAutoShareEnabled":true,"networkImageIds":[],"permalinkQueryArgs":[],"series":[],"suggestedReferences":[]},"_links":{"self":[{"href":"https:\/\/aprendizdomundo.com\/portal\/wp-json\/wp\/v2\/posts\/49781","targetHints":{"allow":["GET"]}}],"collection":[{"href":"https:\/\/aprendizdomundo.com\/portal\/wp-json\/wp\/v2\/posts"}],"about":[{"href":"https:\/\/aprendizdomundo.com\/portal\/wp-json\/wp\/v2\/types\/post"}],"author":[{"embeddable":true,"href":"https:\/\/aprendizdomundo.com\/portal\/wp-json\/wp\/v2\/users\/1"}],"replies":[{"embeddable":true,"href":"https:\/\/aprendizdomundo.com\/portal\/wp-json\/wp\/v2\/comments?post=49781"}],"version-history":[{"count":1,"href":"https:\/\/aprendizdomundo.com\/portal\/wp-json\/wp\/v2\/posts\/49781\/revisions"}],"predecessor-version":[{"id":49782,"href":"https:\/\/aprendizdomundo.com\/portal\/wp-json\/wp\/v2\/posts\/49781\/revisions\/49782"}],"wp:featuredmedia":[{"embeddable":true,"href":"https:\/\/aprendizdomundo.com\/portal\/wp-json\/wp\/v2\/media\/49483"}],"wp:attachment":[{"href":"https:\/\/aprendizdomundo.com\/portal\/wp-json\/wp\/v2\/media?parent=49781"}],"wp:term":[{"taxonomy":"category","embeddable":true,"href":"https:\/\/aprendizdomundo.com\/portal\/wp-json\/wp\/v2\/categories?post=49781"},{"taxonomy":"post_tag","embeddable":true,"href":"https:\/\/aprendizdomundo.com\/portal\/wp-json\/wp\/v2\/tags?post=49781"}],"curies":[{"name":"wp","href":"https:\/\/api.w.org\/{rel}","templated":true}]}}