{"id":49783,"date":"2025-10-27T06:00:00","date_gmt":"2025-10-27T09:00:00","guid":{"rendered":"https:\/\/aprendizdomundo.com\/portal\/?p=49783"},"modified":"2025-09-21T13:27:31","modified_gmt":"2025-09-21T16:27:31","slug":"atracaonacional1908","status":"publish","type":"post","link":"https:\/\/aprendizdomundo.com\/portal\/2025\/10\/27\/atracaonacional1908\/","title":{"rendered":"Nino Karvan na Universidade AM nesta segunda, 27\/10"},"content":{"rendered":"<p>Acompanhe o <strong>Atra\u00e7\u00e3o Nacional<\/strong> de hoje, a partir das <strong>20h00<\/strong>, na programa\u00e7\u00e3o da <strong><a title=\"R\u00e1dio Universidade AM\" href=\"https:\/\/www.ufsm.br\/radio\" target=\"_blank\" rel=\"noopener\">R\u00e1dio Universidade AM<\/a><\/strong>.<\/p>\n<p><img fetchpriority=\"high\" decoding=\"async\" title=\"Nino Karvan\" class=\"alignleft\" src=\"https:\/\/aprendizdomundo.com\/imagens2\/at_ninokarvan.jpg\" alt=\"Nino Karvan\" width=\"320\" height=\"320\" \/>A audi\u00e7\u00e3o desta noite destaca mais um nome do nosso elenco, tocando a obra gravada do cantor <strong>Nino Karvan<\/strong>. O compositor, cantor, artista visual e radialista Nino Karvan nasceu a 4 de novembro de 1969, na cidade de Sim\u00e3o Dias, no interior de Sergipe. Na sua certid\u00e3o, consta o nome Jos\u00e9 Lucivaldo Carvalho Silveira. Hoje vive em Aracaju. Aos quinze anos j\u00e1 atuava na banda Tribus, em sua cidade natal. Aos dezoito, se transferiu para a capital para cursar Hist\u00f3ria na Universidade Federal do Sergipe, faculdade que desiste depois de seis per\u00edodos. Em 1994, assumiu vaga p\u00fablica na institui\u00e7\u00e3o. Em 2003 diplomou-se em R\u00e1dio e Televis\u00e3o na ent\u00e3o rec\u00e9m-criada faculdade de Comunica\u00e7\u00e3o da UFS. Mais tarde cursou as especializa\u00e7\u00f5es de Musicoterapia e Psicologia Anal\u00edtica. Por alguns anos integrou a equipe da UFS FM. Tamb\u00e9m dirigiu a Funda\u00e7\u00e3o Cultural Cidade de Aracaju, a Funcaju.<\/p>\n<p>Paralelamente, Nino Karvan manteve sua grande paix\u00e3o em atividade. Falamos da m\u00fasica. Tocou em barzinhos, participou de in\u00fameros festivais, vencendo por duas vezes o Festival SESC Can\u00e7\u00e3o, e integrou mais de uma dezena de colet\u00e2neas desses eventos. A estreia discogr\u00e1fica aconteceu em 2001, com o lan\u00e7amento do \u00e1lbum Mangaba Madura.<\/p>\n<p>A <strong>playlist<\/strong> que vamos ouvir \u00e9 a seguinte:<\/p>\n<p>Cora\u00e7\u00e3o Bate Por Voc\u00ea<br \/>\nFul\u00f4, na vers\u00e3o de 2022<br \/>\nElogio do Amor<br \/>\nXote da Paix\u00e3o<br \/>\nO Bom Mesmo \u00e9 Amar<br \/>\nLevante<br \/>\nTempo Bom, em dueto com Delso Andrade<br \/>\nA Poesia e a Eternidade<br \/>\nMandacaru Fulor\u00f4<br \/>\nNo Centro do Ser<br \/>\nNo Romper da Madrugada<br \/>\nHora do Adeus, em dueto com Alberto Silveira<br \/>\nMeu Zen<br \/>\nAs Plantas N\u00e3o Fazem Self, em dueto com Julico<br \/>\nNo Troar da Zabumba<br \/>\nLiquida\u00e7\u00e3o<\/p>\n<p>O <strong>Atra\u00e7\u00e3o Nacional<\/strong> vai ao ar pela <strong>Universidade AM<\/strong>, de segunda a sexta, na faixa das 20h00 \u00e0s 21h00. A curadoria de elenco, dire\u00e7\u00e3o, pesquisa, produ\u00e7\u00e3o, sele\u00e7\u00e3o de repert\u00f3rio, reda\u00e7\u00e3o de texto, apresenta\u00e7\u00e3o e edi\u00e7\u00e3o \u00e9 de <strong><a title=\"Milton Oliveira\" target=\"_blank\" rel=\"noopener\" href=\"https:\/\/aprendizdomundo.com\/miltonoliveira\">Milton Oliveira<\/a><\/strong>.<\/p>\n<p>O programa pode ser ouvido pelos <strong>800 AM<\/strong>; pela home page da emissora, em <strong><a title=\"R\u00e1dio Universidade AM\" href=\"https:\/\/www.ufsm.br\/radio\" target=\"_blank\" rel=\"noopener\">ufsm.br\/radio<\/a><\/strong>; ou pelo smartphone, acessando seu aplicativo favorito.<\/p>\n<p>O <strong>Atra\u00e7\u00e3o Nacional<\/strong> tamb\u00e9m \u00e9 veiculado pela <strong><a title=\"R\u00e1dio Uni FM\" href=\"https:\/\/www.ufsm.br\/radio\" target=\"_blank\" rel=\"noopener\">Uni FM 107.9<\/a><\/strong>, de segunda a sexta, na faixa das 22h00 \u00e0s 23h00; pela <strong><a title=\"Resonance R\u00e1dio\" href=\"http:\/\/www.resonanceradio.com.br\/\" target=\"_blank\" rel=\"noopener\">Resonance R\u00e1dio<\/a><\/strong>, todo domingo, na faixa das 18h00 \u00e0s 19h00; e pela <strong><a title=\"R\u00e1dio Bloco\" href=\"http:\/\/www.radiobloco.net\/\" target=\"_blank\" rel=\"noopener\">R\u00e1dio Bloco<\/a><\/strong>, toda ter\u00e7a, na faixa das 17h00 \u00e0s 18h00. As audi\u00e7\u00f5es n\u00e3o s\u00e3o vinculadas, os destaques s\u00e3o sempre diferentes em cada emissora.<\/p>\n<p>Curta a fanpage do nosso programa em <strong><strong><a href=\"http:\/\/www.facebook.com\/atracaonacional\" target=\"_blank\" rel=\"noopener\" title=\"Atra\u00e7\u00e3o Nacional no Facebook\">facebook.com\/atracaonacional<\/a><\/strong><\/strong>.<\/p>\n","protected":false},"excerpt":{"rendered":"<p>Acompanhe o Atra\u00e7\u00e3o Nacional de hoje, a partir das 20h00, na programa\u00e7\u00e3o da R\u00e1dio Universidade AM. A audi\u00e7\u00e3o desta noite destaca mais um nome do nosso elenco, tocando a obra gravada do cantor Nino Karvan. O compositor, cantor, artista visual e radialista Nino Karvan nasceu a 4 de novembro de 1969, na cidade de Sim\u00e3o [&#8230;] <\/p>\n<p class=\"more-link-container\"><a href=\"https:\/\/aprendizdomundo.com\/portal\/2025\/10\/27\/atracaonacional1908\/\" class=\"more-link\">Read More<span class=\"screen-reader-text\"> &#8220;Nino Karvan na Universidade AM nesta segunda, 27\/10&#8221;<\/span><\/a><\/p>\n","protected":false},"author":1,"featured_media":49483,"comment_status":"closed","ping_status":"closed","sticky":false,"template":"","format":"standard","meta":{"_eb_attr":"","footnotes":""},"categories":[4],"tags":[49],"class_list":["post-49783","post","type-post","status-publish","format-standard","has-post-thumbnail","hentry","category-atracao","tag-musica-do-brasil"],"nelio_content":{"autoShareEndMode":"never","automationSources":{"useCustomSentences":false,"customSentences":[]},"efiAlt":"","efiUrl":"","followers":[1],"highlights":[],"isAutoShareEnabled":true,"networkImageIds":[],"permalinkQueryArgs":[],"series":[],"suggestedReferences":[]},"_links":{"self":[{"href":"https:\/\/aprendizdomundo.com\/portal\/wp-json\/wp\/v2\/posts\/49783","targetHints":{"allow":["GET"]}}],"collection":[{"href":"https:\/\/aprendizdomundo.com\/portal\/wp-json\/wp\/v2\/posts"}],"about":[{"href":"https:\/\/aprendizdomundo.com\/portal\/wp-json\/wp\/v2\/types\/post"}],"author":[{"embeddable":true,"href":"https:\/\/aprendizdomundo.com\/portal\/wp-json\/wp\/v2\/users\/1"}],"replies":[{"embeddable":true,"href":"https:\/\/aprendizdomundo.com\/portal\/wp-json\/wp\/v2\/comments?post=49783"}],"version-history":[{"count":1,"href":"https:\/\/aprendizdomundo.com\/portal\/wp-json\/wp\/v2\/posts\/49783\/revisions"}],"predecessor-version":[{"id":49784,"href":"https:\/\/aprendizdomundo.com\/portal\/wp-json\/wp\/v2\/posts\/49783\/revisions\/49784"}],"wp:featuredmedia":[{"embeddable":true,"href":"https:\/\/aprendizdomundo.com\/portal\/wp-json\/wp\/v2\/media\/49483"}],"wp:attachment":[{"href":"https:\/\/aprendizdomundo.com\/portal\/wp-json\/wp\/v2\/media?parent=49783"}],"wp:term":[{"taxonomy":"category","embeddable":true,"href":"https:\/\/aprendizdomundo.com\/portal\/wp-json\/wp\/v2\/categories?post=49783"},{"taxonomy":"post_tag","embeddable":true,"href":"https:\/\/aprendizdomundo.com\/portal\/wp-json\/wp\/v2\/tags?post=49783"}],"curies":[{"name":"wp","href":"https:\/\/api.w.org\/{rel}","templated":true}]}}