{"id":49823,"date":"2025-10-22T07:00:17","date_gmt":"2025-10-22T10:00:17","guid":{"rendered":"https:\/\/aprendizdomundo.com\/portal\/?p=49823"},"modified":"2025-09-21T13:39:48","modified_gmt":"2025-09-21T16:39:48","slug":"atracaonacionalnaunifm1800","status":"publish","type":"post","link":"https:\/\/aprendizdomundo.com\/portal\/2025\/10\/22\/atracaonacionalnaunifm1800\/","title":{"rendered":"Marcelo Caf\u00e9 na Uni FM nesta quarta, 22\/10"},"content":{"rendered":"<p>Acompanhe a audi\u00e7\u00e3o 1800 (nos 107.9) do <strong>Atra\u00e7\u00e3o Nacional<\/strong>, a partir das <strong>22h00<\/strong>, pela <strong><a title=\"R\u00e1dio Uni FM\" href=\"https:\/\/www.ufsm.br\/radio\" target=\"_blank\" rel=\"noopener\">R\u00e1dio Uni FM<\/a><\/strong>.<\/p>\n<p><img fetchpriority=\"high\" decoding=\"async\" title=\"Marcelo Caf\u00e9\" class=\"alignleft\" src=\"https:\/\/aprendizdomundo.com\/imagens2\/at_marcelocafe.jpg\" alt=\"Marcelo Caf\u00e9\" width=\"320\" height=\"320\" \/>A audi\u00e7\u00e3o desta noite destaca mais um nome do nosso elenco, tocando a obra gravada do cantor <strong>Marcelo Caf\u00e9<\/strong>. O compositor e cantor Marcelo Caf\u00e9 \u00e9 natural de Niter\u00f3i, munic\u00edpio da Regi\u00e3o Metropolitana do Rio de Janeiro. Vive a mais de trinta anos em Ceil\u00e2ndia, no Distrito Federal. Ainda crian\u00e7a, aprendeu viol\u00e3o e bateria. Mais tarde atuou em companhias de teatro. Na juventude, integrou v\u00e1rias bandas da capital federal, como baterista.<\/p>\n<p>Sua carreira como cantor iniciou nos bares de Ceil\u00e2ndia e Bras\u00edlia. Em 2005, assumiu como voz principal a Banda Casa. Manteve seu trabalho solo paralelo, participando de muitos eventos e festivais. Em 2016, ganhou o Festival Bras\u00edlia Independente, promovido pela Globo-DF; e em 2017, venceu o Finca (Festival de M\u00fasica Independente), promovido pela UnB. A estreia discogr\u00e1fica aconteceu em 2015, com o lan\u00e7amento do \u00e1lbum Depois do Samba.<\/p>\n<p>A <strong>playlist<\/strong> que vamos ouvir \u00e9 a seguinte:<\/p>\n<p>Samba Cura<br \/>\nSamba de Tirar o Chap\u00e9u<br \/>\nA Revolu\u00e7\u00e3o \u00e9 Preta<br \/>\n\u00c1gua na Boca<br \/>\nDiga l\u00e1 o Nome do Amor<br \/>\nMeu Pandeiro<br \/>\nCora\u00e7\u00e3o de Malandro<br \/>\nNegro Amor<br \/>\nPreto Empoderado<br \/>\nEssa Menina<br \/>\n\u00c9 Por Amor<br \/>\nDepois do Samba<br \/>\nMonalisa Negra<br \/>\nSai da Minha Vida<br \/>\nSenzala<br \/>\nAmor em Si<\/p>\n<p>O <strong>Atra\u00e7\u00e3o Nacional<\/strong> vai ao ar pela <strong>Uni FM<\/strong>, de segunda a sexta, na faixa das 22h00 \u00e0s 23h00. A curadoria de elenco, dire\u00e7\u00e3o, pesquisa, produ\u00e7\u00e3o, sele\u00e7\u00e3o de repert\u00f3rio, reda\u00e7\u00e3o de texto, apresenta\u00e7\u00e3o e edi\u00e7\u00e3o \u00e9 de <strong><a title=\"Milton Oliveira\" target=\"_blank\" rel=\"noopener\" href=\"https:\/\/aprendizdomundo.com\/miltonoliveira\">Milton Oliveira<\/a><\/strong>.<\/p>\n<p>O programa pode ser ouvido pelos <strong>107.9 FM<\/strong>; pela home page da emissora, em <strong><a title=\"R\u00e1dio Uni FM\" href=\"https:\/\/www.ufsm.br\/radio\" target=\"_blank\" rel=\"noopener\">ufsm.br\/radio<\/a><\/strong>; ou pelo smartphone, acessando seu aplicativo favorito.<\/p>\n<p>O <strong>Atra\u00e7\u00e3o Nacional<\/strong> tamb\u00e9m \u00e9 veiculado pela <strong><a title=\"R\u00e1dio Universidade AM\" href=\"https:\/\/www.ufsm.br\/radio\" target=\"_blank\" rel=\"noopener\">Universidade 800 AM<\/a><\/strong>, de segunda a sexta, na faixa das 20h00 \u00e0s 21h00; pela <strong><a title=\"Resonance R\u00e1dio\" href=\"http:\/\/www.resonanceradio.com.br\/\" target=\"_blank\" rel=\"noopener\">Resonance R\u00e1dio<\/a><\/strong>, todo domingo, na faixa das 18h00 \u00e0s 19h00; e pela <strong><a title=\"R\u00e1dio Bloco\" href=\"http:\/\/www.radiobloco.net\/\" target=\"_blank\" rel=\"noopener\">R\u00e1dio Bloco<\/a><\/strong>, toda ter\u00e7a, na faixa das 17h00 \u00e0s 18h00. As audi\u00e7\u00f5es n\u00e3o s\u00e3o vinculadas, os destaques s\u00e3o sempre diferentes em cada emissora.<\/p>\n<p>Curta a fanpage do nosso programa em <strong><strong><a href=\"http:\/\/www.facebook.com\/atracaonacional\" target=\"_blank\" rel=\"noopener\" title=\"Atra\u00e7\u00e3o Nacional no Facebook\">facebook.com\/atracaonacional<\/a><\/strong><\/strong>.<\/p>\n","protected":false},"excerpt":{"rendered":"<p>Acompanhe a audi\u00e7\u00e3o 1800 (nos 107.9) do Atra\u00e7\u00e3o Nacional, a partir das 22h00, pela R\u00e1dio Uni FM. A audi\u00e7\u00e3o desta noite destaca mais um nome do nosso elenco, tocando a obra gravada do cantor Marcelo Caf\u00e9. O compositor e cantor Marcelo Caf\u00e9 \u00e9 natural de Niter\u00f3i, munic\u00edpio da Regi\u00e3o Metropolitana do Rio de Janeiro. Vive [&#8230;] <\/p>\n<p class=\"more-link-container\"><a href=\"https:\/\/aprendizdomundo.com\/portal\/2025\/10\/22\/atracaonacionalnaunifm1800\/\" class=\"more-link\">Read More<span class=\"screen-reader-text\"> &#8220;Marcelo Caf\u00e9 na Uni FM nesta quarta, 22\/10&#8221;<\/span><\/a><\/p>\n","protected":false},"author":1,"featured_media":49483,"comment_status":"closed","ping_status":"closed","sticky":false,"template":"","format":"standard","meta":{"_eb_attr":"","footnotes":""},"categories":[4],"tags":[49],"class_list":["post-49823","post","type-post","status-publish","format-standard","has-post-thumbnail","hentry","category-atracao","tag-musica-do-brasil"],"nelio_content":{"autoShareEndMode":"never","automationSources":{"useCustomSentences":false,"customSentences":[]},"efiAlt":"","efiUrl":"","followers":[1],"highlights":[],"isAutoShareEnabled":true,"networkImageIds":[],"permalinkQueryArgs":[],"series":[],"suggestedReferences":[]},"_links":{"self":[{"href":"https:\/\/aprendizdomundo.com\/portal\/wp-json\/wp\/v2\/posts\/49823","targetHints":{"allow":["GET"]}}],"collection":[{"href":"https:\/\/aprendizdomundo.com\/portal\/wp-json\/wp\/v2\/posts"}],"about":[{"href":"https:\/\/aprendizdomundo.com\/portal\/wp-json\/wp\/v2\/types\/post"}],"author":[{"embeddable":true,"href":"https:\/\/aprendizdomundo.com\/portal\/wp-json\/wp\/v2\/users\/1"}],"replies":[{"embeddable":true,"href":"https:\/\/aprendizdomundo.com\/portal\/wp-json\/wp\/v2\/comments?post=49823"}],"version-history":[{"count":1,"href":"https:\/\/aprendizdomundo.com\/portal\/wp-json\/wp\/v2\/posts\/49823\/revisions"}],"predecessor-version":[{"id":49824,"href":"https:\/\/aprendizdomundo.com\/portal\/wp-json\/wp\/v2\/posts\/49823\/revisions\/49824"}],"wp:featuredmedia":[{"embeddable":true,"href":"https:\/\/aprendizdomundo.com\/portal\/wp-json\/wp\/v2\/media\/49483"}],"wp:attachment":[{"href":"https:\/\/aprendizdomundo.com\/portal\/wp-json\/wp\/v2\/media?parent=49823"}],"wp:term":[{"taxonomy":"category","embeddable":true,"href":"https:\/\/aprendizdomundo.com\/portal\/wp-json\/wp\/v2\/categories?post=49823"},{"taxonomy":"post_tag","embeddable":true,"href":"https:\/\/aprendizdomundo.com\/portal\/wp-json\/wp\/v2\/tags?post=49823"}],"curies":[{"name":"wp","href":"https:\/\/api.w.org\/{rel}","templated":true}]}}