{"id":50063,"date":"2025-10-18T00:01:44","date_gmt":"2025-10-18T03:01:44","guid":{"rendered":"https:\/\/aprendizdomundo.com\/portal\/?p=50063"},"modified":"2025-09-24T10:11:19","modified_gmt":"2025-09-24T13:11:19","slug":"geracaobrasileira305","status":"publish","type":"post","link":"https:\/\/aprendizdomundo.com\/portal\/2025\/10\/18\/geracaobrasileira305\/","title":{"rendered":"Gera\u00e7\u00e3o Brasileira nos 800 AM neste s\u00e1bado, 18\/10"},"content":{"rendered":"<p><img fetchpriority=\"high\" decoding=\"async\" class=\"alignleft\" title=\"Gera\u00e7\u00e3o Brasileira\" src=\"https:\/\/aprendizdomundo.com\/imagens\/marca800_geracaobrasileira.png\" alt=\"Gera\u00e7\u00e3o Brasileira\" width=\"320\" height=\"320\" \/>Acompanhe o <strong>Gera\u00e7\u00e3o Brasileira<\/strong> neste s\u00e1bado, a partir das <strong>07h00<\/strong>, pela <strong>R\u00e1dio Universidade AM<\/strong>.<\/p>\n<p>A audi\u00e7\u00e3o desta semana re\u00fane o seguinte repert\u00f3rio:<\/p>\n<p>Erasmo Carlos &#8211; Panorama Ecol\u00f3gico<br \/>\nQuarteto em Cy &#8211; Feminina<br \/>\nElis Regina &#8211; Madalena<br \/>\nErlon Chaves e Banda Veneno &#8211; Eu Tamb\u00e9m Quero Mocot\u00f3<br \/>\nFagner &#8211; Deslizes<br \/>\nRegininha &#8211; Teletema<br \/>\nOswaldo Montenegro e Jose Alexandre &#8211; Bandolins<br \/>\nElson &#8211; Talism\u00e3<br \/>\nSandra de Sa e Tim Maia &#8211; Vale Tudo<br \/>\nTete Espindola &#8211; Escrito nas Estrelas<br \/>\nRitchie &#8211; Menina Veneno<br \/>\nFundo de Quintal &#8211; S\u00f3 Pra Contrariar<br \/>\nBeth Carvalho &#8211; Meu Tamborim<br \/>\nPeninha &#8211; Sonhos<br \/>\nHan\u00f3i-Han\u00f3i &#8211; Totalmente Demais<br \/>\nC\u00e9sar Camargo Mariano &#8211; Aquarela do Brasil<br \/>\nPepeu Gomes &#8211; Deusa do Amor<br \/>\nTrem da Alegria e Lucinha Lins &#8211; Dona Felicidade<br \/>\nElba Ramalho &#8211; Do Jeito Que a Gente Gosta<br \/>\nNenhum de N\u00f3s &#8211; Astronauta de M\u00e1rmore<br \/>\nA Brazuca &#8211; Juliana<br \/>\nNara Le\u00e3o &#8211; Nasci Para Bailar<br \/>\nMilton Nascimento &#8211; Portal da Cor<br \/>\nTom e Dito &#8211; Tamanco Malandrinho<br \/>\nIvan Lins &#8211; Vitoriosa<br \/>\nLucinha Lins &#8211; Purpurina<br \/>\nGuilherme Arantes &#8211; Amanh\u00e3<br \/>\nCopa 7 &#8211; Sabad\u00e1<br \/>\nLulu Santos &#8211; O \u00daltimo Rom\u00e2ntico<br \/>\nEdu Lobo, Mar\u00edlia Medalha e Quarteto Novo &#8211; Ponteio<br \/>\nTavito &#8211; Rua Ramalhete<\/p>\n<p><strong><a title=\"Gera\u00e7\u00e3o Brasileira\" href=\"https:\/\/aprendizdomundo.com\/portal\/radio\/programas\/geracao\/\">Gera\u00e7\u00e3o Brasileira<\/a><\/strong> \u00e9 um programa voltado \u00e0 execu\u00e7\u00e3o de can\u00e7\u00f5es brasileiras contempor\u00e2neas, reunindo sucessos das d\u00e9cadas de 1960 a 1990.<\/p>\n<p>A atra\u00e7\u00e3o vai ao ar pela <strong>Universidade AM<\/strong>, todo s\u00e1bado, na faixa das 07h00 \u00e0s 09h00. A pesquisa, produ\u00e7\u00e3o, sele\u00e7\u00e3o de repert\u00f3rio e edi\u00e7\u00e3o \u00e9 de <strong><a title=\"Milton Oliveira\" target=\"_blank\" rel=\"noopener\" href=\"https:\/\/aprendizdomundo.com\/miltonoliveira\">Milton Oliveira<\/a><\/strong>.<\/p>\n<p>O programa pode ser ouvido pelos <strong>800 AM<\/strong>, pelo <strong><a title=\"R\u00e1dio Universidade AM\" href=\"https:\/\/www.ufsm.br\/radio\" target=\"_blank\" rel=\"noopener\">site da emissora<\/a><\/strong> ou pelo smartphone, acessando seu aplicativo favorito.<\/p>\n","protected":false},"excerpt":{"rendered":"<p>Acompanhe o Gera\u00e7\u00e3o Brasileira neste s\u00e1bado, a partir das 07h00, pela R\u00e1dio Universidade AM. A audi\u00e7\u00e3o desta semana re\u00fane o seguinte repert\u00f3rio: Erasmo Carlos &#8211; Panorama Ecol\u00f3gico Quarteto em Cy &#8211; Feminina Elis Regina &#8211; Madalena Erlon Chaves e Banda Veneno &#8211; Eu Tamb\u00e9m Quero Mocot\u00f3 Fagner &#8211; Deslizes Regininha &#8211; Teletema Oswaldo Montenegro e [&#8230;] <\/p>\n<p class=\"more-link-container\"><a href=\"https:\/\/aprendizdomundo.com\/portal\/2025\/10\/18\/geracaobrasileira305\/\" class=\"more-link\">Read More<span class=\"screen-reader-text\"> &#8220;Gera\u00e7\u00e3o Brasileira nos 800 AM neste s\u00e1bado, 18\/10&#8221;<\/span><\/a><\/p>\n","protected":false},"author":1,"featured_media":49477,"comment_status":"closed","ping_status":"closed","sticky":false,"template":"","format":"standard","meta":{"_eb_attr":"","footnotes":""},"categories":[14],"tags":[32],"class_list":["post-50063","post","type-post","status-publish","format-standard","has-post-thumbnail","hentry","category-geracaobrasileira","tag-cancoes-do-brasil"],"nelio_content":{"autoShareEndMode":"never","automationSources":{"useCustomSentences":false,"customSentences":[]},"efiAlt":"","efiUrl":"","followers":[1],"highlights":[],"isAutoShareEnabled":true,"networkImageIds":[],"permalinkQueryArgs":[],"series":[],"suggestedReferences":[]},"_links":{"self":[{"href":"https:\/\/aprendizdomundo.com\/portal\/wp-json\/wp\/v2\/posts\/50063","targetHints":{"allow":["GET"]}}],"collection":[{"href":"https:\/\/aprendizdomundo.com\/portal\/wp-json\/wp\/v2\/posts"}],"about":[{"href":"https:\/\/aprendizdomundo.com\/portal\/wp-json\/wp\/v2\/types\/post"}],"author":[{"embeddable":true,"href":"https:\/\/aprendizdomundo.com\/portal\/wp-json\/wp\/v2\/users\/1"}],"replies":[{"embeddable":true,"href":"https:\/\/aprendizdomundo.com\/portal\/wp-json\/wp\/v2\/comments?post=50063"}],"version-history":[{"count":1,"href":"https:\/\/aprendizdomundo.com\/portal\/wp-json\/wp\/v2\/posts\/50063\/revisions"}],"predecessor-version":[{"id":50064,"href":"https:\/\/aprendizdomundo.com\/portal\/wp-json\/wp\/v2\/posts\/50063\/revisions\/50064"}],"wp:featuredmedia":[{"embeddable":true,"href":"https:\/\/aprendizdomundo.com\/portal\/wp-json\/wp\/v2\/media\/49477"}],"wp:attachment":[{"href":"https:\/\/aprendizdomundo.com\/portal\/wp-json\/wp\/v2\/media?parent=50063"}],"wp:term":[{"taxonomy":"category","embeddable":true,"href":"https:\/\/aprendizdomundo.com\/portal\/wp-json\/wp\/v2\/categories?post=50063"},{"taxonomy":"post_tag","embeddable":true,"href":"https:\/\/aprendizdomundo.com\/portal\/wp-json\/wp\/v2\/tags?post=50063"}],"curies":[{"name":"wp","href":"https:\/\/api.w.org\/{rel}","templated":true}]}}