{"id":50065,"date":"2025-10-25T00:01:23","date_gmt":"2025-10-25T03:01:23","guid":{"rendered":"https:\/\/aprendizdomundo.com\/portal\/?p=50065"},"modified":"2025-09-24T10:11:55","modified_gmt":"2025-09-24T13:11:55","slug":"geracaobrasileira306","status":"publish","type":"post","link":"https:\/\/aprendizdomundo.com\/portal\/2025\/10\/25\/geracaobrasileira306\/","title":{"rendered":"Gera\u00e7\u00e3o Brasileira nos 800 AM neste s\u00e1bado, 25\/10"},"content":{"rendered":"<p><img fetchpriority=\"high\" decoding=\"async\" class=\"alignleft\" title=\"Gera\u00e7\u00e3o Brasileira\" src=\"https:\/\/aprendizdomundo.com\/imagens\/marca800_geracaobrasileira.png\" alt=\"Gera\u00e7\u00e3o Brasileira\" width=\"320\" height=\"320\" \/>Acompanhe o <strong>Gera\u00e7\u00e3o Brasileira<\/strong> neste s\u00e1bado, a partir das <strong>07h00<\/strong>, pela <strong>R\u00e1dio Universidade AM<\/strong>.<\/p>\n<p>A audi\u00e7\u00e3o desta semana re\u00fane o seguinte repert\u00f3rio:<\/p>\n<p>Roberto Carlos &#8211; 120 150 200 Km Por Hora<br \/>\nOs Incr\u00edveis &#8211; Era um Garoto Que Como eu Amava os Beatles e os Rolling Stones<br \/>\nLeila Pinheiro &#8211; Cora\u00e7\u00e3o Vagabundo<br \/>\nCa\u00e7ulinha &#8211; Menina da Ladeira<br \/>\nMagazine &#8211; Tic Tic Nervoso<br \/>\nJoyce Moreno &#8211; Clareana<br \/>\nRoupa Nova &#8211; Seguindo no Trem Azul<br \/>\nGeraldo Vandr\u00e9 &#8211; Pra N\u00e3o Dizer Que N\u00e3o Falei de Flores<br \/>\nClara Nunes &#8211; Guerreira<br \/>\nCasa das M\u00e1quinas &#8211; Vou Morar no Ar<br \/>\nLuiz Melodia &#8211; Juventude Transviada<br \/>\nLady Zu &#8211; A Noite Vai Chegar<br \/>\nTom Jobim &#8211; \u00c1guas de Mar\u00e7o<br \/>\nGilson &#8211; Casinha Branca<br \/>\nBoca Livre &#8211; Toada (Na Dire\u00e7\u00e3o do Dia)<br \/>\nZ\u00e9 Rodrix &#8211; Soy Latino Am\u00e9ricano<br \/>\nSimone &#8211; Povo da Ra\u00e7a Brasil<br \/>\nYahoo &#8211; Mordida de Amor<br \/>\nPr\u00eantice &#8211; N\u00e3o Diga Nada<br \/>\nVanusa &#8211; Paralelas<br \/>\nSom Imagin\u00e1rio &#8211; Feira Moderna<br \/>\nNana Caymmi &#8211; Palavras<br \/>\nBaiano e Novos Caetanos &#8211; V\u00f4 Bate Pra Tu<br \/>\nMarcelo &#8211; Abre Cora\u00e7\u00e3o<br \/>\nJoanna &#8211; Amanh\u00e3 Talvez<br \/>\nBebeto &#8211; A Beleza \u00e9 Voc\u00ea Menina<br \/>\nRPM &#8211; Sob a Luz do Sol<br \/>\nMarcos Sabino &#8211; Reluz<br \/>\nMarku Ribas &#8211; Beira d&#8217;\u00c1gua<br \/>\nRenato Terra &#8211; Bem Te Vi<br \/>\nAzymuth &#8211; Voo Sobre o Horizonte<br \/>\nTom Z\u00e9 &#8211; Jeitinho Dela<\/p>\n<p><strong><a title=\"Gera\u00e7\u00e3o Brasileira\" href=\"https:\/\/aprendizdomundo.com\/portal\/radio\/programas\/geracao\/\">Gera\u00e7\u00e3o Brasileira<\/a><\/strong> \u00e9 um programa voltado \u00e0 execu\u00e7\u00e3o de can\u00e7\u00f5es brasileiras contempor\u00e2neas, reunindo sucessos das d\u00e9cadas de 1960 a 1990.<\/p>\n<p>A atra\u00e7\u00e3o vai ao ar pela <strong>Universidade AM<\/strong>, todo s\u00e1bado, na faixa das 07h00 \u00e0s 09h00. A pesquisa, produ\u00e7\u00e3o, sele\u00e7\u00e3o de repert\u00f3rio e edi\u00e7\u00e3o \u00e9 de <strong><a title=\"Milton Oliveira\" target=\"_blank\" rel=\"noopener\" href=\"https:\/\/aprendizdomundo.com\/miltonoliveira\">Milton Oliveira<\/a><\/strong>.<\/p>\n<p>O programa pode ser ouvido pelos <strong>800 AM<\/strong>, pelo <strong><a title=\"R\u00e1dio Universidade AM\" href=\"https:\/\/www.ufsm.br\/radio\" target=\"_blank\" rel=\"noopener\">site da emissora<\/a><\/strong> ou pelo smartphone, acessando seu aplicativo favorito.<\/p>\n","protected":false},"excerpt":{"rendered":"<p>Acompanhe o Gera\u00e7\u00e3o Brasileira neste s\u00e1bado, a partir das 07h00, pela R\u00e1dio Universidade AM. A audi\u00e7\u00e3o desta semana re\u00fane o seguinte repert\u00f3rio: Roberto Carlos &#8211; 120 150 200 Km Por Hora Os Incr\u00edveis &#8211; Era um Garoto Que Como eu Amava os Beatles e os Rolling Stones Leila Pinheiro &#8211; Cora\u00e7\u00e3o Vagabundo Ca\u00e7ulinha &#8211; Menina [&#8230;] <\/p>\n<p class=\"more-link-container\"><a href=\"https:\/\/aprendizdomundo.com\/portal\/2025\/10\/25\/geracaobrasileira306\/\" class=\"more-link\">Read More<span class=\"screen-reader-text\"> &#8220;Gera\u00e7\u00e3o Brasileira nos 800 AM neste s\u00e1bado, 25\/10&#8221;<\/span><\/a><\/p>\n","protected":false},"author":1,"featured_media":49477,"comment_status":"closed","ping_status":"closed","sticky":false,"template":"","format":"standard","meta":{"_eb_attr":"","footnotes":""},"categories":[14],"tags":[32],"class_list":["post-50065","post","type-post","status-publish","format-standard","has-post-thumbnail","hentry","category-geracaobrasileira","tag-cancoes-do-brasil"],"nelio_content":{"autoShareEndMode":"never","automationSources":{"useCustomSentences":false,"customSentences":[]},"efiAlt":"","efiUrl":"","followers":[1],"highlights":[],"isAutoShareEnabled":true,"networkImageIds":[],"permalinkQueryArgs":[],"series":[],"suggestedReferences":[]},"_links":{"self":[{"href":"https:\/\/aprendizdomundo.com\/portal\/wp-json\/wp\/v2\/posts\/50065","targetHints":{"allow":["GET"]}}],"collection":[{"href":"https:\/\/aprendizdomundo.com\/portal\/wp-json\/wp\/v2\/posts"}],"about":[{"href":"https:\/\/aprendizdomundo.com\/portal\/wp-json\/wp\/v2\/types\/post"}],"author":[{"embeddable":true,"href":"https:\/\/aprendizdomundo.com\/portal\/wp-json\/wp\/v2\/users\/1"}],"replies":[{"embeddable":true,"href":"https:\/\/aprendizdomundo.com\/portal\/wp-json\/wp\/v2\/comments?post=50065"}],"version-history":[{"count":1,"href":"https:\/\/aprendizdomundo.com\/portal\/wp-json\/wp\/v2\/posts\/50065\/revisions"}],"predecessor-version":[{"id":50066,"href":"https:\/\/aprendizdomundo.com\/portal\/wp-json\/wp\/v2\/posts\/50065\/revisions\/50066"}],"wp:featuredmedia":[{"embeddable":true,"href":"https:\/\/aprendizdomundo.com\/portal\/wp-json\/wp\/v2\/media\/49477"}],"wp:attachment":[{"href":"https:\/\/aprendizdomundo.com\/portal\/wp-json\/wp\/v2\/media?parent=50065"}],"wp:term":[{"taxonomy":"category","embeddable":true,"href":"https:\/\/aprendizdomundo.com\/portal\/wp-json\/wp\/v2\/categories?post=50065"},{"taxonomy":"post_tag","embeddable":true,"href":"https:\/\/aprendizdomundo.com\/portal\/wp-json\/wp\/v2\/tags?post=50065"}],"curies":[{"name":"wp","href":"https:\/\/api.w.org\/{rel}","templated":true}]}}