{"id":50322,"date":"2025-10-19T18:45:36","date_gmt":"2025-10-19T21:45:36","guid":{"rendered":"https:\/\/aprendizdomundo.com\/portal\/?p=50322"},"modified":"2025-09-25T18:46:06","modified_gmt":"2025-09-25T21:46:06","slug":"sarandeio3103","status":"publish","type":"post","link":"https:\/\/aprendizdomundo.com\/portal\/2025\/10\/19\/sarandeio3103\/","title":{"rendered":"Sarandeio no amanhecer da Universidade AM, 20\/10"},"content":{"rendered":"<p><img fetchpriority=\"high\" decoding=\"async\" class=\"alignleft\" title=\"Sarandeio\" src=\"https:\/\/aprendizdomundo.com\/imagens\/sarandeio_d20.png\" alt=\"Sarandeio\" width=\"320\" height=\"320\" \/>Acompanhe o <strong>Sarandeio<\/strong> na pr\u00f3xima madrugada, a partir das <strong>05h00<\/strong>, pela <strong><a title=\"R\u00e1dio Universidade AM\" href=\"https:\/\/www.ufsm.br\/radio\" target=\"_blank\" rel=\"noopener\">R\u00e1dio Universidade AM<\/a><\/strong>.<\/p>\n<p>A sele\u00e7\u00e3o musical vai destacar&#8230;<\/p>\n<p>Grupo Minuano &#8211; Da Vaneira pra Vaneira<br \/>\nBeto Mayer &#8211; Xote do Amor<br \/>\nFogo de Ch\u00e3o &#8211; Tributo Ao Chimarr\u00e3o<br \/>\nRico Baschera &#8211; Chega de Cidade<br \/>\nGrupo Rebenque &#8211; Sucateiro<br \/>\nEco do Minuano e Bonitinho &#8211; Se a Gaita Chora<br \/>\nAnt\u00f4nio Assalin &#8211; No Balan\u00e7o da Vanera<br \/>\nGarotos de Ouro e Mano Lima &#8211; Pode Coici\u00e1 Nega V\u00e9ia<br \/>\nRonaldo Teixeira &#8211; Marcando na Vaneira<br \/>\nWilson Paim &#8211; Chasque Campeiro<br \/>\nGrupo Fandango Serrano &#8211; Pra Ser Ga\u00facho<br \/>\nOsvaldir e Carlos Magr\u00e3o &#8211; Santa Helena da Serra<br \/>\nCristiano Quevedo &#8211; Baile de Corredor<br \/>\nOs Chiripas &#8211; Ga\u00facho Forasteiro<br \/>\nGrupo Bem Gauch\u00e3o &#8211; Velho Parceiro<br \/>\nElton Saldanha &#8211; Lida Bruta<br \/>\nDede Cunha &#8211; Pra Bailar Sapateando<br \/>\nGrupo Nativo Serrano &#8211; T\u00e3o Dan\u00e7ando um Vaneir\u00e3o<br \/>\nOs Campesinos &#8211; Xote Baita<br \/>\nBerenice Azambuja &#8211; Surungo do Bicho de P\u00e9<br \/>\nOs Monarcas &#8211; Saudade<br \/>\nGrupo Gauchadas &#8211; Ovelha N\u00e3o \u00e9 Pra Mato<br \/>\nMano Monteiro &#8211; Merceditas<br \/>\nOs Tiranos &#8211; Lida Bruta<br \/>\nClauri Silva &#8211; Carancho<br \/>\nNovos Tropeiros &#8211; Oito Segundos<br \/>\nCumpadre Lagoa &#8211; Amigo Correntino (causo)<br \/>\nGrupo Ra\u00edzes &#8211; Bugio Roncador<br \/>\nGrupo Pataco &#8211; A Guria do Baile<br \/>\nTch\u00ea Barbaridade &#8211; Xixo da Claudete<br \/>\nGrupo Cambona &#8211; Campeando Baile<br \/>\nJo\u00e3o Chagas Leite e J\u00falio Saldanha &#8211; Fronteiro<br \/>\nGrupo Ess\u00eancia Campeira &#8211; Tch\u00ea Ga\u00facho<br \/>\nDelci Taborda &#8211; Bailanta de Fronteira<\/p>\n<p><strong><a title=\"Sarandeio\" href=\"https:\/\/aprendizdomundo.com\/portal\/radio\/programas\/sarandeio\/\">Sarandeio<\/a><\/strong> \u00e9 um programa dedicado \u00e0 m\u00fasica ga\u00facha, especialmente a vertente fandangueira. Re\u00fane can\u00e7\u00f5es de int\u00e9rpretes e grupos do Rio Grande do Sul e, tamb\u00e9m, artistas de outros estados que igualmente produzem m\u00fasica fandangueira.<\/p>\n<p>A atra\u00e7\u00e3o vai ao ar pela <strong>Universidade AM<\/strong>, todos os dias, na faixa das 05h00 \u00e0s 07h00. A pesquisa, produ\u00e7\u00e3o, sele\u00e7\u00e3o de repert\u00f3rio e edi\u00e7\u00e3o \u00e9 de <strong><a title=\"Milton Oliveira\" target=\"_blank\" rel=\"noopener\" href=\"https:\/\/aprendizdomundo.com\/miltonoliveira\">Milton Oliveira<\/a><\/strong>.<\/p>\n<p>O programa pode ser ouvido pelos <strong>800 AM<\/strong>, pelo <strong><a title=\"R\u00e1dio Universidade AM\" href=\"https:\/\/www.ufsm.br\/radio\" target=\"_blank\" rel=\"noopener\">site da emissora<\/a><\/strong> ou pelo smartphone, acessando seu aplicativo favorito.<\/p>\n","protected":false},"excerpt":{"rendered":"<p>Acompanhe o Sarandeio na pr\u00f3xima madrugada, a partir das 05h00, pela R\u00e1dio Universidade AM. A sele\u00e7\u00e3o musical vai destacar&#8230; Grupo Minuano &#8211; Da Vaneira pra Vaneira Beto Mayer &#8211; Xote do Amor Fogo de Ch\u00e3o &#8211; Tributo Ao Chimarr\u00e3o Rico Baschera &#8211; Chega de Cidade Grupo Rebenque &#8211; Sucateiro Eco do Minuano e Bonitinho &#8211; [&#8230;] <\/p>\n<p class=\"more-link-container\"><a href=\"https:\/\/aprendizdomundo.com\/portal\/2025\/10\/19\/sarandeio3103\/\" class=\"more-link\">Read More<span class=\"screen-reader-text\"> &#8220;Sarandeio no amanhecer da Universidade AM, 20\/10&#8221;<\/span><\/a><\/p>\n","protected":false},"author":1,"featured_media":49473,"comment_status":"closed","ping_status":"closed","sticky":false,"template":"","format":"standard","meta":{"_eb_attr":"","footnotes":""},"categories":[22],"tags":[51],"class_list":["post-50322","post","type-post","status-publish","format-standard","has-post-thumbnail","hentry","category-sarandeio","tag-sarandeio"],"nelio_content":{"autoShareEndMode":"never","automationSources":{"useCustomSentences":false,"customSentences":[]},"efiAlt":"","efiUrl":"","followers":[1],"highlights":[],"isAutoShareEnabled":true,"networkImageIds":[],"permalinkQueryArgs":[],"series":[],"suggestedReferences":[]},"_links":{"self":[{"href":"https:\/\/aprendizdomundo.com\/portal\/wp-json\/wp\/v2\/posts\/50322","targetHints":{"allow":["GET"]}}],"collection":[{"href":"https:\/\/aprendizdomundo.com\/portal\/wp-json\/wp\/v2\/posts"}],"about":[{"href":"https:\/\/aprendizdomundo.com\/portal\/wp-json\/wp\/v2\/types\/post"}],"author":[{"embeddable":true,"href":"https:\/\/aprendizdomundo.com\/portal\/wp-json\/wp\/v2\/users\/1"}],"replies":[{"embeddable":true,"href":"https:\/\/aprendizdomundo.com\/portal\/wp-json\/wp\/v2\/comments?post=50322"}],"version-history":[{"count":1,"href":"https:\/\/aprendizdomundo.com\/portal\/wp-json\/wp\/v2\/posts\/50322\/revisions"}],"predecessor-version":[{"id":50323,"href":"https:\/\/aprendizdomundo.com\/portal\/wp-json\/wp\/v2\/posts\/50322\/revisions\/50323"}],"wp:featuredmedia":[{"embeddable":true,"href":"https:\/\/aprendizdomundo.com\/portal\/wp-json\/wp\/v2\/media\/49473"}],"wp:attachment":[{"href":"https:\/\/aprendizdomundo.com\/portal\/wp-json\/wp\/v2\/media?parent=50322"}],"wp:term":[{"taxonomy":"category","embeddable":true,"href":"https:\/\/aprendizdomundo.com\/portal\/wp-json\/wp\/v2\/categories?post=50322"},{"taxonomy":"post_tag","embeddable":true,"href":"https:\/\/aprendizdomundo.com\/portal\/wp-json\/wp\/v2\/tags?post=50322"}],"curies":[{"name":"wp","href":"https:\/\/api.w.org\/{rel}","templated":true}]}}