{"id":50324,"date":"2025-10-20T18:46:23","date_gmt":"2025-10-20T21:46:23","guid":{"rendered":"https:\/\/aprendizdomundo.com\/portal\/?p=50324"},"modified":"2025-09-25T18:46:52","modified_gmt":"2025-09-25T21:46:52","slug":"sarandeio3104","status":"publish","type":"post","link":"https:\/\/aprendizdomundo.com\/portal\/2025\/10\/20\/sarandeio3104\/","title":{"rendered":"Sarandeio no amanhecer da Universidade AM, 21\/10"},"content":{"rendered":"<p><img fetchpriority=\"high\" decoding=\"async\" class=\"alignleft\" title=\"Sarandeio\" src=\"https:\/\/aprendizdomundo.com\/imagens\/sarandeio_d21.png\" alt=\"Sarandeio\" width=\"320\" height=\"320\" \/>Acompanhe o <strong>Sarandeio<\/strong> na pr\u00f3xima madrugada, a partir das <strong>05h00<\/strong>, pela <strong><a title=\"R\u00e1dio Universidade AM\" href=\"https:\/\/www.ufsm.br\/radio\" target=\"_blank\" rel=\"noopener\">R\u00e1dio Universidade AM<\/a><\/strong>.<\/p>\n<p>A sele\u00e7\u00e3o musical vai destacar&#8230;<\/p>\n<p>Grupo Est\u00e2ncia &#8211; Campeiro de Alma Leve<br \/>\nCassiano &#8211; Vida no Campo<br \/>\nOs Serranos &#8211; Bate Coxa no Bail\u00e3o<br \/>\nOs Bertussi &#8211; Bombach\u00e3o<br \/>\nGrupo Tamoeiro &#8211; A Gaita do Fole Furado<br \/>\nChiquito e Bordoneio &#8211; Rebatendo a Saudade<br \/>\nJoca Martins &#8211; Campesino<br \/>\nSarandeio &#8211; Mistura de Vaneira<br \/>\nGiuliano Teixeira &#8211; Quer\u00eancia Amada<br \/>\nGrupo Fronteirismo &#8211; Bragada<br \/>\nC\u00e9sar Oliveira e Rog\u00e9rio Melo &#8211; Gola\u00e7o Campeiro<br \/>\nAlberto e Gabriel Orta\u00e7a &#8211; Flor de Morena<br \/>\nOs Mateadores &#8211; Meu Vale Quatro<br \/>\nGrupo Santo Ch\u00e3o &#8211; Velho Rio Grande<br \/>\nDavid Menezes Jr &#8211; Viva a Cueca Vaner\u00e3o<br \/>\nGerson Foga\u00e7a &#8211; Revoltoso<br \/>\nGrupo Andan\u00e7as &#8211; Potro Redom\u00e3o<br \/>\nOs Bertussi &#8211; No Balan\u00e7o da Vaneira<br \/>\nRicardo Porto e Paulinho Rigo &#8211; Ga\u00facho Largado<br \/>\nLuiz Carlos Borges &#8211; Vov\u00f3 Polaca<br \/>\nGrupo Balan\u00e7o Campeiro &#8211; Ca na Fronteira<br \/>\nOs Mirins &#8211; O Tranco da Morena Rosa<br \/>\nEsta\u00e7\u00e3o Fandangueira &#8211; Sou da Lida, Sou da Vida, em vers\u00e3o ao vivo<br \/>\nJo\u00e3o Luiz Corr\u00eaa e Grupo Campeirismo &#8211; Chuva Pranto e Saudade<br \/>\nAnt\u00f4nio Augusto Fagundes &#8211; Os Cientistas e o Colega (causo)<br \/>\nBruno Neher e Os Xir\u00fas &#8211; O Ga\u00facho e Seu Cavalo<br \/>\nGrupo Rodeio dos Ventos &#8211; Palanque do Tempo<br \/>\nTch\u00ea Guri &#8211; Tem Que Ter Caf\u00e9<br \/>\nGrupo Express\u00e3o Ga\u00facha &#8211; Fandango dos Baita<br \/>\nBeto Frizzo &#8211; P\u00e9 Leviano<br \/>\nGrupo Batecasco &#8211; Xote Bacudo<br \/>\nOs Imigrantes &#8211; O Baile do Taiporosco<br \/>\nFlavio &#038; Miguel e Grupo Marca do Fole &#8211; Jeitoso pra Fandanguear<\/p>\n<p><strong><a title=\"Sarandeio\" href=\"https:\/\/aprendizdomundo.com\/portal\/radio\/programas\/sarandeio\/\">Sarandeio<\/a><\/strong> \u00e9 um programa dedicado \u00e0 m\u00fasica ga\u00facha, especialmente a vertente fandangueira. Re\u00fane can\u00e7\u00f5es de int\u00e9rpretes e grupos do Rio Grande do Sul e, tamb\u00e9m, artistas de outros estados que igualmente produzem m\u00fasica fandangueira.<\/p>\n<p>A atra\u00e7\u00e3o vai ao ar pela <strong>Universidade AM<\/strong>, todos os dias, na faixa das 05h00 \u00e0s 07h00. A pesquisa, produ\u00e7\u00e3o, sele\u00e7\u00e3o de repert\u00f3rio e edi\u00e7\u00e3o \u00e9 de <strong><a title=\"Milton Oliveira\" target=\"_blank\" rel=\"noopener\" href=\"https:\/\/aprendizdomundo.com\/miltonoliveira\">Milton Oliveira<\/a><\/strong>.<\/p>\n<p>O programa pode ser ouvido pelos <strong>800 AM<\/strong>, pelo <strong><a title=\"R\u00e1dio Universidade AM\" href=\"https:\/\/www.ufsm.br\/radio\" target=\"_blank\" rel=\"noopener\">site da emissora<\/a><\/strong> ou pelo smartphone, acessando seu aplicativo favorito.<\/p>\n","protected":false},"excerpt":{"rendered":"<p>Acompanhe o Sarandeio na pr\u00f3xima madrugada, a partir das 05h00, pela R\u00e1dio Universidade AM. A sele\u00e7\u00e3o musical vai destacar&#8230; Grupo Est\u00e2ncia &#8211; Campeiro de Alma Leve Cassiano &#8211; Vida no Campo Os Serranos &#8211; Bate Coxa no Bail\u00e3o Os Bertussi &#8211; Bombach\u00e3o Grupo Tamoeiro &#8211; A Gaita do Fole Furado Chiquito e Bordoneio &#8211; Rebatendo [&#8230;] <\/p>\n<p class=\"more-link-container\"><a href=\"https:\/\/aprendizdomundo.com\/portal\/2025\/10\/20\/sarandeio3104\/\" class=\"more-link\">Read More<span class=\"screen-reader-text\"> &#8220;Sarandeio no amanhecer da Universidade AM, 21\/10&#8221;<\/span><\/a><\/p>\n","protected":false},"author":1,"featured_media":49473,"comment_status":"closed","ping_status":"closed","sticky":false,"template":"","format":"standard","meta":{"_eb_attr":"","footnotes":""},"categories":[22],"tags":[51],"class_list":["post-50324","post","type-post","status-publish","format-standard","has-post-thumbnail","hentry","category-sarandeio","tag-sarandeio"],"nelio_content":{"autoShareEndMode":"never","automationSources":{"useCustomSentences":false,"customSentences":[]},"efiAlt":"","efiUrl":"","followers":[1],"highlights":[],"isAutoShareEnabled":true,"networkImageIds":[],"permalinkQueryArgs":[],"series":[],"suggestedReferences":[]},"_links":{"self":[{"href":"https:\/\/aprendizdomundo.com\/portal\/wp-json\/wp\/v2\/posts\/50324","targetHints":{"allow":["GET"]}}],"collection":[{"href":"https:\/\/aprendizdomundo.com\/portal\/wp-json\/wp\/v2\/posts"}],"about":[{"href":"https:\/\/aprendizdomundo.com\/portal\/wp-json\/wp\/v2\/types\/post"}],"author":[{"embeddable":true,"href":"https:\/\/aprendizdomundo.com\/portal\/wp-json\/wp\/v2\/users\/1"}],"replies":[{"embeddable":true,"href":"https:\/\/aprendizdomundo.com\/portal\/wp-json\/wp\/v2\/comments?post=50324"}],"version-history":[{"count":1,"href":"https:\/\/aprendizdomundo.com\/portal\/wp-json\/wp\/v2\/posts\/50324\/revisions"}],"predecessor-version":[{"id":50325,"href":"https:\/\/aprendizdomundo.com\/portal\/wp-json\/wp\/v2\/posts\/50324\/revisions\/50325"}],"wp:featuredmedia":[{"embeddable":true,"href":"https:\/\/aprendizdomundo.com\/portal\/wp-json\/wp\/v2\/media\/49473"}],"wp:attachment":[{"href":"https:\/\/aprendizdomundo.com\/portal\/wp-json\/wp\/v2\/media?parent=50324"}],"wp:term":[{"taxonomy":"category","embeddable":true,"href":"https:\/\/aprendizdomundo.com\/portal\/wp-json\/wp\/v2\/categories?post=50324"},{"taxonomy":"post_tag","embeddable":true,"href":"https:\/\/aprendizdomundo.com\/portal\/wp-json\/wp\/v2\/tags?post=50324"}],"curies":[{"name":"wp","href":"https:\/\/api.w.org\/{rel}","templated":true}]}}