{"id":50332,"date":"2025-10-24T18:49:50","date_gmt":"2025-10-24T21:49:50","guid":{"rendered":"https:\/\/aprendizdomundo.com\/portal\/?p=50332"},"modified":"2025-09-25T18:50:18","modified_gmt":"2025-09-25T21:50:18","slug":"sarandeio3108","status":"publish","type":"post","link":"https:\/\/aprendizdomundo.com\/portal\/2025\/10\/24\/sarandeio3108\/","title":{"rendered":"Sarandeio no amanhecer da Universidade AM, 25\/10"},"content":{"rendered":"<p><img fetchpriority=\"high\" decoding=\"async\" class=\"alignleft\" title=\"Sarandeio\" src=\"https:\/\/aprendizdomundo.com\/imagens\/sarandeio_d25.png\" alt=\"Sarandeio\" width=\"320\" height=\"320\" \/>Acompanhe o <strong>Sarandeio<\/strong> na pr\u00f3xima madrugada, a partir das <strong>05h00<\/strong>, pela <strong><a title=\"R\u00e1dio Universidade AM\" href=\"https:\/\/www.ufsm.br\/radio\" target=\"_blank\" rel=\"noopener\">R\u00e1dio Universidade AM<\/a><\/strong>.<\/p>\n<p>A sele\u00e7\u00e3o musical vai destacar&#8230;<\/p>\n<p>Grupo Chama Nativa &#8211; Saudade Fandangueira<br \/>\nJairo Lambari Fernandes &#8211; Regalo de Dom Claudir<br \/>\nBochincho &#8211; Vai Ser Hoje<br \/>\nChico Espenosse &#8211; Um Domador Diferente<br \/>\nGrupo Karaguatt\u00e1 &#8211; Penteado na Dan\u00e7a<br \/>\nEco do Minuano e Bonitinho &#8211; Caf\u00e9 com Bolacha<br \/>\nCezar Ferreira &#8211; Los Caminos de mi Pampa<br \/>\nGarotos de Ouro &#8211; Eu Vou Ficar Bagual<br \/>\nEdinho Perlin &#8211; Versos Que eu Fiz Pra Ela<br \/>\nGrupo Alma Capoense &#8211; Eco do Pampa<br \/>\nLuiz Carlos Borges e Mauro Ferreira &#8211; Cora\u00e7\u00e3o de Gaiteiro<br \/>\nCristiano Quevedo &#8211; S\u00f3 na Rancheira<br \/>\nOs Costeiros &#8211; Marca\u00e7\u00e3o de Xote<br \/>\nGrupo Bailanta &#8211; Vamos Vanerar<br \/>\nJo\u00e3o Luiz Corr\u00eaa e Grupo Campeirismo &#8211; \u00c0 Moda Ga\u00facha<br \/>\nDon\u00e9 Teixeira &#8211; Quenhenhem Quenhenhem<br \/>\nGrupo Nativo Serrano &#8211; Fandango Bueno<br \/>\nOs 4 Gaud\u00e9rios &#8211; A Gaita<br \/>\nBerenice Azambuja &#8211; Eta Paix\u00e3o<br \/>\nGrupo Musical Cordiona &#8211; Estampa Ga\u00facha<br \/>\nOs Tr\u00eas Xir\u00fas &#8211; Rio Grande de Todos os Tempos<br \/>\n\u00c1lvaro Feliciani &#8211; Para Uma Flor<br \/>\nSul Nativo &#8211; Se Acarcando na Vaneira<br \/>\nAbel Minello &#8211; Proseando na R\u00e1dio<br \/>\nAnt\u00f4nio Cl\u00e9ber Moreira &#8211; Ventre Quer\u00eancia<br \/>\nIvan Taborda &#8211; Veia Quase Morrendo (causo)<br \/>\nGrupo Ra\u00edzes &#8211; Chama Ela Pra Mim<br \/>\nGrupo Alma Gauderia &#8211; Sonhos Campeiros<br \/>\nTch\u00ea Barbaridade &#8211; Gaita Mulher e Surungo<br \/>\nGrupo Acordes &#8211; No Cantar de um Chamam\u00e9<br \/>\nJo\u00e3o Chagas Leite &#8211; F\u00e9<br \/>\nGrupo Matizes &#8211; Vaneir\u00e3o da Gauchada<br \/>\nAilton Lemos &#8211; Tropeada<br \/>\nPiazada Medonha &#8211; Tranco Medonho<\/p>\n<p><strong><a title=\"Sarandeio\" href=\"https:\/\/aprendizdomundo.com\/portal\/radio\/programas\/sarandeio\/\">Sarandeio<\/a><\/strong> \u00e9 um programa dedicado \u00e0 m\u00fasica ga\u00facha, especialmente a vertente fandangueira. Re\u00fane can\u00e7\u00f5es de int\u00e9rpretes e grupos do Rio Grande do Sul e, tamb\u00e9m, artistas de outros estados que igualmente produzem m\u00fasica fandangueira.<\/p>\n<p>A atra\u00e7\u00e3o vai ao ar pela <strong>Universidade AM<\/strong>, todos os dias, na faixa das 05h00 \u00e0s 07h00. A pesquisa, produ\u00e7\u00e3o, sele\u00e7\u00e3o de repert\u00f3rio e edi\u00e7\u00e3o \u00e9 de <strong><a title=\"Milton Oliveira\" target=\"_blank\" rel=\"noopener\" href=\"https:\/\/aprendizdomundo.com\/miltonoliveira\">Milton Oliveira<\/a><\/strong>.<\/p>\n<p>O programa pode ser ouvido pelos <strong>800 AM<\/strong>, pelo <strong><a title=\"R\u00e1dio Universidade AM\" href=\"https:\/\/www.ufsm.br\/radio\" target=\"_blank\" rel=\"noopener\">site da emissora<\/a><\/strong> ou pelo smartphone, acessando seu aplicativo favorito.<\/p>\n","protected":false},"excerpt":{"rendered":"<p>Acompanhe o Sarandeio na pr\u00f3xima madrugada, a partir das 05h00, pela R\u00e1dio Universidade AM. A sele\u00e7\u00e3o musical vai destacar&#8230; Grupo Chama Nativa &#8211; Saudade Fandangueira Jairo Lambari Fernandes &#8211; Regalo de Dom Claudir Bochincho &#8211; Vai Ser Hoje Chico Espenosse &#8211; Um Domador Diferente Grupo Karaguatt\u00e1 &#8211; Penteado na Dan\u00e7a Eco do Minuano e Bonitinho [&#8230;] <\/p>\n<p class=\"more-link-container\"><a href=\"https:\/\/aprendizdomundo.com\/portal\/2025\/10\/24\/sarandeio3108\/\" class=\"more-link\">Read More<span class=\"screen-reader-text\"> &#8220;Sarandeio no amanhecer da Universidade AM, 25\/10&#8221;<\/span><\/a><\/p>\n","protected":false},"author":1,"featured_media":49473,"comment_status":"closed","ping_status":"closed","sticky":false,"template":"","format":"standard","meta":{"_eb_attr":"","footnotes":""},"categories":[22],"tags":[51],"class_list":["post-50332","post","type-post","status-publish","format-standard","has-post-thumbnail","hentry","category-sarandeio","tag-sarandeio"],"nelio_content":{"autoShareEndMode":"never","automationSources":{"useCustomSentences":false,"customSentences":[]},"efiAlt":"","efiUrl":"","followers":[1],"highlights":[],"isAutoShareEnabled":true,"networkImageIds":[],"permalinkQueryArgs":[],"series":[],"suggestedReferences":[]},"_links":{"self":[{"href":"https:\/\/aprendizdomundo.com\/portal\/wp-json\/wp\/v2\/posts\/50332","targetHints":{"allow":["GET"]}}],"collection":[{"href":"https:\/\/aprendizdomundo.com\/portal\/wp-json\/wp\/v2\/posts"}],"about":[{"href":"https:\/\/aprendizdomundo.com\/portal\/wp-json\/wp\/v2\/types\/post"}],"author":[{"embeddable":true,"href":"https:\/\/aprendizdomundo.com\/portal\/wp-json\/wp\/v2\/users\/1"}],"replies":[{"embeddable":true,"href":"https:\/\/aprendizdomundo.com\/portal\/wp-json\/wp\/v2\/comments?post=50332"}],"version-history":[{"count":1,"href":"https:\/\/aprendizdomundo.com\/portal\/wp-json\/wp\/v2\/posts\/50332\/revisions"}],"predecessor-version":[{"id":50333,"href":"https:\/\/aprendizdomundo.com\/portal\/wp-json\/wp\/v2\/posts\/50332\/revisions\/50333"}],"wp:featuredmedia":[{"embeddable":true,"href":"https:\/\/aprendizdomundo.com\/portal\/wp-json\/wp\/v2\/media\/49473"}],"wp:attachment":[{"href":"https:\/\/aprendizdomundo.com\/portal\/wp-json\/wp\/v2\/media?parent=50332"}],"wp:term":[{"taxonomy":"category","embeddable":true,"href":"https:\/\/aprendizdomundo.com\/portal\/wp-json\/wp\/v2\/categories?post=50332"},{"taxonomy":"post_tag","embeddable":true,"href":"https:\/\/aprendizdomundo.com\/portal\/wp-json\/wp\/v2\/tags?post=50332"}],"curies":[{"name":"wp","href":"https:\/\/api.w.org\/{rel}","templated":true}]}}