{"id":50338,"date":"2025-10-27T18:51:29","date_gmt":"2025-10-27T21:51:29","guid":{"rendered":"https:\/\/aprendizdomundo.com\/portal\/?p=50338"},"modified":"2025-09-25T18:51:55","modified_gmt":"2025-09-25T21:51:55","slug":"sarandeio3111","status":"publish","type":"post","link":"https:\/\/aprendizdomundo.com\/portal\/2025\/10\/27\/sarandeio3111\/","title":{"rendered":"Sarandeio no amanhecer da Universidade AM, 28\/10"},"content":{"rendered":"<p><img fetchpriority=\"high\" decoding=\"async\" class=\"alignleft\" title=\"Sarandeio\" src=\"https:\/\/aprendizdomundo.com\/imagens\/sarandeio_d28.png\" alt=\"Sarandeio\" width=\"320\" height=\"320\" \/>Acompanhe o <strong>Sarandeio<\/strong> na pr\u00f3xima madrugada, a partir das <strong>05h00<\/strong>, pela <strong><a title=\"R\u00e1dio Universidade AM\" href=\"https:\/\/www.ufsm.br\/radio\" target=\"_blank\" rel=\"noopener\">R\u00e1dio Universidade AM<\/a><\/strong>.<\/p>\n<p>A sele\u00e7\u00e3o musical vai destacar&#8230;<\/p>\n<p>Grupo Balan\u00e7o Nativo &#8211; Vida Estradeira<br \/>\nDaniel Cavalheiro &#8211; Memorial de Pampa e Fronteira<br \/>\nFogo de Ch\u00e3o &#8211; Carca a M\u00e3o na Botoneira<br \/>\nMichael Hartmann &#8211; Capricho de Gaiteiro<br \/>\nGrupo Minuano &#8211; Vaneira pros Chapeludo<br \/>\nConjunto Fogo de Ch\u00e3o &#8211; Pra Fandangue\u00e1<br \/>\nFabiano Bacchieri &#8211; Amanhecido<br \/>\nGauderiaco &#8211; Prenda Guria<br \/>\nBugre Xucro e Oscar Soares &#8211; Vaneirinha do Adeus<br \/>\nGrupo Manota\u00e7o &#8211; A Lusque-Fusque de Lampi\u00e3o<br \/>\nGlauber e Cl\u00e9ber Brito &#8211; Sentinela da Quer\u00eancia<br \/>\nGrupo Nossas Ra\u00edzes &#8211; Saudacao Campeira<br \/>\nCassiano Gervin e Felipe Teixeira &#8211; Subindo ao C\u00e9u<br \/>\nGrupo Reponte &#8211; Num Corcovear de Vanera<br \/>\nCristiano Vieira &#8211; Meu Retorno<br \/>\nGrupo Destino &#8211; Can\u00e7\u00e3o Para Rio Grande<br \/>\nOs Serranos &#8211; Orgulho do Sul<br \/>\nManinha Missioneira &#8211; Parceiros do Meu Canto<br \/>\nTch\u00ea Moleque &#8211; Gaita do Malaquia<br \/>\nGrupo Quero-Quero &#8211; Rei do Rodeio<br \/>\nAlbino Manique &#8211; Mercedita<br \/>\nInvernada de Guapos &#8211; Bicho do Mato Bom<br \/>\nCajarana &#8211; Bugio Macho N\u00e3o se Entrega<br \/>\nCumpadre Lagoa &#8211; A Viagem de \u00d4nibus (causo)<br \/>\nGrupo De Mont\u00e3o e Grupo Sorriso Lindo &#8211; Heran\u00e7a de Tropeiro<br \/>\n\u00c2ngelo Franco &#8211; Bolicho das Pedras Brancas<br \/>\nOs Mateadores &#8211; Vanera da Restinga Funda<br \/>\nGrupo Estirpe Campeira &#8211; Baile da Tia Quirina<br \/>\nCordas e Cordeonas &#8211; Cabanha Malta Martins<br \/>\nGrupo Capital Tch\u00ea &#8211; O Jeit\u00e3o do Gaud\u00e9rio<br \/>\nWalther Morais &#8211; Meu Tempo<\/p>\n<p><strong><a title=\"Sarandeio\" href=\"https:\/\/aprendizdomundo.com\/portal\/radio\/programas\/sarandeio\/\">Sarandeio<\/a><\/strong> \u00e9 um programa dedicado \u00e0 m\u00fasica ga\u00facha, especialmente a vertente fandangueira. Re\u00fane can\u00e7\u00f5es de int\u00e9rpretes e grupos do Rio Grande do Sul e, tamb\u00e9m, artistas de outros estados que igualmente produzem m\u00fasica fandangueira.<\/p>\n<p>A atra\u00e7\u00e3o vai ao ar pela <strong>Universidade AM<\/strong>, todos os dias, na faixa das 05h00 \u00e0s 07h00. A pesquisa, produ\u00e7\u00e3o, sele\u00e7\u00e3o de repert\u00f3rio e edi\u00e7\u00e3o \u00e9 de <strong><a title=\"Milton Oliveira\" target=\"_blank\" rel=\"noopener\" href=\"https:\/\/aprendizdomundo.com\/miltonoliveira\">Milton Oliveira<\/a><\/strong>.<\/p>\n<p>O programa pode ser ouvido pelos <strong>800 AM<\/strong>, pelo <strong><a title=\"R\u00e1dio Universidade AM\" href=\"https:\/\/www.ufsm.br\/radio\" target=\"_blank\" rel=\"noopener\">site da emissora<\/a><\/strong> ou pelo smartphone, acessando seu aplicativo favorito.<\/p>\n","protected":false},"excerpt":{"rendered":"<p>Acompanhe o Sarandeio na pr\u00f3xima madrugada, a partir das 05h00, pela R\u00e1dio Universidade AM. A sele\u00e7\u00e3o musical vai destacar&#8230; Grupo Balan\u00e7o Nativo &#8211; Vida Estradeira Daniel Cavalheiro &#8211; Memorial de Pampa e Fronteira Fogo de Ch\u00e3o &#8211; Carca a M\u00e3o na Botoneira Michael Hartmann &#8211; Capricho de Gaiteiro Grupo Minuano &#8211; Vaneira pros Chapeludo Conjunto [&#8230;] <\/p>\n<p class=\"more-link-container\"><a href=\"https:\/\/aprendizdomundo.com\/portal\/2025\/10\/27\/sarandeio3111\/\" class=\"more-link\">Read More<span class=\"screen-reader-text\"> &#8220;Sarandeio no amanhecer da Universidade AM, 28\/10&#8221;<\/span><\/a><\/p>\n","protected":false},"author":1,"featured_media":49473,"comment_status":"closed","ping_status":"closed","sticky":false,"template":"","format":"standard","meta":{"_eb_attr":"","footnotes":""},"categories":[22],"tags":[51],"class_list":["post-50338","post","type-post","status-publish","format-standard","has-post-thumbnail","hentry","category-sarandeio","tag-sarandeio"],"nelio_content":{"autoShareEndMode":"never","automationSources":{"useCustomSentences":false,"customSentences":[]},"efiAlt":"","efiUrl":"","followers":[1],"highlights":[],"isAutoShareEnabled":true,"networkImageIds":[],"permalinkQueryArgs":[],"series":[],"suggestedReferences":[]},"_links":{"self":[{"href":"https:\/\/aprendizdomundo.com\/portal\/wp-json\/wp\/v2\/posts\/50338","targetHints":{"allow":["GET"]}}],"collection":[{"href":"https:\/\/aprendizdomundo.com\/portal\/wp-json\/wp\/v2\/posts"}],"about":[{"href":"https:\/\/aprendizdomundo.com\/portal\/wp-json\/wp\/v2\/types\/post"}],"author":[{"embeddable":true,"href":"https:\/\/aprendizdomundo.com\/portal\/wp-json\/wp\/v2\/users\/1"}],"replies":[{"embeddable":true,"href":"https:\/\/aprendizdomundo.com\/portal\/wp-json\/wp\/v2\/comments?post=50338"}],"version-history":[{"count":1,"href":"https:\/\/aprendizdomundo.com\/portal\/wp-json\/wp\/v2\/posts\/50338\/revisions"}],"predecessor-version":[{"id":50339,"href":"https:\/\/aprendizdomundo.com\/portal\/wp-json\/wp\/v2\/posts\/50338\/revisions\/50339"}],"wp:featuredmedia":[{"embeddable":true,"href":"https:\/\/aprendizdomundo.com\/portal\/wp-json\/wp\/v2\/media\/49473"}],"wp:attachment":[{"href":"https:\/\/aprendizdomundo.com\/portal\/wp-json\/wp\/v2\/media?parent=50338"}],"wp:term":[{"taxonomy":"category","embeddable":true,"href":"https:\/\/aprendizdomundo.com\/portal\/wp-json\/wp\/v2\/categories?post=50338"},{"taxonomy":"post_tag","embeddable":true,"href":"https:\/\/aprendizdomundo.com\/portal\/wp-json\/wp\/v2\/tags?post=50338"}],"curies":[{"name":"wp","href":"https:\/\/api.w.org\/{rel}","templated":true}]}}