{"id":51173,"date":"2025-12-06T00:01:08","date_gmt":"2025-12-06T03:01:08","guid":{"rendered":"https:\/\/aprendizdomundo.com\/portal\/?p=51173"},"modified":"2025-11-22T09:46:42","modified_gmt":"2025-11-22T12:46:42","slug":"geracaobrasileira312","status":"publish","type":"post","link":"https:\/\/aprendizdomundo.com\/portal\/2025\/12\/06\/geracaobrasileira312\/","title":{"rendered":"Gera\u00e7\u00e3o Brasileira nos 800 AM neste s\u00e1bado, 06\/12"},"content":{"rendered":"<p><img fetchpriority=\"high\" decoding=\"async\" class=\"alignleft\" title=\"Gera\u00e7\u00e3o Brasileira\" src=\"https:\/\/aprendizdomundo.com\/imagens\/marca800_geracaobrasileira.png\" alt=\"Gera\u00e7\u00e3o Brasileira\" width=\"320\" height=\"320\" \/>Acompanhe a audi\u00e7\u00e3o 312 do <strong>Gera\u00e7\u00e3o Brasileira<\/strong> neste s\u00e1bado, a partir das <strong>07h00<\/strong>, pela <strong>R\u00e1dio Universidade AM<\/strong>.<\/p>\n<p>A audi\u00e7\u00e3o desta semana re\u00fane o seguinte repert\u00f3rio:<\/p>\n<p>Noriel Vilela &#8211; Todo Enrolado<br \/>\nSagrado Cora\u00e7\u00e3o da Terra &#8211; Flecha<br \/>\nDalto &#8211; Muito Estranho<br \/>\nBar\u00e3o Vermelho &#8211; Pro Dia Nascer Feliz<br \/>\nOs Originais do Samba &#8211; A Dona do Primeiro Andar<br \/>\nZeca Pagodinho &#8211; Tempo de Don Don<br \/>\nRoupa Nova &#8211; Com Voc\u00ea Faz Sentido<br \/>\nAlceu Valen\u00e7a &#8211; Na Primeira Manha<br \/>\nO\u00edvia Hime &#8211; Saia Rodada<br \/>\nTim Maia &#8211; Azul da Cor do Mar<br \/>\nEngenheiros do Hawaii &#8211; Terra de Gigantes<br \/>\nKiko Zambianchi &#8211; Rolam as Pedras<br \/>\nQuarteto em Cy &#8211; A Baiana e o Tabuleiro<br \/>\nWando &#8211; Senhorita Senhorita<br \/>\nJoanna &#8211; Momentos<br \/>\nCaetano Veloso &#8211; Pobre Poderes<br \/>\nJo\u00e3o Nogueira &#8211; Gago Apaixonado<br \/>\nFaf\u00e1 de Bel\u00e9m &#8211; Estrela Radiante<br \/>\nEdnardo &#8211; Receita da Felicidade<br \/>\nKid Abelha &#8211; Pintura \u00cdntima<br \/>\nGeraldo Vandr\u00e9 &#8211; Porta Estandarte<br \/>\nHyldon &#8211; T\u00e1xi Pra Bahia<br \/>\nElis Regina &#8211; Romaria<br \/>\nMilton Nascimento &#8211; Certas Coisas<br \/>\nLuiz Melodia &#8211; Magrelinha<br \/>\nRita Lee &#8211; Banho de Espuma<br \/>\nFagner &#8211; Guerreiro Menino (Um Homem Tamb\u00e9m Chora)<br \/>\nDalto &#8211; Pessoa<br \/>\nS\u00e9rgio Murilo &#8211; Broto Legal<br \/>\nGuilherme Arantes &#8211; Pedacinhos (Bye Bye So Long)<br \/>\nSandra de Sa &#8211; Bye Bye, Tristeza<br \/>\nBenito di Paula &#8211; Charlie Brown<\/p>\n<p><strong><a title=\"Gera\u00e7\u00e3o Brasileira\" href=\"https:\/\/aprendizdomundo.com\/portal\/radio\/programas\/geracao\/\">Gera\u00e7\u00e3o Brasileira<\/a><\/strong> \u00e9 um programa voltado \u00e0 execu\u00e7\u00e3o de can\u00e7\u00f5es brasileiras contempor\u00e2neas, reunindo sucessos das d\u00e9cadas de 1960 a 1990.<\/p>\n<p>A atra\u00e7\u00e3o vai ao ar pela <strong>Universidade AM<\/strong>, todo s\u00e1bado, na faixa das 07h00 \u00e0s 09h00. A pesquisa, produ\u00e7\u00e3o, sele\u00e7\u00e3o de repert\u00f3rio e edi\u00e7\u00e3o \u00e9 de <strong><a title=\"Milton Oliveira\" target=\"_blank\" rel=\"noopener\" href=\"https:\/\/aprendizdomundo.com\/miltonoliveira\">Milton Oliveira<\/a><\/strong>.<\/p>\n<p>O programa pode ser ouvido pelos <strong>800 AM<\/strong>, pelo <strong><a title=\"R\u00e1dio Universidade AM\" href=\"https:\/\/www.ufsm.br\/radio\" target=\"_blank\" rel=\"noopener\">site da emissora<\/a><\/strong> ou pelo smartphone, acessando seu aplicativo favorito.<\/p>\n","protected":false},"excerpt":{"rendered":"<p>Acompanhe a audi\u00e7\u00e3o 312 do Gera\u00e7\u00e3o Brasileira neste s\u00e1bado, a partir das 07h00, pela R\u00e1dio Universidade AM. A audi\u00e7\u00e3o desta semana re\u00fane o seguinte repert\u00f3rio: Noriel Vilela &#8211; Todo Enrolado Sagrado Cora\u00e7\u00e3o da Terra &#8211; Flecha Dalto &#8211; Muito Estranho Bar\u00e3o Vermelho &#8211; Pro Dia Nascer Feliz Os Originais do Samba &#8211; A Dona do [&#8230;] <\/p>\n<p class=\"more-link-container\"><a href=\"https:\/\/aprendizdomundo.com\/portal\/2025\/12\/06\/geracaobrasileira312\/\" class=\"more-link\">Read More<span class=\"screen-reader-text\"> &#8220;Gera\u00e7\u00e3o Brasileira nos 800 AM neste s\u00e1bado, 06\/12&#8221;<\/span><\/a><\/p>\n","protected":false},"author":1,"featured_media":49477,"comment_status":"closed","ping_status":"closed","sticky":false,"template":"","format":"standard","meta":{"_eb_attr":"","footnotes":""},"categories":[14],"tags":[32],"class_list":["post-51173","post","type-post","status-publish","format-standard","has-post-thumbnail","hentry","category-geracaobrasileira","tag-cancoes-do-brasil"],"nelio_content":{"autoShareEndMode":"never","automationSources":{"useCustomSentences":false,"customSentences":[]},"efiAlt":"","efiUrl":"","followers":[1],"highlights":[],"isAutoShareEnabled":true,"networkImageIds":[],"permalinkQueryArgs":[],"series":[],"suggestedReferences":[]},"_links":{"self":[{"href":"https:\/\/aprendizdomundo.com\/portal\/wp-json\/wp\/v2\/posts\/51173","targetHints":{"allow":["GET"]}}],"collection":[{"href":"https:\/\/aprendizdomundo.com\/portal\/wp-json\/wp\/v2\/posts"}],"about":[{"href":"https:\/\/aprendizdomundo.com\/portal\/wp-json\/wp\/v2\/types\/post"}],"author":[{"embeddable":true,"href":"https:\/\/aprendizdomundo.com\/portal\/wp-json\/wp\/v2\/users\/1"}],"replies":[{"embeddable":true,"href":"https:\/\/aprendizdomundo.com\/portal\/wp-json\/wp\/v2\/comments?post=51173"}],"version-history":[{"count":1,"href":"https:\/\/aprendizdomundo.com\/portal\/wp-json\/wp\/v2\/posts\/51173\/revisions"}],"predecessor-version":[{"id":51174,"href":"https:\/\/aprendizdomundo.com\/portal\/wp-json\/wp\/v2\/posts\/51173\/revisions\/51174"}],"wp:featuredmedia":[{"embeddable":true,"href":"https:\/\/aprendizdomundo.com\/portal\/wp-json\/wp\/v2\/media\/49477"}],"wp:attachment":[{"href":"https:\/\/aprendizdomundo.com\/portal\/wp-json\/wp\/v2\/media?parent=51173"}],"wp:term":[{"taxonomy":"category","embeddable":true,"href":"https:\/\/aprendizdomundo.com\/portal\/wp-json\/wp\/v2\/categories?post=51173"},{"taxonomy":"post_tag","embeddable":true,"href":"https:\/\/aprendizdomundo.com\/portal\/wp-json\/wp\/v2\/tags?post=51173"}],"curies":[{"name":"wp","href":"https:\/\/api.w.org\/{rel}","templated":true}]}}