{"id":51175,"date":"2025-12-13T00:01:46","date_gmt":"2025-12-13T03:01:46","guid":{"rendered":"https:\/\/aprendizdomundo.com\/portal\/?p=51175"},"modified":"2025-11-22T09:47:17","modified_gmt":"2025-11-22T12:47:17","slug":"geracaobrasileira313","status":"publish","type":"post","link":"https:\/\/aprendizdomundo.com\/portal\/2025\/12\/13\/geracaobrasileira313\/","title":{"rendered":"Gera\u00e7\u00e3o Brasileira nos 800 AM neste s\u00e1bado, 13\/12"},"content":{"rendered":"<p><img fetchpriority=\"high\" decoding=\"async\" class=\"alignleft\" title=\"Gera\u00e7\u00e3o Brasileira\" src=\"https:\/\/aprendizdomundo.com\/imagens\/marca800_geracaobrasileira.png\" alt=\"Gera\u00e7\u00e3o Brasileira\" width=\"320\" height=\"320\" \/>Acompanhe o <strong>Gera\u00e7\u00e3o Brasileira<\/strong> neste s\u00e1bado, a partir das <strong>07h00<\/strong>, pela <strong>R\u00e1dio Universidade AM<\/strong>.<\/p>\n<p>A audi\u00e7\u00e3o desta semana re\u00fane o seguinte repert\u00f3rio:<\/p>\n<p>D\u00f3ris Monteiro &#8211; Mudando de Conversa<br \/>\nZizi Possi &#8211; Caminhos de Sol<br \/>\nF\u00e1bio Jr. &#8211; O Que \u00e9 Que H\u00e1<br \/>\nBiafra &#8211; Sonho de \u00cdcaro<br \/>\nCarlos Lyra &#8211; Influ\u00eancia do Jazz<br \/>\nMartinho da Vila &#8211; Pagode da Saideira<br \/>\nFren\u00e9ticas &#8211; O Preto Que Satisfaz<br \/>\nRicardo Braga &#8211; Detalhes<br \/>\nTony Campello &#8211; Boogie do Bebe<br \/>\nBruno &#8211; Como a Brisa<br \/>\nMarina Lima &#8211; Uma Noite e Meia<br \/>\nNico Rezende &#8211; Esquece e Vem<br \/>\nSecos e Molhados &#8211; Sangue Latino<br \/>\nGal Costa &#8211; Festa do Interior<br \/>\nFlavio Venturini &#8211; Espanhola<br \/>\nHarmony Cats &#8211; Amigo \u00c9<br \/>\nMaur\u00edcio &#8211; A Cada Momento<br \/>\nBobby di Carlo &#8211; Tijolinho<br \/>\nLeno e Lilian &#8211; Eu N\u00e3o Sabia Que Voc\u00ea Existia<br \/>\nKledir Ramil &#8211; Espanhola<br \/>\nLegi\u00e3o Urbana &#8211; Eduardo e M\u00f4nica<br \/>\nTom Jobim &#8211; Samba de uma Nota S\u00f3<br \/>\nThe Fevers &#8211; Por Causa de Voc\u00ea<br \/>\nPaulinho Nogueira &#8211; Menina<br \/>\nBranca di Neve &#8211; Boca Louca<br \/>\nJorge Ben Jor &#8211; Chove Chuva<br \/>\nAmelinha &#8211; Peda\u00e7o de Can\u00e7\u00e3o<br \/>\nGonzaguinha &#8211; E Vamos \u00e0 Luta<br \/>\nSimone &#8211; Face a Face<br \/>\nChico da Silva &#8211; Pandeiro \u00e9 Meu Nome<br \/>\nOs Cariocas &#8211; Ela \u00e9 Carioca<br \/>\nHerman Torres &#8211; Paix\u00e3o<br \/>\nGilliard &#8211; N\u00e3o Diga Nada<\/p>\n<p><strong><a title=\"Gera\u00e7\u00e3o Brasileira\" href=\"https:\/\/aprendizdomundo.com\/portal\/radio\/programas\/geracao\/\">Gera\u00e7\u00e3o Brasileira<\/a><\/strong> \u00e9 um programa voltado \u00e0 execu\u00e7\u00e3o de can\u00e7\u00f5es brasileiras contempor\u00e2neas, reunindo sucessos das d\u00e9cadas de 1960 a 1990.<\/p>\n<p>A atra\u00e7\u00e3o vai ao ar pela <strong>Universidade AM<\/strong>, todo s\u00e1bado, na faixa das 07h00 \u00e0s 09h00. A pesquisa, produ\u00e7\u00e3o, sele\u00e7\u00e3o de repert\u00f3rio e edi\u00e7\u00e3o \u00e9 de <strong><a title=\"Milton Oliveira\" target=\"_blank\" rel=\"noopener\" href=\"https:\/\/aprendizdomundo.com\/miltonoliveira\">Milton Oliveira<\/a><\/strong>.<\/p>\n<p>O programa pode ser ouvido pelos <strong>800 AM<\/strong>, pelo <strong><a title=\"R\u00e1dio Universidade AM\" href=\"https:\/\/www.ufsm.br\/radio\" target=\"_blank\" rel=\"noopener\">site da emissora<\/a><\/strong> ou pelo smartphone, acessando seu aplicativo favorito.<\/p>\n","protected":false},"excerpt":{"rendered":"<p>Acompanhe o Gera\u00e7\u00e3o Brasileira neste s\u00e1bado, a partir das 07h00, pela R\u00e1dio Universidade AM. A audi\u00e7\u00e3o desta semana re\u00fane o seguinte repert\u00f3rio: D\u00f3ris Monteiro &#8211; Mudando de Conversa Zizi Possi &#8211; Caminhos de Sol F\u00e1bio Jr. &#8211; O Que \u00e9 Que H\u00e1 Biafra &#8211; Sonho de \u00cdcaro Carlos Lyra &#8211; Influ\u00eancia do Jazz Martinho da [&#8230;] <\/p>\n<p class=\"more-link-container\"><a href=\"https:\/\/aprendizdomundo.com\/portal\/2025\/12\/13\/geracaobrasileira313\/\" class=\"more-link\">Read More<span class=\"screen-reader-text\"> &#8220;Gera\u00e7\u00e3o Brasileira nos 800 AM neste s\u00e1bado, 13\/12&#8221;<\/span><\/a><\/p>\n","protected":false},"author":1,"featured_media":49477,"comment_status":"closed","ping_status":"closed","sticky":false,"template":"","format":"standard","meta":{"_eb_attr":"","footnotes":""},"categories":[14],"tags":[32],"class_list":["post-51175","post","type-post","status-publish","format-standard","has-post-thumbnail","hentry","category-geracaobrasileira","tag-cancoes-do-brasil"],"nelio_content":{"autoShareEndMode":"never","automationSources":{"useCustomSentences":false,"customSentences":[]},"efiAlt":"","efiUrl":"","followers":[1],"highlights":[],"isAutoShareEnabled":true,"networkImageIds":[],"permalinkQueryArgs":[],"series":[],"suggestedReferences":[]},"_links":{"self":[{"href":"https:\/\/aprendizdomundo.com\/portal\/wp-json\/wp\/v2\/posts\/51175","targetHints":{"allow":["GET"]}}],"collection":[{"href":"https:\/\/aprendizdomundo.com\/portal\/wp-json\/wp\/v2\/posts"}],"about":[{"href":"https:\/\/aprendizdomundo.com\/portal\/wp-json\/wp\/v2\/types\/post"}],"author":[{"embeddable":true,"href":"https:\/\/aprendizdomundo.com\/portal\/wp-json\/wp\/v2\/users\/1"}],"replies":[{"embeddable":true,"href":"https:\/\/aprendizdomundo.com\/portal\/wp-json\/wp\/v2\/comments?post=51175"}],"version-history":[{"count":1,"href":"https:\/\/aprendizdomundo.com\/portal\/wp-json\/wp\/v2\/posts\/51175\/revisions"}],"predecessor-version":[{"id":51176,"href":"https:\/\/aprendizdomundo.com\/portal\/wp-json\/wp\/v2\/posts\/51175\/revisions\/51176"}],"wp:featuredmedia":[{"embeddable":true,"href":"https:\/\/aprendizdomundo.com\/portal\/wp-json\/wp\/v2\/media\/49477"}],"wp:attachment":[{"href":"https:\/\/aprendizdomundo.com\/portal\/wp-json\/wp\/v2\/media?parent=51175"}],"wp:term":[{"taxonomy":"category","embeddable":true,"href":"https:\/\/aprendizdomundo.com\/portal\/wp-json\/wp\/v2\/categories?post=51175"},{"taxonomy":"post_tag","embeddable":true,"href":"https:\/\/aprendizdomundo.com\/portal\/wp-json\/wp\/v2\/tags?post=51175"}],"curies":[{"name":"wp","href":"https:\/\/api.w.org\/{rel}","templated":true}]}}