{"id":51294,"date":"2025-12-07T17:38:25","date_gmt":"2025-12-07T20:38:25","guid":{"rendered":"https:\/\/aprendizdomundo.com\/portal\/?p=51294"},"modified":"2025-11-24T17:38:53","modified_gmt":"2025-11-24T20:38:53","slug":"sarandeio3152","status":"publish","type":"post","link":"https:\/\/aprendizdomundo.com\/portal\/2025\/12\/07\/sarandeio3152\/","title":{"rendered":"Sarandeio no amanhecer da Universidade AM, 08\/12"},"content":{"rendered":"<p><img fetchpriority=\"high\" decoding=\"async\" class=\"alignleft\" title=\"Sarandeio\" src=\"https:\/\/aprendizdomundo.com\/imagens\/sarandeio_d08.png\" alt=\"Sarandeio\" width=\"320\" height=\"320\" \/>Acompanhe o <strong>Sarandeio<\/strong> na pr\u00f3xima madrugada, a partir das <strong>05h00<\/strong>, pela <strong><a title=\"R\u00e1dio Universidade AM\" href=\"https:\/\/www.ufsm.br\/radio\" target=\"_blank\" rel=\"noopener\">R\u00e1dio Universidade AM<\/a><\/strong>.<\/p>\n<p>A sele\u00e7\u00e3o musical vai destacar&#8230;<\/p>\n<p>Grupo Tamoeiro &#8211; Alma de Gaita<br \/>\nPorca V\u00e9ia &#8211; Baile Serrano<br \/>\nM\u00e1rcio Giovano &#8211; Ch\u00e3o Ga\u00facho<br \/>\nMiro Saldanha &#8211; Apesar dos Pesares<br \/>\nOs Pirilampos &#8211; Oiga Bugiu<br \/>\nCrioulo dos Pampas &#8211; O Peito do Pedro \u00e9 Preto<br \/>\nGrupo Festa Ga\u00facha &#8211; Louco por Surungo<br \/>\nJ\u00falio Saldanha &#8211; Esperan\u00e7as Crioulas<br \/>\nGrupo Quero-Quero &#8211; Quando a Saudade Bateu<br \/>\nO Cancioneiro &#8211; Penca em Cancha Reta<br \/>\nExpresso Tch\u00ea &#8211; Cora\u00e7\u00e3o Fandangueiro<br \/>\nSadi Pereira &#8211; Flor de Contrapasso<br \/>\nOs Tiranos &#8211; Cantando o Rio Grande<br \/>\nPortal do Pampa &#8211; Guria do Baile<br \/>\nLeonardo &#8211; Gauchadas<br \/>\nTch\u00ea Kakareko &#8211; China Maleva<br \/>\nLu\u00eds Moreira e Grupo Estampa Galponeira &#8211; Pretexto de B\u00eabado<br \/>\nOs Serranos &#8211; Minha Carreta<br \/>\nOs Reis do Fandango &#8211; Lenha no Verso<br \/>\nC\u00e1ssia Abreu &#8211; N\u00e3o Podemo se Entrega pros Home<br \/>\nGrupo Minuano &#8211; Destino de Pe\u00e3o<br \/>\nOs Mirins &#8211; Meu Nome \u00e9 Tch\u00ea<br \/>\nPedro Orta\u00e7a &#8211; Debulhando Milho<br \/>\nGrupo Ra\u00edzes &#8211; Marcha do Seu Wuni<br \/>\nAd\u00e3o Quintana Vieira e Grupo Parceria &#8211; L\u00e9guas de Saudade, na vers\u00e3o ao vivo<br \/>\nOs Monarcas &#8211; Dona da Sala<br \/>\nBalan\u00e7o do Tch\u00ea &#8211; O Vaner\u00e3o \u00e9 Brasileiro<br \/>\nMarcos Costa &#8211; Tordilha Monarca<br \/>\nGrupo Ra\u00edzes &#8211; Bamo Balan\u00e7\u00e1<br \/>\nOswaldir &#038; Carlos Magr\u00e3o &#8211; Ga\u00fachos<br \/>\nGrupo Cora\u00e7\u00e3o Ga\u00facho &#8211; Cora\u00e7\u00e3o Ga\u00facho<br \/>\nShana Muller &#8211; Solta das Pata<br \/>\nGustavo Teixeira e Grupo Alma Missioneira &#8211; O Chamam\u00e9 e o Sapucay<\/p>\n<p><strong><a title=\"Sarandeio\" href=\"https:\/\/aprendizdomundo.com\/portal\/radio\/programas\/sarandeio\/\">Sarandeio<\/a><\/strong> \u00e9 um programa dedicado \u00e0 m\u00fasica ga\u00facha, especialmente a vertente fandangueira. Re\u00fane can\u00e7\u00f5es de int\u00e9rpretes e grupos do Rio Grande do Sul e, tamb\u00e9m, artistas de outros estados que igualmente produzem m\u00fasica fandangueira.<\/p>\n<p>A atra\u00e7\u00e3o vai ao ar pela <strong>Universidade AM<\/strong>, todos os dias, na faixa das 05h00 \u00e0s 07h00. A pesquisa, produ\u00e7\u00e3o, sele\u00e7\u00e3o de repert\u00f3rio e edi\u00e7\u00e3o \u00e9 de <strong><a title=\"Milton Oliveira\" target=\"_blank\" rel=\"noopener\" href=\"https:\/\/aprendizdomundo.com\/miltonoliveira\">Milton Oliveira<\/a><\/strong>.<\/p>\n<p>O programa pode ser ouvido pelos <strong>800 AM<\/strong>, pelo <strong><a title=\"R\u00e1dio Universidade AM\" href=\"https:\/\/www.ufsm.br\/radio\" target=\"_blank\" rel=\"noopener\">site da emissora<\/a><\/strong> ou pelo smartphone, acessando seu aplicativo favorito.<\/p>\n","protected":false},"excerpt":{"rendered":"<p>Acompanhe o Sarandeio na pr\u00f3xima madrugada, a partir das 05h00, pela R\u00e1dio Universidade AM. A sele\u00e7\u00e3o musical vai destacar&#8230; Grupo Tamoeiro &#8211; Alma de Gaita Porca V\u00e9ia &#8211; Baile Serrano M\u00e1rcio Giovano &#8211; Ch\u00e3o Ga\u00facho Miro Saldanha &#8211; Apesar dos Pesares Os Pirilampos &#8211; Oiga Bugiu Crioulo dos Pampas &#8211; O Peito do Pedro \u00e9 [&#8230;] <\/p>\n<p class=\"more-link-container\"><a href=\"https:\/\/aprendizdomundo.com\/portal\/2025\/12\/07\/sarandeio3152\/\" class=\"more-link\">Read More<span class=\"screen-reader-text\"> &#8220;Sarandeio no amanhecer da Universidade AM, 08\/12&#8221;<\/span><\/a><\/p>\n","protected":false},"author":1,"featured_media":49473,"comment_status":"closed","ping_status":"closed","sticky":false,"template":"","format":"standard","meta":{"_eb_attr":"","footnotes":""},"categories":[22],"tags":[51],"class_list":["post-51294","post","type-post","status-publish","format-standard","has-post-thumbnail","hentry","category-sarandeio","tag-sarandeio"],"nelio_content":{"autoShareEndMode":"never","automationSources":{"useCustomSentences":false,"customSentences":[]},"efiAlt":"","efiUrl":"","followers":[1],"highlights":[],"isAutoShareEnabled":true,"networkImageIds":[],"permalinkQueryArgs":[],"series":[],"suggestedReferences":[]},"_links":{"self":[{"href":"https:\/\/aprendizdomundo.com\/portal\/wp-json\/wp\/v2\/posts\/51294","targetHints":{"allow":["GET"]}}],"collection":[{"href":"https:\/\/aprendizdomundo.com\/portal\/wp-json\/wp\/v2\/posts"}],"about":[{"href":"https:\/\/aprendizdomundo.com\/portal\/wp-json\/wp\/v2\/types\/post"}],"author":[{"embeddable":true,"href":"https:\/\/aprendizdomundo.com\/portal\/wp-json\/wp\/v2\/users\/1"}],"replies":[{"embeddable":true,"href":"https:\/\/aprendizdomundo.com\/portal\/wp-json\/wp\/v2\/comments?post=51294"}],"version-history":[{"count":1,"href":"https:\/\/aprendizdomundo.com\/portal\/wp-json\/wp\/v2\/posts\/51294\/revisions"}],"predecessor-version":[{"id":51295,"href":"https:\/\/aprendizdomundo.com\/portal\/wp-json\/wp\/v2\/posts\/51294\/revisions\/51295"}],"wp:featuredmedia":[{"embeddable":true,"href":"https:\/\/aprendizdomundo.com\/portal\/wp-json\/wp\/v2\/media\/49473"}],"wp:attachment":[{"href":"https:\/\/aprendizdomundo.com\/portal\/wp-json\/wp\/v2\/media?parent=51294"}],"wp:term":[{"taxonomy":"category","embeddable":true,"href":"https:\/\/aprendizdomundo.com\/portal\/wp-json\/wp\/v2\/categories?post=51294"},{"taxonomy":"post_tag","embeddable":true,"href":"https:\/\/aprendizdomundo.com\/portal\/wp-json\/wp\/v2\/tags?post=51294"}],"curies":[{"name":"wp","href":"https:\/\/api.w.org\/{rel}","templated":true}]}}