{"id":51357,"date":"2025-12-15T07:00:44","date_gmt":"2025-12-15T10:00:44","guid":{"rendered":"https:\/\/aprendizdomundo.com\/portal\/?p=51357"},"modified":"2025-12-01T19:32:15","modified_gmt":"2025-12-01T22:32:15","slug":"atracaonacionalnaunifm1838","status":"publish","type":"post","link":"https:\/\/aprendizdomundo.com\/portal\/2025\/12\/15\/atracaonacionalnaunifm1838\/","title":{"rendered":"Maglore na Uni FM nesta segunda, 15\/12"},"content":{"rendered":"<p>Acompanhe o <strong>Atra\u00e7\u00e3o Nacional<\/strong> de hoje, a partir das <strong>22h00<\/strong>, pela <strong><a title=\"R\u00e1dio Uni FM\" href=\"https:\/\/www.ufsm.br\/radio\" target=\"_blank\" rel=\"noopener\">R\u00e1dio Uni FM<\/a><\/strong>.<\/p>\n<p><img fetchpriority=\"high\" decoding=\"async\" title=\"Maglore\" class=\"alignleft\" src=\"https:\/\/aprendizdomundo.com\/imagens2\/at_maglore.jpg\" alt=\"Maglore\" width=\"320\" height=\"320\" \/>A audi\u00e7\u00e3o desta noite destaca mais um nome do nosso elenco, tocando a obra gravada da banda <strong>Maglore<\/strong>. O grupo Maglore surgiu em 2009, na cidade de Salvador. Desde ent\u00e3o ativa na cena pop rock baiana, a banda tem na atual forma\u00e7\u00e3o os m\u00fasicos Teago Oliveira, Lelo Brand\u00e3o, Felipe Dieder e Lucas Gon\u00e7alves. J\u00e1 passaram pelo grupo os nomes de Carlos de Castro, Igor Andrade, Eric Pretti e Rodrigo Damati. A estreia discogr\u00e1fica aconteceu ainda em 2009, com o lan\u00e7amento do EP Cores ao Vento.<\/p>\n<p>A <strong>playlist<\/strong> que vamos ouvir \u00e9 a seguinte:<\/p>\n<p>Amor de Ver\u00e3o, em vers\u00e3o ac\u00fastica<br \/>\nSe Voc\u00ea Fosse Minha<br \/>\nEsp\u00edrito Selvagem, em vers\u00e3o ac\u00fastica<br \/>\nOutra Vez<br \/>\nCalma<br \/>\nTela Quente, em vers\u00e3o ac\u00fastica<br \/>\nTalvez<br \/>\nMe Deixa Legal<br \/>\nAi Ai<br \/>\nRev\u00e9s de Tudo<br \/>\nMantra, em vers\u00e3o ac\u00fastica<br \/>\nMedianias<br \/>\nCaf\u00e9 com P\u00e3o<br \/>\nInvejosa, em vers\u00e3o ac\u00fastica<br \/>\nA Vida \u00e9 uma Aventura<br \/>\nTodas as Bandeiras<\/p>\n<p>O <strong>Atra\u00e7\u00e3o Nacional<\/strong> vai ao ar pela <strong>Uni FM<\/strong>, de segunda a sexta, na faixa das 22h00 \u00e0s 23h00. A curadoria de elenco, dire\u00e7\u00e3o, pesquisa, produ\u00e7\u00e3o, sele\u00e7\u00e3o de repert\u00f3rio, reda\u00e7\u00e3o de texto, apresenta\u00e7\u00e3o e edi\u00e7\u00e3o \u00e9 de <strong><a title=\"Milton Oliveira\" target=\"_blank\" rel=\"noopener\" href=\"https:\/\/aprendizdomundo.com\/miltonoliveira\">Milton Oliveira<\/a><\/strong>.<\/p>\n<p>O programa pode ser ouvido pelos <strong>107.9 FM<\/strong>; pela home page da emissora, em <strong><a title=\"R\u00e1dio Uni FM\" href=\"https:\/\/www.ufsm.br\/radio\" target=\"_blank\" rel=\"noopener\">ufsm.br\/radio<\/a><\/strong>; ou pelo smartphone, acessando seu aplicativo favorito.<\/p>\n<p>O <strong>Atra\u00e7\u00e3o Nacional<\/strong> tamb\u00e9m \u00e9 veiculado pela <strong><a title=\"R\u00e1dio Universidade AM\" href=\"https:\/\/www.ufsm.br\/radio\" target=\"_blank\" rel=\"noopener\">Universidade 800 AM<\/a><\/strong>, de segunda a sexta, na faixa das 20h00 \u00e0s 21h00; pela <strong><a title=\"Resonance R\u00e1dio\" href=\"http:\/\/www.resonanceradio.com.br\/\" target=\"_blank\" rel=\"noopener\">Resonance R\u00e1dio<\/a><\/strong>, todo domingo, na faixa das 18h00 \u00e0s 19h00; e pela <strong><a title=\"R\u00e1dio Bloco\" href=\"http:\/\/www.radiobloco.net\/\" target=\"_blank\" rel=\"noopener\">R\u00e1dio Bloco<\/a><\/strong>, toda ter\u00e7a, na faixa das 17h00 \u00e0s 18h00. As audi\u00e7\u00f5es n\u00e3o s\u00e3o vinculadas, os destaques s\u00e3o sempre diferentes em cada emissora.<\/p>\n<p>Curta a fanpage do nosso programa em <strong><strong><a href=\"http:\/\/www.facebook.com\/atracaonacional\" target=\"_blank\" rel=\"noopener\" title=\"Atra\u00e7\u00e3o Nacional no Facebook\">facebook.com\/atracaonacional<\/a><\/strong><\/strong>.<\/p>\n","protected":false},"excerpt":{"rendered":"<p>Acompanhe o Atra\u00e7\u00e3o Nacional de hoje, a partir das 22h00, pela R\u00e1dio Uni FM. A audi\u00e7\u00e3o desta noite destaca mais um nome do nosso elenco, tocando a obra gravada da banda Maglore. O grupo Maglore surgiu em 2009, na cidade de Salvador. Desde ent\u00e3o ativa na cena pop rock baiana, a banda tem na atual [&#8230;] <\/p>\n<p class=\"more-link-container\"><a href=\"https:\/\/aprendizdomundo.com\/portal\/2025\/12\/15\/atracaonacionalnaunifm1838\/\" class=\"more-link\">Read More<span class=\"screen-reader-text\"> &#8220;Maglore na Uni FM nesta segunda, 15\/12&#8221;<\/span><\/a><\/p>\n","protected":false},"author":1,"featured_media":49483,"comment_status":"closed","ping_status":"closed","sticky":false,"template":"","format":"standard","meta":{"_eb_attr":"","footnotes":""},"categories":[4],"tags":[49],"class_list":["post-51357","post","type-post","status-publish","format-standard","has-post-thumbnail","hentry","category-atracao","tag-musica-do-brasil"],"nelio_content":{"autoShareEndMode":"never","automationSources":{"useCustomSentences":false,"customSentences":[]},"efiAlt":"","efiUrl":"","followers":[1],"highlights":[],"isAutoShareEnabled":true,"networkImageIds":[],"permalinkQueryArgs":[],"series":[],"suggestedReferences":[]},"_links":{"self":[{"href":"https:\/\/aprendizdomundo.com\/portal\/wp-json\/wp\/v2\/posts\/51357","targetHints":{"allow":["GET"]}}],"collection":[{"href":"https:\/\/aprendizdomundo.com\/portal\/wp-json\/wp\/v2\/posts"}],"about":[{"href":"https:\/\/aprendizdomundo.com\/portal\/wp-json\/wp\/v2\/types\/post"}],"author":[{"embeddable":true,"href":"https:\/\/aprendizdomundo.com\/portal\/wp-json\/wp\/v2\/users\/1"}],"replies":[{"embeddable":true,"href":"https:\/\/aprendizdomundo.com\/portal\/wp-json\/wp\/v2\/comments?post=51357"}],"version-history":[{"count":1,"href":"https:\/\/aprendizdomundo.com\/portal\/wp-json\/wp\/v2\/posts\/51357\/revisions"}],"predecessor-version":[{"id":51358,"href":"https:\/\/aprendizdomundo.com\/portal\/wp-json\/wp\/v2\/posts\/51357\/revisions\/51358"}],"wp:featuredmedia":[{"embeddable":true,"href":"https:\/\/aprendizdomundo.com\/portal\/wp-json\/wp\/v2\/media\/49483"}],"wp:attachment":[{"href":"https:\/\/aprendizdomundo.com\/portal\/wp-json\/wp\/v2\/media?parent=51357"}],"wp:term":[{"taxonomy":"category","embeddable":true,"href":"https:\/\/aprendizdomundo.com\/portal\/wp-json\/wp\/v2\/categories?post=51357"},{"taxonomy":"post_tag","embeddable":true,"href":"https:\/\/aprendizdomundo.com\/portal\/wp-json\/wp\/v2\/tags?post=51357"}],"curies":[{"name":"wp","href":"https:\/\/api.w.org\/{rel}","templated":true}]}}