{"id":51459,"date":"2025-12-08T03:00:08","date_gmt":"2025-12-08T06:00:08","guid":{"rendered":"https:\/\/aprendizdomundo.com\/portal\/?p=51459"},"modified":"2025-12-02T15:20:50","modified_gmt":"2025-12-02T18:20:50","slug":"femina2223","status":"publish","type":"post","link":"https:\/\/aprendizdomundo.com\/portal\/2025\/12\/08\/femina2223\/","title":{"rendered":"Femina na programa\u00e7\u00e3o da Universidade AM, 08\/12"},"content":{"rendered":"<p><img fetchpriority=\"high\" decoding=\"async\" class=\"alignleft\" title=\"Femina\" src=\"https:\/\/aprendizdomundo.com\/imagens\/marca800_femina.png\" alt=\"Femina\" width=\"320\" height=\"320\" \/>Acompanhe o <strong>Femina<\/strong> de hoje, a partir das <strong>14h00<\/strong>, pela <strong><a title=\"R\u00e1dio Universidade AM\" href=\"https:\/\/www.ufsm.br\/radio\" target=\"_blank\" rel=\"noopener\">R\u00e1dio Universidade AM<\/a><\/strong>.<\/p>\n<p>A sele\u00e7\u00e3o musical programada \u00e9 a seguinte:<\/p>\n<p>Manuela Rodrigues &#8211; \u00d4xe \u00d4xe \u00d4xe<br \/>\nAlana Moraes &#8211; Meio Muito Louca<br \/>\nAngela Evans &#8211; Samba pra Mangueira<br \/>\nJane Duboc &#8211; Sonhos<br \/>\nLarissa Cavalcanti &#8211; Sigo em Frente<br \/>\nGiana Cervi &#8211; Samba de Patchwork<br \/>\nN\u00fabia Dourado &#8211; Galega Preta<br \/>\nAdriana Moreira &#8211; Salve o Presidente<br \/>\nMarina Wisnik &#8211; Rota Natural<br \/>\nAdriana Maciel &#8211; Meio da Rua<br \/>\nSandra Duailibe e Cely Curado &#8211; A Banca do Distinto<br \/>\nClara Gurj\u00e3o &#8211; Sempre \u00e9 Pouco<br \/>\nEliana Printes &#8211; For\u00e7a e Eleg\u00e2ncia<br \/>\nLuiza Lian &#8211; Choror\u00f4<br \/>\nFlavia Oliveira &#8211; A Garota de Ipanema<\/p>\n<p><strong><a title=\"Femina\" href=\"https:\/\/aprendizdomundo.com\/portal\/radio\/programas\/femina\/\">Femina<\/a><\/strong> \u00e9 um programa voltado \u00e0 execu\u00e7\u00e3o de cantoras brasileiras contempor\u00e2neas, reunindo grava\u00e7\u00f5es dos anos 1980 \u00e0 atualidade, dando aten\u00e7\u00e3o especial \u00e0s novas vozes da nossa m\u00fasica.<\/p>\n<p>A produ\u00e7\u00e3o vai ao ar pela <strong>Universidade AM<\/strong>, de segunda a sexta, na faixa das 14h00 \u00e0s 15h00. A pesquisa, produ\u00e7\u00e3o, sele\u00e7\u00e3o de repert\u00f3rio e edi\u00e7\u00e3o \u00e9 de <strong><a title=\"Milton Oliveira\" target=\"_blank\" rel=\"noopener\" href=\"https:\/\/aprendizdomundo.com\/miltonoliveira\">Milton Oliveira<\/a><\/strong>.<\/p>\n<p>O programa pode ser ouvido pelos <strong>800 AM<\/strong>, pelo <strong><a title=\"R\u00e1dio Universidade AM\" href=\"https:\/\/www.ufsm.br\/radio\" target=\"_blank\" rel=\"noopener\">site da emissora<\/a><\/strong> ou pelo smartphone, acessando seu aplicativo favorito.<\/p>\n","protected":false},"excerpt":{"rendered":"<p>Acompanhe o Femina de hoje, a partir das 14h00, pela R\u00e1dio Universidade AM. A sele\u00e7\u00e3o musical programada \u00e9 a seguinte: Manuela Rodrigues &#8211; \u00d4xe \u00d4xe \u00d4xe Alana Moraes &#8211; Meio Muito Louca Angela Evans &#8211; Samba pra Mangueira Jane Duboc &#8211; Sonhos Larissa Cavalcanti &#8211; Sigo em Frente Giana Cervi &#8211; Samba de Patchwork N\u00fabia [&#8230;] <\/p>\n<p class=\"more-link-container\"><a href=\"https:\/\/aprendizdomundo.com\/portal\/2025\/12\/08\/femina2223\/\" class=\"more-link\">Read More<span class=\"screen-reader-text\"> &#8220;Femina na programa\u00e7\u00e3o da Universidade AM, 08\/12&#8221;<\/span><\/a><\/p>\n","protected":false},"author":1,"featured_media":49478,"comment_status":"closed","ping_status":"closed","sticky":false,"template":"","format":"standard","meta":{"_eb_attr":"","footnotes":""},"categories":[13],"tags":[34],"class_list":["post-51459","post","type-post","status-publish","format-standard","has-post-thumbnail","hentry","category-femina","tag-femina"],"nelio_content":{"autoShareEndMode":"never","automationSources":{"useCustomSentences":false,"customSentences":[]},"efiAlt":"","efiUrl":"","followers":[1],"highlights":[],"isAutoShareEnabled":true,"networkImageIds":[],"permalinkQueryArgs":[],"series":[],"suggestedReferences":[]},"_links":{"self":[{"href":"https:\/\/aprendizdomundo.com\/portal\/wp-json\/wp\/v2\/posts\/51459","targetHints":{"allow":["GET"]}}],"collection":[{"href":"https:\/\/aprendizdomundo.com\/portal\/wp-json\/wp\/v2\/posts"}],"about":[{"href":"https:\/\/aprendizdomundo.com\/portal\/wp-json\/wp\/v2\/types\/post"}],"author":[{"embeddable":true,"href":"https:\/\/aprendizdomundo.com\/portal\/wp-json\/wp\/v2\/users\/1"}],"replies":[{"embeddable":true,"href":"https:\/\/aprendizdomundo.com\/portal\/wp-json\/wp\/v2\/comments?post=51459"}],"version-history":[{"count":1,"href":"https:\/\/aprendizdomundo.com\/portal\/wp-json\/wp\/v2\/posts\/51459\/revisions"}],"predecessor-version":[{"id":51460,"href":"https:\/\/aprendizdomundo.com\/portal\/wp-json\/wp\/v2\/posts\/51459\/revisions\/51460"}],"wp:featuredmedia":[{"embeddable":true,"href":"https:\/\/aprendizdomundo.com\/portal\/wp-json\/wp\/v2\/media\/49478"}],"wp:attachment":[{"href":"https:\/\/aprendizdomundo.com\/portal\/wp-json\/wp\/v2\/media?parent=51459"}],"wp:term":[{"taxonomy":"category","embeddable":true,"href":"https:\/\/aprendizdomundo.com\/portal\/wp-json\/wp\/v2\/categories?post=51459"},{"taxonomy":"post_tag","embeddable":true,"href":"https:\/\/aprendizdomundo.com\/portal\/wp-json\/wp\/v2\/tags?post=51459"}],"curies":[{"name":"wp","href":"https:\/\/api.w.org\/{rel}","templated":true}]}}