{"id":52061,"date":"2026-01-23T06:00:47","date_gmt":"2026-01-23T09:00:47","guid":{"rendered":"https:\/\/aprendizdomundo.com\/portal\/?p=52061"},"modified":"2026-01-05T17:13:17","modified_gmt":"2026-01-05T20:13:17","slug":"atracaonacional1972","status":"publish","type":"post","link":"https:\/\/aprendizdomundo.com\/portal\/2026\/01\/23\/atracaonacional1972\/","title":{"rendered":"Mariana Nolasco na Universidade AM nesta sexta, 23\/01"},"content":{"rendered":"<p>Acompanhe o <strong>Atra\u00e7\u00e3o Nacional<\/strong> de hoje, a partir das <strong>20h00<\/strong>, na programa\u00e7\u00e3o da <strong><a title=\"R\u00e1dio Universidade AM\" href=\"https:\/\/www.ufsm.br\/radio\" target=\"_blank\" rel=\"noopener\">R\u00e1dio Universidade AM<\/a><\/strong>.<\/p>\n<p><img fetchpriority=\"high\" decoding=\"async\" title=\"Mariana Nolasco\" class=\"alignleft\" src=\"https:\/\/aprendizdomundo.com\/imagens2\/at_mariananolasco.jpg\" alt=\"Mariana Nolasco\" width=\"320\" height=\"320\" \/>A audi\u00e7\u00e3o desta noite destaca mais um nome do nosso elenco, tocando a obra gravada da cantora <strong>Mariana Nolasco<\/strong>. A compositora, cantora e atriz Mariana Nolasco nasceu a 9 de fevereiro de 1998, em Campinas. Come\u00e7ou sua carreira aos treze anos, cantando m\u00fasicas em vers\u00f5es ac\u00fasticas em seu quarto na cidade de Mogi Gua\u00e7u. Logo seus v\u00eddeos alcan\u00e7aram n\u00fameros expressivos nas redes sociais, o que a levou protagonizar v\u00e1rias campanhas publicit\u00e1rias. Em 2017, estreou na teledramaturgia, na miniss\u00e9rie Dois Irm\u00e3os, da Rede Globo. A estreia discogr\u00e1fica aconteceu no ano anterior, em 2016, com o lan\u00e7amento do EP Mariana Nolasco.<\/p>\n<p>A <strong>playlist<\/strong> que vamos ouvir \u00e9 a seguinte:<\/p>\n<p>L\u00e1 de Onde eu Vim<br \/>\nEspera<br \/>\nEu Sou<br \/>\nUnstoppable, em participa\u00e7\u00e3o com Boyce Avenue<br \/>\nQuero te Contar<br \/>\nDia de Sorte<br \/>\nAprender a me Amar<br \/>\nVamos Fugir, em dueto com Allman Brown<br \/>\nTransforma(dor)<br \/>\nAlto Mar, em dueto com Vitor Kley<br \/>\nRetic\u00eancias<br \/>\nPrioridade, em dueto com Lourena<br \/>\nEra Amor<br \/>\nV\u00eanus<br \/>\nViciado em Mim, em dueto com Cynthia Luz<br \/>\nQuem \u00e9 Ela?<br \/>\nAi, Que Saudade d&#8217;Oc\u00ea, na vers\u00e3o Sessions<br \/>\nCh\u00e1 de Camomila<\/p>\n<p>O <strong>Atra\u00e7\u00e3o Nacional<\/strong> vai ao ar pela <strong>Universidade AM<\/strong>, de segunda a sexta, na faixa das 20h00 \u00e0s 21h00. A curadoria de elenco, dire\u00e7\u00e3o, pesquisa, produ\u00e7\u00e3o, sele\u00e7\u00e3o de repert\u00f3rio, reda\u00e7\u00e3o de texto, apresenta\u00e7\u00e3o e edi\u00e7\u00e3o \u00e9 de <strong><a title=\"Milton Oliveira\" target=\"_blank\" rel=\"noopener\" href=\"https:\/\/aprendizdomundo.com\/miltonoliveira\">Milton Oliveira<\/a><\/strong>.<\/p>\n<p>O programa pode ser ouvido pelos <strong>800 AM<\/strong>; pela home page da emissora, em <strong><a title=\"R\u00e1dio Universidade AM\" href=\"https:\/\/www.ufsm.br\/radio\" target=\"_blank\" rel=\"noopener\">ufsm.br\/radio<\/a><\/strong>; ou pelo smartphone, acessando seu aplicativo favorito.<\/p>\n<p>O <strong>Atra\u00e7\u00e3o Nacional<\/strong> tamb\u00e9m \u00e9 veiculado pela <strong><a title=\"R\u00e1dio Uni FM\" href=\"https:\/\/www.ufsm.br\/radio\" target=\"_blank\" rel=\"noopener\">Uni FM 107.9<\/a><\/strong>, de segunda a sexta, na faixa das 22h00 \u00e0s 23h00; pela <strong><a title=\"Resonance R\u00e1dio\" href=\"http:\/\/www.resonanceradio.com.br\/\" target=\"_blank\" rel=\"noopener\">Resonance R\u00e1dio<\/a><\/strong>, todo domingo, na faixa das 18h00 \u00e0s 19h00; e pela <strong><a title=\"R\u00e1dio Bloco\" href=\"http:\/\/www.radiobloco.net\/\" target=\"_blank\" rel=\"noopener\">R\u00e1dio Bloco<\/a><\/strong>, toda ter\u00e7a, na faixa das 17h00 \u00e0s 18h00. As audi\u00e7\u00f5es n\u00e3o s\u00e3o vinculadas, os destaques s\u00e3o sempre diferentes em cada emissora.<\/p>\n<p>Curta a fanpage do nosso programa em <strong><strong><a href=\"http:\/\/www.facebook.com\/atracaonacional\" target=\"_blank\" rel=\"noopener\" title=\"Atra\u00e7\u00e3o Nacional no Facebook\">facebook.com\/atracaonacional<\/a><\/strong><\/strong>.<\/p>\n","protected":false},"excerpt":{"rendered":"<p>Acompanhe o Atra\u00e7\u00e3o Nacional de hoje, a partir das 20h00, na programa\u00e7\u00e3o da R\u00e1dio Universidade AM. A audi\u00e7\u00e3o desta noite destaca mais um nome do nosso elenco, tocando a obra gravada da cantora Mariana Nolasco. A compositora, cantora e atriz Mariana Nolasco nasceu a 9 de fevereiro de 1998, em Campinas. Come\u00e7ou sua carreira aos [&#8230;] <\/p>\n<p class=\"more-link-container\"><a href=\"https:\/\/aprendizdomundo.com\/portal\/2026\/01\/23\/atracaonacional1972\/\" class=\"more-link\">Read More<span class=\"screen-reader-text\"> &#8220;Mariana Nolasco na Universidade AM nesta sexta, 23\/01&#8221;<\/span><\/a><\/p>\n","protected":false},"author":1,"featured_media":49483,"comment_status":"closed","ping_status":"closed","sticky":false,"template":"","format":"standard","meta":{"_eb_attr":"","footnotes":""},"categories":[4],"tags":[49],"class_list":["post-52061","post","type-post","status-publish","format-standard","has-post-thumbnail","hentry","category-atracao","tag-musica-do-brasil"],"nelio_content":{"autoShareEndMode":"never","automationSources":{"useCustomSentences":false,"customSentences":[]},"efiAlt":"","efiUrl":"","followers":[1],"highlights":[],"isAutoShareEnabled":true,"networkImageIds":[],"permalinkQueryArgs":[],"series":[],"suggestedReferences":[]},"_links":{"self":[{"href":"https:\/\/aprendizdomundo.com\/portal\/wp-json\/wp\/v2\/posts\/52061","targetHints":{"allow":["GET"]}}],"collection":[{"href":"https:\/\/aprendizdomundo.com\/portal\/wp-json\/wp\/v2\/posts"}],"about":[{"href":"https:\/\/aprendizdomundo.com\/portal\/wp-json\/wp\/v2\/types\/post"}],"author":[{"embeddable":true,"href":"https:\/\/aprendizdomundo.com\/portal\/wp-json\/wp\/v2\/users\/1"}],"replies":[{"embeddable":true,"href":"https:\/\/aprendizdomundo.com\/portal\/wp-json\/wp\/v2\/comments?post=52061"}],"version-history":[{"count":1,"href":"https:\/\/aprendizdomundo.com\/portal\/wp-json\/wp\/v2\/posts\/52061\/revisions"}],"predecessor-version":[{"id":52062,"href":"https:\/\/aprendizdomundo.com\/portal\/wp-json\/wp\/v2\/posts\/52061\/revisions\/52062"}],"wp:featuredmedia":[{"embeddable":true,"href":"https:\/\/aprendizdomundo.com\/portal\/wp-json\/wp\/v2\/media\/49483"}],"wp:attachment":[{"href":"https:\/\/aprendizdomundo.com\/portal\/wp-json\/wp\/v2\/media?parent=52061"}],"wp:term":[{"taxonomy":"category","embeddable":true,"href":"https:\/\/aprendizdomundo.com\/portal\/wp-json\/wp\/v2\/categories?post=52061"},{"taxonomy":"post_tag","embeddable":true,"href":"https:\/\/aprendizdomundo.com\/portal\/wp-json\/wp\/v2\/tags?post=52061"}],"curies":[{"name":"wp","href":"https:\/\/api.w.org\/{rel}","templated":true}]}}