{"id":52093,"date":"2026-01-26T07:00:51","date_gmt":"2026-01-26T10:00:51","guid":{"rendered":"https:\/\/aprendizdomundo.com\/portal\/?p=52093"},"modified":"2026-01-05T17:24:20","modified_gmt":"2026-01-05T20:24:20","slug":"atracaonacionalnaunifm1868","status":"publish","type":"post","link":"https:\/\/aprendizdomundo.com\/portal\/2026\/01\/26\/atracaonacionalnaunifm1868\/","title":{"rendered":"Consuelo de Paula na Uni FM nesta segunda, 26\/01"},"content":{"rendered":"<p>Acompanhe o <strong>Atra\u00e7\u00e3o Nacional<\/strong> de hoje, a partir das <strong>22h00<\/strong>, pela <strong><a title=\"R\u00e1dio Uni FM\" href=\"https:\/\/www.ufsm.br\/radio\" target=\"_blank\" rel=\"noopener\">R\u00e1dio Uni FM<\/a><\/strong>.<\/p>\n<p><img fetchpriority=\"high\" decoding=\"async\" title=\"Consuelo de Paula\" class=\"alignleft\" src=\"https:\/\/aprendizdomundo.com\/imagens2\/at_consuelodepaula.jpg\" alt=\"Consuelo de Paula\" width=\"320\" height=\"320\" \/>A audi\u00e7\u00e3o desta noite destaca mais um nome do nosso elenco, tocando a obra gravada da cantora <strong>Consuelo de Paula<\/strong>. A compositora, cantora, poetisa, diretora art\u00edstica e produtora musical Maria Consuelo de Paula, artisticamente apenas Consuelo de Paula, nasceu a 21 de julho de 1962, na cidade de Prat\u00e1polis, no sul de Minas Gerais. Atualmente vive em S\u00e3o Paulo. Desde crian\u00e7a ela frequentava festas e manifesta\u00e7\u00f5es folcl\u00f3ricas na sua regi\u00e3o, o que agu\u00e7ou sua percep\u00e7\u00e3o art\u00edstica. A estreia discogr\u00e1fica aconteceu em 1998, com o lan\u00e7amento do \u00e1lbum Samba, Seresta &#038; Bai\u00e3o.<\/p>\n<p>A <strong>playlist<\/strong> que vamos ouvir \u00e9 a seguinte:<\/p>\n<p>Mary\u00e1kor\u00e9<br \/>\nAve Passageira, em dueto com Regina Machado<br \/>\nArvoredo<br \/>\nO Meu Lugar<br \/>\nMarinheiro<br \/>\nAve Grande, em dueto com Regina Machado<br \/>\nAsa Ritmada<br \/>\nPlumagem, em dueto com Regina Machado<br \/>\nNoticias<br \/>\nCanto de Chegan\u00e7a, em dueto com Regina Machado<br \/>\nDesafio<br \/>\nBeira de Folha, em dueto com Jo\u00e3o Arruda, em vers\u00e3o ao vivo<br \/>\nConvite<br \/>\nCanoa, em dueto com Jo\u00e3o Arruda, em vers\u00e3o ao vivo<br \/>\nRemando Contra a Mar\u00e9<br \/>\nOutro Lugar<\/p>\n<p>O <strong>Atra\u00e7\u00e3o Nacional<\/strong> vai ao ar pela <strong>Uni FM<\/strong>, de segunda a sexta, na faixa das 22h00 \u00e0s 23h00. A curadoria de elenco, dire\u00e7\u00e3o, pesquisa, produ\u00e7\u00e3o, sele\u00e7\u00e3o de repert\u00f3rio, reda\u00e7\u00e3o de texto, apresenta\u00e7\u00e3o e edi\u00e7\u00e3o \u00e9 de <strong><a title=\"Milton Oliveira\" target=\"_blank\" rel=\"noopener\" href=\"https:\/\/aprendizdomundo.com\/miltonoliveira\">Milton Oliveira<\/a><\/strong>.<\/p>\n<p>O programa pode ser ouvido pelos <strong>107.9 FM<\/strong>; pela home page da emissora, em <strong><a title=\"R\u00e1dio Uni FM\" href=\"https:\/\/www.ufsm.br\/radio\" target=\"_blank\" rel=\"noopener\">ufsm.br\/radio<\/a><\/strong>; ou pelo smartphone, acessando seu aplicativo favorito.<\/p>\n<p>O <strong>Atra\u00e7\u00e3o Nacional<\/strong> tamb\u00e9m \u00e9 veiculado pela <strong><a title=\"R\u00e1dio Universidade AM\" href=\"https:\/\/www.ufsm.br\/radio\" target=\"_blank\" rel=\"noopener\">Universidade 800 AM<\/a><\/strong>, de segunda a sexta, na faixa das 20h00 \u00e0s 21h00; pela <strong><a title=\"Resonance R\u00e1dio\" href=\"http:\/\/www.resonanceradio.com.br\/\" target=\"_blank\" rel=\"noopener\">Resonance R\u00e1dio<\/a><\/strong>, todo domingo, na faixa das 18h00 \u00e0s 19h00; e pela <strong><a title=\"R\u00e1dio Bloco\" href=\"http:\/\/www.radiobloco.net\/\" target=\"_blank\" rel=\"noopener\">R\u00e1dio Bloco<\/a><\/strong>, toda ter\u00e7a, na faixa das 17h00 \u00e0s 18h00. As audi\u00e7\u00f5es n\u00e3o s\u00e3o vinculadas, os destaques s\u00e3o sempre diferentes em cada emissora.<\/p>\n<p>Curta a fanpage do nosso programa em <strong><strong><a href=\"http:\/\/www.facebook.com\/atracaonacional\" target=\"_blank\" rel=\"noopener\" title=\"Atra\u00e7\u00e3o Nacional no Facebook\">facebook.com\/atracaonacional<\/a><\/strong><\/strong>.<\/p>\n","protected":false},"excerpt":{"rendered":"<p>Acompanhe o Atra\u00e7\u00e3o Nacional de hoje, a partir das 22h00, pela R\u00e1dio Uni FM. A audi\u00e7\u00e3o desta noite destaca mais um nome do nosso elenco, tocando a obra gravada da cantora Consuelo de Paula. A compositora, cantora, poetisa, diretora art\u00edstica e produtora musical Maria Consuelo de Paula, artisticamente apenas Consuelo de Paula, nasceu a 21 [&#8230;] <\/p>\n<p class=\"more-link-container\"><a href=\"https:\/\/aprendizdomundo.com\/portal\/2026\/01\/26\/atracaonacionalnaunifm1868\/\" class=\"more-link\">Read More<span class=\"screen-reader-text\"> &#8220;Consuelo de Paula na Uni FM nesta segunda, 26\/01&#8221;<\/span><\/a><\/p>\n","protected":false},"author":1,"featured_media":49483,"comment_status":"closed","ping_status":"closed","sticky":false,"template":"","format":"standard","meta":{"_eb_attr":"","footnotes":""},"categories":[4],"tags":[49],"class_list":["post-52093","post","type-post","status-publish","format-standard","has-post-thumbnail","hentry","category-atracao","tag-musica-do-brasil"],"nelio_content":{"autoShareEndMode":"never","automationSources":{"useCustomSentences":false,"customSentences":[]},"efiAlt":"","efiUrl":"","followers":[1],"highlights":[],"isAutoShareEnabled":true,"networkImageIds":[],"permalinkQueryArgs":[],"series":[],"suggestedReferences":[]},"_links":{"self":[{"href":"https:\/\/aprendizdomundo.com\/portal\/wp-json\/wp\/v2\/posts\/52093","targetHints":{"allow":["GET"]}}],"collection":[{"href":"https:\/\/aprendizdomundo.com\/portal\/wp-json\/wp\/v2\/posts"}],"about":[{"href":"https:\/\/aprendizdomundo.com\/portal\/wp-json\/wp\/v2\/types\/post"}],"author":[{"embeddable":true,"href":"https:\/\/aprendizdomundo.com\/portal\/wp-json\/wp\/v2\/users\/1"}],"replies":[{"embeddable":true,"href":"https:\/\/aprendizdomundo.com\/portal\/wp-json\/wp\/v2\/comments?post=52093"}],"version-history":[{"count":1,"href":"https:\/\/aprendizdomundo.com\/portal\/wp-json\/wp\/v2\/posts\/52093\/revisions"}],"predecessor-version":[{"id":52094,"href":"https:\/\/aprendizdomundo.com\/portal\/wp-json\/wp\/v2\/posts\/52093\/revisions\/52094"}],"wp:featuredmedia":[{"embeddable":true,"href":"https:\/\/aprendizdomundo.com\/portal\/wp-json\/wp\/v2\/media\/49483"}],"wp:attachment":[{"href":"https:\/\/aprendizdomundo.com\/portal\/wp-json\/wp\/v2\/media?parent=52093"}],"wp:term":[{"taxonomy":"category","embeddable":true,"href":"https:\/\/aprendizdomundo.com\/portal\/wp-json\/wp\/v2\/categories?post=52093"},{"taxonomy":"post_tag","embeddable":true,"href":"https:\/\/aprendizdomundo.com\/portal\/wp-json\/wp\/v2\/tags?post=52093"}],"curies":[{"name":"wp","href":"https:\/\/api.w.org\/{rel}","templated":true}]}}