{"id":52099,"date":"2026-01-29T07:00:34","date_gmt":"2026-01-29T10:00:34","guid":{"rendered":"https:\/\/aprendizdomundo.com\/portal\/?p=52099"},"modified":"2026-01-05T17:26:07","modified_gmt":"2026-01-05T20:26:07","slug":"atracaonacionalnaunifm1871","status":"publish","type":"post","link":"https:\/\/aprendizdomundo.com\/portal\/2026\/01\/29\/atracaonacionalnaunifm1871\/","title":{"rendered":"Wado na Uni FM nesta quinta, 29\/01"},"content":{"rendered":"<p>Acompanhe o <strong>Atra\u00e7\u00e3o Nacional<\/strong> de hoje, a partir das <strong>22h00<\/strong>, pela <strong><a title=\"R\u00e1dio Uni FM\" href=\"https:\/\/www.ufsm.br\/radio\" target=\"_blank\" rel=\"noopener\">R\u00e1dio Uni FM<\/a><\/strong>.<\/p>\n<p><img fetchpriority=\"high\" decoding=\"async\" title=\"Wado\" class=\"alignleft\" src=\"https:\/\/aprendizdomundo.com\/imagens2\/at_wado.jpg\" alt=\"Wado\" width=\"320\" height=\"320\" \/>A audi\u00e7\u00e3o desta noite destaca mais um nome do nosso elenco, tocando a obra gravada do cantor <strong>Wado<\/strong>. O compositor e cantor Wado nasceu a 5 de julho de 1977, em Florian\u00f3polis. Na certid\u00e3o de nascimento, Oswaldo Schlikmann Filho. Aos seis anos, come\u00e7ou seus estudos de viol\u00e3o, com seu tio Samuel Cardeal. Alagoano de cora\u00e7\u00e3o, vive em Macei\u00f3 desde os oito anos de idade. Come\u00e7ou a compor ainda na adolesc\u00eancia. Entre seus parceiros de cria\u00e7\u00e3o, nomes como Adriano Siri, C\u00edcero, Zeca Baleiro, Mia Couto, Eduardo Bahia, Z\u00e9 Vito, Chico C\u00e9sar e Thiago Silva. Em 2005, foi um dos criadores da banda Fino Coletivo, ao lado do alagoano Alvinho Cabral e o carioca Marcelo Frota. Deixou o grupo depois do primeiro disco, lan\u00e7ado em 2007. A estreia discogr\u00e1fica solo aconteceu em 2001, com o lan\u00e7amento do \u00e1lbum O Manifesto da Arte Perif\u00e9rica.<\/p>\n<p>A <strong>playlist<\/strong> que vamos ouvir \u00e9 a seguinte:<\/p>\n<p>Meu Caso Preferido<br \/>\nMe Deixa em Paz, em dueto com Patr\u00edcia Marx<br \/>\nDente d&#8217;Ouro<br \/>\nFilhos de Gandhi<br \/>\nDia de Sol, em dueto com Zeca Baleiro<br \/>\nQuebra Mar, em dueto com Zeca Baleiro<br \/>\nZanzibar<br \/>\nJ\u00e3o, em dueto com F\u00e1bio Trummer<br \/>\nMeia Lua Inteira, em dueto com Aline Calixto<br \/>\nBailar dos Barcos, com a participa\u00e7\u00e3o de Baleia<br \/>\nPasso de Avarandar, em dueto com Janu<br \/>\nConversa Entre Sementes<br \/>\nMinha Voz, Minha Vida, em dueto com Patr\u00edcia Marx<br \/>\nNina<br \/>\nCarrossel do Tempo, em dueto com Zeca Baleiro<br \/>\nOrvalho, em dueto com Patr\u00edcia Marx<br \/>\nInc\u00eandios, em dueto com Zeca Baleiro<br \/>\nGirass\u00f3is<br \/>\nSereia, em dueto com Marina Nem\u00e9sio<br \/>\nQuem Dera, com a participa\u00e7\u00e3o de Figueroas<br \/>\nQuem Somos N\u00f3s?, em dueto com Loreb e J\u00fanior Almeida<\/p>\n<p>O <strong>Atra\u00e7\u00e3o Nacional<\/strong> vai ao ar pela <strong>Uni FM<\/strong>, de segunda a sexta, na faixa das 22h00 \u00e0s 23h00. A curadoria de elenco, dire\u00e7\u00e3o, pesquisa, produ\u00e7\u00e3o, sele\u00e7\u00e3o de repert\u00f3rio, reda\u00e7\u00e3o de texto, apresenta\u00e7\u00e3o e edi\u00e7\u00e3o \u00e9 de <strong><a title=\"Milton Oliveira\" target=\"_blank\" rel=\"noopener\" href=\"https:\/\/aprendizdomundo.com\/miltonoliveira\">Milton Oliveira<\/a><\/strong>.<\/p>\n<p>O programa pode ser ouvido pelos <strong>107.9 FM<\/strong>; pela home page da emissora, em <strong><a title=\"R\u00e1dio Uni FM\" href=\"https:\/\/www.ufsm.br\/radio\" target=\"_blank\" rel=\"noopener\">ufsm.br\/radio<\/a><\/strong>; ou pelo smartphone, acessando seu aplicativo favorito.<\/p>\n<p>O <strong>Atra\u00e7\u00e3o Nacional<\/strong> tamb\u00e9m \u00e9 veiculado pela <strong><a title=\"R\u00e1dio Universidade AM\" href=\"https:\/\/www.ufsm.br\/radio\" target=\"_blank\" rel=\"noopener\">Universidade 800 AM<\/a><\/strong>, de segunda a sexta, na faixa das 20h00 \u00e0s 21h00; pela <strong><a title=\"Resonance R\u00e1dio\" href=\"http:\/\/www.resonanceradio.com.br\/\" target=\"_blank\" rel=\"noopener\">Resonance R\u00e1dio<\/a><\/strong>, todo domingo, na faixa das 18h00 \u00e0s 19h00; e pela <strong><a title=\"R\u00e1dio Bloco\" href=\"http:\/\/www.radiobloco.net\/\" target=\"_blank\" rel=\"noopener\">R\u00e1dio Bloco<\/a><\/strong>, toda ter\u00e7a, na faixa das 17h00 \u00e0s 18h00. As audi\u00e7\u00f5es n\u00e3o s\u00e3o vinculadas, os destaques s\u00e3o sempre diferentes em cada emissora.<\/p>\n<p>Curta a fanpage do nosso programa em <strong><strong><a href=\"http:\/\/www.facebook.com\/atracaonacional\" target=\"_blank\" rel=\"noopener\" title=\"Atra\u00e7\u00e3o Nacional no Facebook\">facebook.com\/atracaonacional<\/a><\/strong><\/strong>.<\/p>\n","protected":false},"excerpt":{"rendered":"<p>Acompanhe o Atra\u00e7\u00e3o Nacional de hoje, a partir das 22h00, pela R\u00e1dio Uni FM. A audi\u00e7\u00e3o desta noite destaca mais um nome do nosso elenco, tocando a obra gravada do cantor Wado. O compositor e cantor Wado nasceu a 5 de julho de 1977, em Florian\u00f3polis. Na certid\u00e3o de nascimento, Oswaldo Schlikmann Filho. Aos seis [&#8230;] <\/p>\n<p class=\"more-link-container\"><a href=\"https:\/\/aprendizdomundo.com\/portal\/2026\/01\/29\/atracaonacionalnaunifm1871\/\" class=\"more-link\">Read More<span class=\"screen-reader-text\"> &#8220;Wado na Uni FM nesta quinta, 29\/01&#8221;<\/span><\/a><\/p>\n","protected":false},"author":1,"featured_media":49483,"comment_status":"closed","ping_status":"closed","sticky":false,"template":"","format":"standard","meta":{"_eb_attr":"","footnotes":""},"categories":[4],"tags":[49],"class_list":["post-52099","post","type-post","status-publish","format-standard","has-post-thumbnail","hentry","category-atracao","tag-musica-do-brasil"],"nelio_content":{"autoShareEndMode":"never","automationSources":{"useCustomSentences":false,"customSentences":[]},"efiAlt":"","efiUrl":"","followers":[1],"highlights":[],"isAutoShareEnabled":true,"networkImageIds":[],"permalinkQueryArgs":[],"series":[],"suggestedReferences":[]},"_links":{"self":[{"href":"https:\/\/aprendizdomundo.com\/portal\/wp-json\/wp\/v2\/posts\/52099","targetHints":{"allow":["GET"]}}],"collection":[{"href":"https:\/\/aprendizdomundo.com\/portal\/wp-json\/wp\/v2\/posts"}],"about":[{"href":"https:\/\/aprendizdomundo.com\/portal\/wp-json\/wp\/v2\/types\/post"}],"author":[{"embeddable":true,"href":"https:\/\/aprendizdomundo.com\/portal\/wp-json\/wp\/v2\/users\/1"}],"replies":[{"embeddable":true,"href":"https:\/\/aprendizdomundo.com\/portal\/wp-json\/wp\/v2\/comments?post=52099"}],"version-history":[{"count":1,"href":"https:\/\/aprendizdomundo.com\/portal\/wp-json\/wp\/v2\/posts\/52099\/revisions"}],"predecessor-version":[{"id":52100,"href":"https:\/\/aprendizdomundo.com\/portal\/wp-json\/wp\/v2\/posts\/52099\/revisions\/52100"}],"wp:featuredmedia":[{"embeddable":true,"href":"https:\/\/aprendizdomundo.com\/portal\/wp-json\/wp\/v2\/media\/49483"}],"wp:attachment":[{"href":"https:\/\/aprendizdomundo.com\/portal\/wp-json\/wp\/v2\/media?parent=52099"}],"wp:term":[{"taxonomy":"category","embeddable":true,"href":"https:\/\/aprendizdomundo.com\/portal\/wp-json\/wp\/v2\/categories?post=52099"},{"taxonomy":"post_tag","embeddable":true,"href":"https:\/\/aprendizdomundo.com\/portal\/wp-json\/wp\/v2\/tags?post=52099"}],"curies":[{"name":"wp","href":"https:\/\/api.w.org\/{rel}","templated":true}]}}