{"id":53986,"date":"2026-03-14T00:01:46","date_gmt":"2026-03-14T03:01:46","guid":{"rendered":"https:\/\/aprendizdomundo.com\/portal\/?p=53986"},"modified":"2026-03-01T13:33:18","modified_gmt":"2026-03-01T16:33:18","slug":"geracaobrasileira326","status":"publish","type":"post","link":"https:\/\/aprendizdomundo.com\/portal\/2026\/03\/14\/geracaobrasileira326\/","title":{"rendered":"Gera\u00e7\u00e3o Brasileira nos 800 AM neste s\u00e1bado, 14\/03"},"content":{"rendered":"<p><img fetchpriority=\"high\" decoding=\"async\" class=\"alignleft\" title=\"Gera\u00e7\u00e3o Brasileira\" src=\"https:\/\/aprendizdomundo.com\/imagens\/marca800_geracaobrasileira.png\" alt=\"Gera\u00e7\u00e3o Brasileira\" width=\"320\" height=\"320\" \/>Acompanhe o <strong>Gera\u00e7\u00e3o Brasileira<\/strong> neste s\u00e1bado, a partir das <strong>07h00<\/strong>, pela <strong>R\u00e1dio Universidade AM<\/strong>.<\/p>\n<p>A audi\u00e7\u00e3o desta semana re\u00fane o seguinte repert\u00f3rio:<\/p>\n<p>Dalto &#8211; Espelhos d&#8217;\u00c1gua<br \/>\nSempre Livre &#8211; Fui Eu<br \/>\nLuiz Ayr\u00e3o &#8211; Porta Aberta<br \/>\nTrio Mocot\u00f3 &#8211; N\u00e3o Adianta<br \/>\nPaulo Diniz &#8211; Se o Mundo Pudesse Me Ouvir<br \/>\nNara Le\u00e3o e Roberto Menescal &#8211; O Neg\u00f3cio \u00e9 Amar<br \/>\nFagner &#8211; Pensamento<br \/>\nAlcione &#8211; Garoto Maroto<br \/>\nCamisa de V\u00eanus &#8211; Simca Chambord<br \/>\nD\u00f3ris Monteiro &#8211; \u00c9 Isso A\u00ed<br \/>\nPeninha &#8211; T\u00e1 Combinado<br \/>\nAngela Ro Ro &#8211; Amor, Meu Grande Amor<br \/>\nAlceu Valen\u00e7a &#8211; Rouge Carmim<br \/>\nEdnardo &#8211; Bai\u00e3o de Dois<br \/>\nEvinha &#8211; Teletema<br \/>\nGilliard &#8211; Quem me Dera<br \/>\nIvan Lins &#8211; Dinorah Dinorah<br \/>\nOs Incr\u00edveis &#8211; O Milion\u00e1rio<br \/>\nRenato Teixeira &#8211; Frete<br \/>\nMPB-4 &#8211; C\u00e1lice<br \/>\nElisangela &#8211; Coisas do Amor<br \/>\nCarlos Lyra &#8211; Minha Namorada<br \/>\nElis Regina e Tom Jobim &#8211; S\u00f3 Tinha de Ser Com Voc\u00ea<br \/>\nKiko Zambianchi &#8211; Algu\u00e9m<br \/>\nLuiz Carlos da Vila &#8211; Tudo Se Ilumina<br \/>\nLeny Andrade &#8211; Estamos A\u00ed<br \/>\nK\u00e1tia &#8211; Lembran\u00e7as<br \/>\nBiafra &#8211; Vinho Antigo<br \/>\nRitchie &#8211; Coisas do Cora\u00e7\u00e3o<br \/>\nSandra de S\u00e1 e Billy Paul &#8211; Amanha<br \/>\nNico Rezende &#8211; Finge Que N\u00e3o Falou<br \/>\nSimone &#8211; Saindo de Mim<br \/>\nJair Rodrigues &#8211; Triste Madrugada<\/p>\n<p><strong><a title=\"Gera\u00e7\u00e3o Brasileira\" href=\"https:\/\/aprendizdomundo.com\/portal\/radio\/programas\/geracao\/\">Gera\u00e7\u00e3o Brasileira<\/a><\/strong> \u00e9 um programa voltado \u00e0 execu\u00e7\u00e3o de can\u00e7\u00f5es brasileiras contempor\u00e2neas, reunindo sucessos das d\u00e9cadas de 1960 a 1990.<\/p>\n<p>A atra\u00e7\u00e3o vai ao ar pela <strong>Universidade AM<\/strong>, todo s\u00e1bado, na faixa das 07h00 \u00e0s 09h00. A pesquisa, produ\u00e7\u00e3o, sele\u00e7\u00e3o de repert\u00f3rio e edi\u00e7\u00e3o \u00e9 de <strong><a title=\"Milton Oliveira\" target=\"_blank\" rel=\"noopener\" href=\"https:\/\/aprendizdomundo.com\/miltonoliveira\">Milton Oliveira<\/a><\/strong>.<\/p>\n<p>O programa pode ser ouvido pelos <strong>800 AM<\/strong>, pelo <strong><a title=\"R\u00e1dio Universidade AM\" href=\"https:\/\/www.ufsm.br\/radio\" target=\"_blank\" rel=\"noopener\">site da emissora<\/a><\/strong> ou pelo smartphone, acessando seu aplicativo favorito.<\/p>\n","protected":false},"excerpt":{"rendered":"<p>Acompanhe o Gera\u00e7\u00e3o Brasileira neste s\u00e1bado, a partir das 07h00, pela R\u00e1dio Universidade AM. A audi\u00e7\u00e3o desta semana re\u00fane o seguinte repert\u00f3rio: Dalto &#8211; Espelhos d&#8217;\u00c1gua Sempre Livre &#8211; Fui Eu Luiz Ayr\u00e3o &#8211; Porta Aberta Trio Mocot\u00f3 &#8211; N\u00e3o Adianta Paulo Diniz &#8211; Se o Mundo Pudesse Me Ouvir Nara Le\u00e3o e Roberto Menescal [&#8230;] <\/p>\n<p class=\"more-link-container\"><a href=\"https:\/\/aprendizdomundo.com\/portal\/2026\/03\/14\/geracaobrasileira326\/\" class=\"more-link\">Read More<span class=\"screen-reader-text\"> &#8220;Gera\u00e7\u00e3o Brasileira nos 800 AM neste s\u00e1bado, 14\/03&#8221;<\/span><\/a><\/p>\n","protected":false},"author":1,"featured_media":52884,"comment_status":"closed","ping_status":"closed","sticky":false,"template":"","format":"standard","meta":{"_eb_attr":"","footnotes":""},"categories":[14],"tags":[32,129],"class_list":["post-53986","post","type-post","status-publish","format-standard","has-post-thumbnail","hentry","category-geracaobrasileira","tag-cancoes-do-brasil","tag-geracao-brasileira"],"nelio_content":{"autoShareEndMode":"never","automationSources":{"useCustomSentences":false,"customSentences":[]},"efiAlt":"","efiUrl":"","followers":[1],"highlights":[],"isAutoShareEnabled":true,"networkImageIds":[],"permalinkQueryArgs":[],"series":[],"suggestedReferences":[]},"_links":{"self":[{"href":"https:\/\/aprendizdomundo.com\/portal\/wp-json\/wp\/v2\/posts\/53986","targetHints":{"allow":["GET"]}}],"collection":[{"href":"https:\/\/aprendizdomundo.com\/portal\/wp-json\/wp\/v2\/posts"}],"about":[{"href":"https:\/\/aprendizdomundo.com\/portal\/wp-json\/wp\/v2\/types\/post"}],"author":[{"embeddable":true,"href":"https:\/\/aprendizdomundo.com\/portal\/wp-json\/wp\/v2\/users\/1"}],"replies":[{"embeddable":true,"href":"https:\/\/aprendizdomundo.com\/portal\/wp-json\/wp\/v2\/comments?post=53986"}],"version-history":[{"count":1,"href":"https:\/\/aprendizdomundo.com\/portal\/wp-json\/wp\/v2\/posts\/53986\/revisions"}],"predecessor-version":[{"id":53987,"href":"https:\/\/aprendizdomundo.com\/portal\/wp-json\/wp\/v2\/posts\/53986\/revisions\/53987"}],"wp:featuredmedia":[{"embeddable":true,"href":"https:\/\/aprendizdomundo.com\/portal\/wp-json\/wp\/v2\/media\/52884"}],"wp:attachment":[{"href":"https:\/\/aprendizdomundo.com\/portal\/wp-json\/wp\/v2\/media?parent=53986"}],"wp:term":[{"taxonomy":"category","embeddable":true,"href":"https:\/\/aprendizdomundo.com\/portal\/wp-json\/wp\/v2\/categories?post=53986"},{"taxonomy":"post_tag","embeddable":true,"href":"https:\/\/aprendizdomundo.com\/portal\/wp-json\/wp\/v2\/tags?post=53986"}],"curies":[{"name":"wp","href":"https:\/\/api.w.org\/{rel}","templated":true}]}}