{"id":54114,"date":"2026-03-08T19:00:49","date_gmt":"2026-03-08T22:00:49","guid":{"rendered":"https:\/\/aprendizdomundo.com\/portal\/?p=54114"},"modified":"2026-03-03T16:13:18","modified_gmt":"2026-03-03T19:13:18","slug":"sarandeio3243","status":"publish","type":"post","link":"https:\/\/aprendizdomundo.com\/portal\/2026\/03\/08\/sarandeio3243\/","title":{"rendered":"Sarandeio no amanhecer da Universidade AM, 09\/03"},"content":{"rendered":"<p><img fetchpriority=\"high\" decoding=\"async\" class=\"alignleft\" title=\"Sarandeio\" src=\"https:\/\/aprendizdomundo.com\/imagens\/sarandeio_d09.png\" alt=\"Sarandeio\" width=\"320\" height=\"320\" \/>Acompanhe o <strong>Sarandeio<\/strong> na pr\u00f3xima madrugada, a partir das <strong>05h00<\/strong>, pela <strong><a title=\"R\u00e1dio Universidade AM\" href=\"https:\/\/www.ufsm.br\/radio\" target=\"_blank\" rel=\"noopener\">R\u00e1dio Universidade AM<\/a><\/strong>.<\/p>\n<p>A sele\u00e7\u00e3o musical vai destacar&#8230;<\/p>\n<p>Os Serranos &#8211; Claridade<br \/>\nMano Lima &#8211; Sem Paia e Sem Fumo, em vers\u00e3o ao vivo<br \/>\nGrupo Rodeio &#8211; Gritos de Liberdade<br \/>\nOs Mirins &#8211; A Moca do Baile<br \/>\nCandieiro &#8211; Lida e Saudade<br \/>\nGrupo Chimarr\u00e3o &#8211; Bugio da Palmeira<br \/>\nAdams Cezar &#8211; Nas Esquilas da Lagoa<br \/>\nJo\u00e3o Vicente &#8211; Velho Mestre<br \/>\nIvan Taborda &#8211; O Juca Mentira (causo)<br \/>\nGrupo Marca\u00e7\u00e3o e Tch\u00ea Barbaridade &#8211; O Jeito do Gauch\u00e3o<br \/>\nEdinho Perlin &#8211; Domador Arrocinado<br \/>\nGrupo Ala Pucha &#8211; Bugio Maleva<br \/>\nBaitaca &#8211; Destrinchando o Bagualismo<br \/>\nTch\u00ea Guri &#8211; Pout-Pourri Vaneiras, em vers\u00e3o ao vivo<br \/>\nJairo Lambari Fernandes &#8211; De Alma na Estrada<br \/>\nBeto Caetano &#8211; Sentimento de Gaiteiro<br \/>\nGrupo Surunga\u00e7o &#8211; Flor de Morena<br \/>\nEstampa Nativa &#8211; Mao Preta<br \/>\nPedro Orta\u00e7a &#8211; Bailanta do Tib\u00farcio<br \/>\nOs Monarcas &#8211; Coisa Irritante<br \/>\nOs Farrapos &#8211; Me Comparando ao Rio Grande<br \/>\nMarca Nativa &#8211; Embalo Bueno<br \/>\nC\u00e9sar Oliveira e Rog\u00e9rio Melo &#8211; Os Loco L\u00e1 da Fronteira, em vers\u00e3o ao vivo<br \/>\nGrupo Marcas &#8211; Minha Bandeira<br \/>\nJo\u00e3o Luiz Corr\u00eaa &#8211; Galp\u00e3o do Cabur\u00e9<br \/>\nOs Tapejaras &#8211; Cordeona V\u00e9ia<br \/>\nWilson Paim &#8211; Semeador<br \/>\nTeixeirinha Filho &#8211; Gauderiada<br \/>\nGrupo Cheiro de Galp\u00e3o &#8211; Parceiro<br \/>\nDed\u00e9 Cunha &#8211; Hermano Carlos Talavera<br \/>\nOs Bertussi &#8211; Fole Furado<\/p>\n<p><strong><a title=\"Sarandeio\" href=\"https:\/\/aprendizdomundo.com\/portal\/radio\/programas\/sarandeio\/\">Sarandeio<\/a><\/strong> \u00e9 um programa dedicado \u00e0 m\u00fasica ga\u00facha, especialmente a vertente fandangueira. Re\u00fane can\u00e7\u00f5es de int\u00e9rpretes e grupos do Rio Grande do Sul e, tamb\u00e9m, artistas de outros estados que igualmente produzem m\u00fasica fandangueira.<\/p>\n<p>A atra\u00e7\u00e3o vai ao ar pela <strong>Universidade AM<\/strong>, todos os dias, na faixa das 05h00 \u00e0s 07h00. A pesquisa, produ\u00e7\u00e3o, sele\u00e7\u00e3o de repert\u00f3rio e edi\u00e7\u00e3o \u00e9 de <strong><a title=\"Milton Oliveira\" target=\"_blank\" rel=\"noopener\" href=\"https:\/\/aprendizdomundo.com\/miltonoliveira\">Milton Oliveira<\/a><\/strong>.<\/p>\n<p>O programa pode ser ouvido pelos <strong>800 AM<\/strong>, pelo <strong><a title=\"R\u00e1dio Universidade AM\" href=\"https:\/\/www.ufsm.br\/radio\" target=\"_blank\" rel=\"noopener\">site da emissora<\/a><\/strong> ou pelo smartphone, acessando seu aplicativo favorito.<\/p>\n","protected":false},"excerpt":{"rendered":"<p>Acompanhe o Sarandeio na pr\u00f3xima madrugada, a partir das 05h00, pela R\u00e1dio Universidade AM. A sele\u00e7\u00e3o musical vai destacar&#8230; Os Serranos &#8211; Claridade Mano Lima &#8211; Sem Paia e Sem Fumo, em vers\u00e3o ao vivo Grupo Rodeio &#8211; Gritos de Liberdade Os Mirins &#8211; A Moca do Baile Candieiro &#8211; Lida e Saudade Grupo Chimarr\u00e3o [&#8230;] <\/p>\n<p class=\"more-link-container\"><a href=\"https:\/\/aprendizdomundo.com\/portal\/2026\/03\/08\/sarandeio3243\/\" class=\"more-link\">Read More<span class=\"screen-reader-text\"> &#8220;Sarandeio no amanhecer da Universidade AM, 09\/03&#8221;<\/span><\/a><\/p>\n","protected":false},"author":1,"featured_media":52880,"comment_status":"closed","ping_status":"closed","sticky":false,"template":"","format":"standard","meta":{"_eb_attr":"","footnotes":""},"categories":[22],"tags":[51,133],"class_list":["post-54114","post","type-post","status-publish","format-standard","has-post-thumbnail","hentry","category-sarandeio","tag-sarandeio","tag-sarandeio2"],"nelio_content":{"autoShareEndMode":"never","automationSources":{"useCustomSentences":false,"customSentences":[]},"efiAlt":"","efiUrl":"","followers":[1],"highlights":[],"isAutoShareEnabled":true,"networkImageIds":[],"permalinkQueryArgs":[],"series":[],"suggestedReferences":[]},"_links":{"self":[{"href":"https:\/\/aprendizdomundo.com\/portal\/wp-json\/wp\/v2\/posts\/54114","targetHints":{"allow":["GET"]}}],"collection":[{"href":"https:\/\/aprendizdomundo.com\/portal\/wp-json\/wp\/v2\/posts"}],"about":[{"href":"https:\/\/aprendizdomundo.com\/portal\/wp-json\/wp\/v2\/types\/post"}],"author":[{"embeddable":true,"href":"https:\/\/aprendizdomundo.com\/portal\/wp-json\/wp\/v2\/users\/1"}],"replies":[{"embeddable":true,"href":"https:\/\/aprendizdomundo.com\/portal\/wp-json\/wp\/v2\/comments?post=54114"}],"version-history":[{"count":1,"href":"https:\/\/aprendizdomundo.com\/portal\/wp-json\/wp\/v2\/posts\/54114\/revisions"}],"predecessor-version":[{"id":54115,"href":"https:\/\/aprendizdomundo.com\/portal\/wp-json\/wp\/v2\/posts\/54114\/revisions\/54115"}],"wp:featuredmedia":[{"embeddable":true,"href":"https:\/\/aprendizdomundo.com\/portal\/wp-json\/wp\/v2\/media\/52880"}],"wp:attachment":[{"href":"https:\/\/aprendizdomundo.com\/portal\/wp-json\/wp\/v2\/media?parent=54114"}],"wp:term":[{"taxonomy":"category","embeddable":true,"href":"https:\/\/aprendizdomundo.com\/portal\/wp-json\/wp\/v2\/categories?post=54114"},{"taxonomy":"post_tag","embeddable":true,"href":"https:\/\/aprendizdomundo.com\/portal\/wp-json\/wp\/v2\/tags?post=54114"}],"curies":[{"name":"wp","href":"https:\/\/api.w.org\/{rel}","templated":true}]}}