{"id":54632,"date":"2026-04-26T07:00:28","date_gmt":"2026-04-26T10:00:28","guid":{"rendered":"https:\/\/aprendizdomundo.com\/portal\/?p=54632"},"modified":"2026-04-01T09:12:02","modified_gmt":"2026-04-01T12:12:02","slug":"arquivo1473","status":"publish","type":"post","link":"https:\/\/aprendizdomundo.com\/portal\/2026\/04\/26\/arquivo1473\/","title":{"rendered":"Arquivo 800 destaca Joanna neste domingo, 26\/04"},"content":{"rendered":"<p><img fetchpriority=\"high\" decoding=\"async\" class=\"alignleft\" title=\"Joanna\" src=\"https:\/\/aprendizdomundo.com\/imagens\/arq_joanna.jpg\" alt=\"Joanna\" width=\"320\" height=\"320\" \/>Acompanhe o <strong>Arquivo 800<\/strong>, a partir das <strong>19h00<\/strong>, pela <strong><a title=\"R\u00e1dio Universidade AM\" href=\"http:\/\/www.ufsm.br\/radio\/\" target=\"_blank\" rel=\"noopener\">R\u00e1dio Universidade AM<\/a><\/strong>.<\/p>\n<p><strong>Joanna<\/strong> \u00e9 a atra\u00e7\u00e3o do programa de hoje. Maria de F\u00e1tima Gomes Nogueira nasceu a 27 de janeiro de 1957, na cidade do Rio de Janeiro. Criada no sub\u00farbio carioca, a carreira da cantora teve in\u00edcio com a participa\u00e7\u00e3o em festivais do interior do estado. Atuou tamb\u00e9m como backing vocal de conjuntos de bailes e casas noturnas. Seu primeiro \u00e1lbum, lan\u00e7ado em 1979, recebeu o t\u00edtulo de Nascente, e j\u00e1 trouxe seu primeiro grande \u00eaxito, Descaminhos, parceria sua com Sarah Benchimol.<\/p>\n<p><strong><a title=\"Arquivo 800\" href=\"https:\/\/aprendizdomundo.com\/portal\/radio\/exclusivos\/arquivo\/\">Arquivo 800<\/a><\/strong> \u00e9 um programa musical dedicado ao flashback, recordando grandes sucessos da m\u00fasica pop nacional dos anos sessenta, setenta e oitenta do s\u00e9culo passado. A cada audi\u00e7\u00e3o, destaque para \u00eaxitos de um artista ou grupo. H\u00e1 tamb\u00e9m audi\u00e7\u00f5es tem\u00e1ticas.<\/p>\n<p>A atra\u00e7\u00e3o vai ao ar pela <strong>Universidade AM<\/strong>, todo domingo, na faixa das 19h00 \u00e0s 20h00. A pesquisa, produ\u00e7\u00e3o, sele\u00e7\u00e3o de repert\u00f3rio e reda\u00e7\u00e3o de texto \u00e9 de <strong><a title=\"Milton Oliveira\" target=\"_blank\" rel=\"noopener\" href=\"https:\/\/aprendizdomundo.com\/miltonoliveira\">Milton Oliveira<\/a><\/strong>. A apresenta\u00e7\u00e3o e edi\u00e7\u00e3o \u00e9 de <strong><a title=\"Rodrigo Santiago no Facebook\" target=\"_blank\" rel=\"noopener\" href=\"https:\/\/www.facebook.com\/rodrigo.santiago.1044\">Rodrigo Santiago<\/a><\/strong>.<\/p>\n<p>O programa pode ser ouvido pelos <strong>800 AM<\/strong>, pelo <strong><a title=\"R\u00e1dio Universidade AM\" href=\"https:\/\/www.ufsm.br\/radio\" target=\"_blank\" rel=\"noopener\">site da emissora<\/a><\/strong> ou pelo smartphone, acessando seu aplicativo favorito.<\/p>\n","protected":false},"excerpt":{"rendered":"<p>Acompanhe o Arquivo 800, a partir das 19h00, pela R\u00e1dio Universidade AM. Joanna \u00e9 a atra\u00e7\u00e3o do programa de hoje. Maria de F\u00e1tima Gomes Nogueira nasceu a 27 de janeiro de 1957, na cidade do Rio de Janeiro. Criada no sub\u00farbio carioca, a carreira da cantora teve in\u00edcio com a participa\u00e7\u00e3o em festivais do interior [&#8230;] <\/p>\n<p class=\"more-link-container\"><a href=\"https:\/\/aprendizdomundo.com\/portal\/2026\/04\/26\/arquivo1473\/\" class=\"more-link\">Read More<span class=\"screen-reader-text\"> &#8220;Arquivo 800 destaca Joanna neste domingo, 26\/04&#8221;<\/span><\/a><\/p>\n","protected":false},"author":1,"featured_media":52891,"comment_status":"closed","ping_status":"closed","sticky":false,"template":"","format":"standard","meta":{"_eb_attr":"","footnotes":""},"categories":[3],"tags":[126,67],"class_list":["post-54632","post","type-post","status-publish","format-standard","has-post-thumbnail","hentry","category-arquivo","tag-arquivo-800","tag-arquivo"],"nelio_content":{"autoShareEndMode":"never","automationSources":{"useCustomSentences":false,"customSentences":[]},"efiAlt":"","efiUrl":"","followers":[1],"highlights":[],"isAutoShareEnabled":true,"networkImageIds":[],"permalinkQueryArgs":[],"series":[],"suggestedReferences":[]},"_links":{"self":[{"href":"https:\/\/aprendizdomundo.com\/portal\/wp-json\/wp\/v2\/posts\/54632","targetHints":{"allow":["GET"]}}],"collection":[{"href":"https:\/\/aprendizdomundo.com\/portal\/wp-json\/wp\/v2\/posts"}],"about":[{"href":"https:\/\/aprendizdomundo.com\/portal\/wp-json\/wp\/v2\/types\/post"}],"author":[{"embeddable":true,"href":"https:\/\/aprendizdomundo.com\/portal\/wp-json\/wp\/v2\/users\/1"}],"replies":[{"embeddable":true,"href":"https:\/\/aprendizdomundo.com\/portal\/wp-json\/wp\/v2\/comments?post=54632"}],"version-history":[{"count":1,"href":"https:\/\/aprendizdomundo.com\/portal\/wp-json\/wp\/v2\/posts\/54632\/revisions"}],"predecessor-version":[{"id":54633,"href":"https:\/\/aprendizdomundo.com\/portal\/wp-json\/wp\/v2\/posts\/54632\/revisions\/54633"}],"wp:featuredmedia":[{"embeddable":true,"href":"https:\/\/aprendizdomundo.com\/portal\/wp-json\/wp\/v2\/media\/52891"}],"wp:attachment":[{"href":"https:\/\/aprendizdomundo.com\/portal\/wp-json\/wp\/v2\/media?parent=54632"}],"wp:term":[{"taxonomy":"category","embeddable":true,"href":"https:\/\/aprendizdomundo.com\/portal\/wp-json\/wp\/v2\/categories?post=54632"},{"taxonomy":"post_tag","embeddable":true,"href":"https:\/\/aprendizdomundo.com\/portal\/wp-json\/wp\/v2\/tags?post=54632"}],"curies":[{"name":"wp","href":"https:\/\/api.w.org\/{rel}","templated":true}]}}