{"id":54656,"date":"2026-04-25T00:01:06","date_gmt":"2026-04-25T03:01:06","guid":{"rendered":"https:\/\/aprendizdomundo.com\/portal\/?p=54656"},"modified":"2026-04-01T09:20:37","modified_gmt":"2026-04-01T12:20:37","slug":"geracaobrasileira332","status":"publish","type":"post","link":"https:\/\/aprendizdomundo.com\/portal\/2026\/04\/25\/geracaobrasileira332\/","title":{"rendered":"Gera\u00e7\u00e3o Brasileira nos 800 AM neste s\u00e1bado, 25\/04"},"content":{"rendered":"<p><img fetchpriority=\"high\" decoding=\"async\" class=\"alignleft\" title=\"Gera\u00e7\u00e3o Brasileira\" src=\"https:\/\/aprendizdomundo.com\/imagens\/marca800_geracaobrasileira.png\" alt=\"Gera\u00e7\u00e3o Brasileira\" width=\"320\" height=\"320\" \/>Acompanhe o <strong>Gera\u00e7\u00e3o Brasileira<\/strong> neste s\u00e1bado, a partir das <strong>07h00<\/strong>, pela <strong>R\u00e1dio Universidade AM<\/strong>.<\/p>\n<p>A audi\u00e7\u00e3o desta semana re\u00fane o seguinte repert\u00f3rio:<\/p>\n<p>Alceu Valen\u00e7a &#8211; Bobo da Corte<br \/>\nQuarteto em Cy &#8211; Querelas do Brasil<br \/>\nEd Motta &#8211; Vamos Dan\u00e7ar<br \/>\nTim Maia &#8211; Leva<br \/>\nPaulinho da Viola &#8211; Pecado Capital<br \/>\nBeth Carvalho &#8211; Coisinha do Pai<br \/>\nRenato Terra &#8211; Coisa de Momento<br \/>\nGuilherme Arantes &#8211; Cheia de Charme<br \/>\nVin\u00edcius de Moraes &#8211; Mulher Carioca<br \/>\nDiana Pequeno &#8211; Serei Teu Bem<br \/>\nBenito di Paula &#8211; Ah Como Eu Amei<br \/>\nNana Caymmi &#8211; Fruta Mulher<br \/>\nDem\u00f4nios da Garoa &#8211; Olha o Gato<br \/>\nAnt\u00f4nio Adolfo e a Brazuca &#8211; Porque Hoje \u00e9 Domingo<br \/>\nWando &#8211; Dor Rom\u00e2ntica<br \/>\nA Cor do Som &#8211; Beleza Pura<br \/>\nBezerra da Silva &#8211; O Vacil\u00e3o<br \/>\nRita Lee &#8211; Jardins da Babil\u00f4nia<br \/>\nPeninha &#8211; Amo Voc\u00ea<br \/>\nAlmir Guineto &#8211; Insensato Destino<br \/>\nLegi\u00e3o Urbana &#8211; Que Pais \u00e9 Este?<br \/>\nLeila Pinheiro &#8211; Olho Nu<br \/>\nPepeu Gomes &#8211; Mil e Uma Noites de Amor<br \/>\nElis Regina &#8211; As Apar\u00eancias Enganam<br \/>\nAnt\u00f4nio Carlos e Jocafi &#8211; Minhas Razoes<br \/>\nFaf\u00e1 de Bel\u00e9m &#8211; Doce Magia<br \/>\nR\u00e1dio T\u00e1xi &#8211; Um Amor de Ver\u00e3o<br \/>\nNey Matogrosso &#8211; Am\u00e9rica do Sul<br \/>\nPaulo Diniz &#8211; Quero Voltar Pra Bahia, na vers\u00e3o estendida<br \/>\nChico Buarque &#8211; Morena de Angola<br \/>\nSimone &#8211; T\u00f4 Que T\u00f4<br \/>\nEd Lincoln &#8211; Palladium<br \/>\nGal Costa &#8211; S\u00f3 Louco<\/p>\n<p><strong><a title=\"Gera\u00e7\u00e3o Brasileira\" href=\"https:\/\/aprendizdomundo.com\/portal\/radio\/programas\/geracao\/\">Gera\u00e7\u00e3o Brasileira<\/a><\/strong> \u00e9 um programa voltado \u00e0 execu\u00e7\u00e3o de can\u00e7\u00f5es brasileiras contempor\u00e2neas, reunindo sucessos das d\u00e9cadas de 1960 a 1990.<\/p>\n<p>A atra\u00e7\u00e3o vai ao ar pela <strong>Universidade AM<\/strong>, todo s\u00e1bado, na faixa das 07h00 \u00e0s 09h00. A pesquisa, produ\u00e7\u00e3o, sele\u00e7\u00e3o de repert\u00f3rio e edi\u00e7\u00e3o \u00e9 de <strong><a title=\"Milton Oliveira\" target=\"_blank\" rel=\"noopener\" href=\"https:\/\/aprendizdomundo.com\/miltonoliveira\">Milton Oliveira<\/a><\/strong>.<\/p>\n<p>O programa pode ser ouvido pelos <strong>800 AM<\/strong>, pelo <strong><a title=\"R\u00e1dio Universidade AM\" href=\"https:\/\/www.ufsm.br\/radio\" target=\"_blank\" rel=\"noopener\">site da emissora<\/a><\/strong> ou pelo smartphone, acessando seu aplicativo favorito.<\/p>\n","protected":false},"excerpt":{"rendered":"<p>Acompanhe o Gera\u00e7\u00e3o Brasileira neste s\u00e1bado, a partir das 07h00, pela R\u00e1dio Universidade AM. A audi\u00e7\u00e3o desta semana re\u00fane o seguinte repert\u00f3rio: Alceu Valen\u00e7a &#8211; Bobo da Corte Quarteto em Cy &#8211; Querelas do Brasil Ed Motta &#8211; Vamos Dan\u00e7ar Tim Maia &#8211; Leva Paulinho da Viola &#8211; Pecado Capital Beth Carvalho &#8211; Coisinha do [&#8230;] <\/p>\n<p class=\"more-link-container\"><a href=\"https:\/\/aprendizdomundo.com\/portal\/2026\/04\/25\/geracaobrasileira332\/\" class=\"more-link\">Read More<span class=\"screen-reader-text\"> &#8220;Gera\u00e7\u00e3o Brasileira nos 800 AM neste s\u00e1bado, 25\/04&#8221;<\/span><\/a><\/p>\n","protected":false},"author":1,"featured_media":52884,"comment_status":"closed","ping_status":"closed","sticky":false,"template":"","format":"standard","meta":{"_eb_attr":"","footnotes":""},"categories":[14],"tags":[32,129],"class_list":["post-54656","post","type-post","status-publish","format-standard","has-post-thumbnail","hentry","category-geracaobrasileira","tag-cancoes-do-brasil","tag-geracao-brasileira"],"nelio_content":{"autoShareEndMode":"never","automationSources":{"useCustomSentences":false,"customSentences":[]},"efiAlt":"","efiUrl":"","followers":[1],"highlights":[],"isAutoShareEnabled":true,"networkImageIds":[],"permalinkQueryArgs":[],"series":[],"suggestedReferences":[]},"_links":{"self":[{"href":"https:\/\/aprendizdomundo.com\/portal\/wp-json\/wp\/v2\/posts\/54656","targetHints":{"allow":["GET"]}}],"collection":[{"href":"https:\/\/aprendizdomundo.com\/portal\/wp-json\/wp\/v2\/posts"}],"about":[{"href":"https:\/\/aprendizdomundo.com\/portal\/wp-json\/wp\/v2\/types\/post"}],"author":[{"embeddable":true,"href":"https:\/\/aprendizdomundo.com\/portal\/wp-json\/wp\/v2\/users\/1"}],"replies":[{"embeddable":true,"href":"https:\/\/aprendizdomundo.com\/portal\/wp-json\/wp\/v2\/comments?post=54656"}],"version-history":[{"count":1,"href":"https:\/\/aprendizdomundo.com\/portal\/wp-json\/wp\/v2\/posts\/54656\/revisions"}],"predecessor-version":[{"id":54657,"href":"https:\/\/aprendizdomundo.com\/portal\/wp-json\/wp\/v2\/posts\/54656\/revisions\/54657"}],"wp:featuredmedia":[{"embeddable":true,"href":"https:\/\/aprendizdomundo.com\/portal\/wp-json\/wp\/v2\/media\/52884"}],"wp:attachment":[{"href":"https:\/\/aprendizdomundo.com\/portal\/wp-json\/wp\/v2\/media?parent=54656"}],"wp:term":[{"taxonomy":"category","embeddable":true,"href":"https:\/\/aprendizdomundo.com\/portal\/wp-json\/wp\/v2\/categories?post=54656"},{"taxonomy":"post_tag","embeddable":true,"href":"https:\/\/aprendizdomundo.com\/portal\/wp-json\/wp\/v2\/tags?post=54656"}],"curies":[{"name":"wp","href":"https:\/\/api.w.org\/{rel}","templated":true}]}}