{"id":54985,"date":"2026-04-25T18:37:50","date_gmt":"2026-04-25T21:37:50","guid":{"rendered":"https:\/\/aprendizdomundo.com\/portal\/?p=54985"},"modified":"2026-04-05T11:38:22","modified_gmt":"2026-04-05T14:38:22","slug":"sarandeio3291","status":"publish","type":"post","link":"https:\/\/aprendizdomundo.com\/portal\/2026\/04\/25\/sarandeio3291\/","title":{"rendered":"Sarandeio no amanhecer da Universidade AM, 26\/04"},"content":{"rendered":"<p><img fetchpriority=\"high\" decoding=\"async\" class=\"alignleft\" title=\"Sarandeio\" src=\"https:\/\/aprendizdomundo.com\/imagens\/sarandeio_d26.png\" alt=\"Sarandeio\" width=\"320\" height=\"320\" \/>Acompanhe o <strong>Sarandeio<\/strong> na pr\u00f3xima madrugada, a partir das <strong>05h00<\/strong>, pela <strong><a title=\"R\u00e1dio Universidade AM\" href=\"https:\/\/www.ufsm.br\/radio\" target=\"_blank\" rel=\"noopener\">R\u00e1dio Universidade AM<\/a><\/strong>.<\/p>\n<p>A sele\u00e7\u00e3o musical vai destacar&#8230;<\/p>\n<p>Gaud\u00e9rios do Vale &#8211; Galo V\u00e9io<br \/>\nCristiano Quevedo &#8211; Largando pra Fronteira<br \/>\nGrupo Rodeio &#8211; Bugio Safado<br \/>\nOs Fandangueiros &#8211; Chasque pra Tia Anast\u00e1cia<br \/>\nOs Vacarianos &#8211; Bugio da Vacaria<br \/>\nGrupo Eco da Liberdade &#8211; Pra Toda Lida de Campo<br \/>\nTch\u00ea Guri &#8211; Pega na Sanfona<br \/>\nGrupo Chamamento &#8211; Campeiros de Ontem<br \/>\nGrupo Ch\u00e3o Colorado &#8211; Bugio do Meu Rinc\u00e3o<br \/>\nOs Nativos &#8211; Na Capela<br \/>\nOswaldir &#038; Carlos Magr\u00e3o &#8211; Pica\u00e7o Velho<br \/>\nGrupo Reponte &#8211; T\u00f4 de Volta, Tio Totonho<br \/>\nAnt\u00f4nio Gringo &#8211; Vaneira de um Novo Tempo<br \/>\nSadi Pereira &#8211; Estampa do Pago<br \/>\nMano Lima &#8211; Conta pra o Tio<br \/>\nGrupo Origens &#8211; L\u00e1 na Vila<br \/>\nGrupo Sina Fandangueira &#8211; Minha Vaneirinha<br \/>\nOs Fagundes &#8211; No Balan\u00e7o da Morena<br \/>\nGrupo Alma de Campo &#8211; Gaita\u00e7o Legenda<br \/>\nAd\u00e3o Lanes e Ant\u00f4nio Gringo &#8211; Vanera das Miss\u00f5es<br \/>\nOdilon Ramos e Grupo de Ch\u00e3o Batido &#8211; Jeito Ga\u00facho<br \/>\nGrupo Charla de Galp\u00e3o &#8211; Do Sul do Brasil<br \/>\nOs Vacarianos &#8211; Fogo na Vaneira<br \/>\nGrupo Criado em Galp\u00e3o &#8211; De Chap\u00e9u, Bombacha e Bota<br \/>\nPaulinho Silva e Grupo Tchamanh\u00e3 &#8211; No Tempo do Meu Av\u00f4<br \/>\nGarotos da Tradi\u00e7\u00e3o &#8211; Fim de Semana Tem Rodeio<br \/>\nManinha Missioneira &#8211; No Bolicho do Serginho<br \/>\nGrupo Sistema Antigo &#8211; Ca\u00e7ada de Bugio<br \/>\nGrupo Tropilha &#8211; Swingueira do Meu Pa\u00eds<br \/>\nGrupo Mate Amargo &#8211; Sou Fandangueiro<br \/>\nClauri Silva &#8211; Mais um Poquito Gaiteiro<br \/>\nGrupo Herdeiros do Pampa &#8211; Salseio de Cordiona<br \/>\nGrupo Musical Rastro Ga\u00facho &#8211; Dan\u00e7ando Xote<br \/>\nOs Posteiros &#8211; S\u00f3 no S\u00e1bado Que Vem<br \/>\nAldayr Vargas &#8211; Vaner\u00e3o do Chico Bei\u00e7o<\/p>\n<p><strong><a title=\"Sarandeio\" href=\"https:\/\/aprendizdomundo.com\/portal\/radio\/programas\/sarandeio\/\">Sarandeio<\/a><\/strong> \u00e9 um programa dedicado \u00e0 m\u00fasica ga\u00facha, especialmente a vertente fandangueira. Re\u00fane can\u00e7\u00f5es de int\u00e9rpretes e grupos do Rio Grande do Sul e, tamb\u00e9m, artistas de outros estados que igualmente produzem m\u00fasica fandangueira.<\/p>\n<p>A atra\u00e7\u00e3o vai ao ar pela <strong>Universidade AM<\/strong>, todos os dias, na faixa das 05h00 \u00e0s 07h00. A pesquisa, produ\u00e7\u00e3o, sele\u00e7\u00e3o de repert\u00f3rio e edi\u00e7\u00e3o \u00e9 de <strong><a title=\"Milton Oliveira\" target=\"_blank\" rel=\"noopener\" href=\"https:\/\/aprendizdomundo.com\/miltonoliveira\">Milton Oliveira<\/a><\/strong>.<\/p>\n<p>O programa pode ser ouvido pelos <strong>800 AM<\/strong>, pelo <strong><a title=\"R\u00e1dio Universidade AM\" href=\"https:\/\/www.ufsm.br\/radio\" target=\"_blank\" rel=\"noopener\">site da emissora<\/a><\/strong> ou pelo smartphone, acessando seu aplicativo favorito.<\/p>\n","protected":false},"excerpt":{"rendered":"<p>Acompanhe o Sarandeio na pr\u00f3xima madrugada, a partir das 05h00, pela R\u00e1dio Universidade AM. A sele\u00e7\u00e3o musical vai destacar&#8230; Gaud\u00e9rios do Vale &#8211; Galo V\u00e9io Cristiano Quevedo &#8211; Largando pra Fronteira Grupo Rodeio &#8211; Bugio Safado Os Fandangueiros &#8211; Chasque pra Tia Anast\u00e1cia Os Vacarianos &#8211; Bugio da Vacaria Grupo Eco da Liberdade &#8211; Pra [&#8230;] <\/p>\n<p class=\"more-link-container\"><a href=\"https:\/\/aprendizdomundo.com\/portal\/2026\/04\/25\/sarandeio3291\/\" class=\"more-link\">Read More<span class=\"screen-reader-text\"> &#8220;Sarandeio no amanhecer da Universidade AM, 26\/04&#8221;<\/span><\/a><\/p>\n","protected":false},"author":1,"featured_media":52880,"comment_status":"closed","ping_status":"closed","sticky":false,"template":"","format":"standard","meta":{"_eb_attr":"","footnotes":""},"categories":[22],"tags":[51,133],"class_list":["post-54985","post","type-post","status-publish","format-standard","has-post-thumbnail","hentry","category-sarandeio","tag-sarandeio","tag-sarandeio2"],"nelio_content":{"autoShareEndMode":"never","automationSources":{"useCustomSentences":false,"customSentences":[]},"efiAlt":"","efiUrl":"","followers":[1],"highlights":[],"isAutoShareEnabled":true,"networkImageIds":[],"permalinkQueryArgs":[],"series":[],"suggestedReferences":[]},"_links":{"self":[{"href":"https:\/\/aprendizdomundo.com\/portal\/wp-json\/wp\/v2\/posts\/54985","targetHints":{"allow":["GET"]}}],"collection":[{"href":"https:\/\/aprendizdomundo.com\/portal\/wp-json\/wp\/v2\/posts"}],"about":[{"href":"https:\/\/aprendizdomundo.com\/portal\/wp-json\/wp\/v2\/types\/post"}],"author":[{"embeddable":true,"href":"https:\/\/aprendizdomundo.com\/portal\/wp-json\/wp\/v2\/users\/1"}],"replies":[{"embeddable":true,"href":"https:\/\/aprendizdomundo.com\/portal\/wp-json\/wp\/v2\/comments?post=54985"}],"version-history":[{"count":1,"href":"https:\/\/aprendizdomundo.com\/portal\/wp-json\/wp\/v2\/posts\/54985\/revisions"}],"predecessor-version":[{"id":54986,"href":"https:\/\/aprendizdomundo.com\/portal\/wp-json\/wp\/v2\/posts\/54985\/revisions\/54986"}],"wp:featuredmedia":[{"embeddable":true,"href":"https:\/\/aprendizdomundo.com\/portal\/wp-json\/wp\/v2\/media\/52880"}],"wp:attachment":[{"href":"https:\/\/aprendizdomundo.com\/portal\/wp-json\/wp\/v2\/media?parent=54985"}],"wp:term":[{"taxonomy":"category","embeddable":true,"href":"https:\/\/aprendizdomundo.com\/portal\/wp-json\/wp\/v2\/categories?post=54985"},{"taxonomy":"post_tag","embeddable":true,"href":"https:\/\/aprendizdomundo.com\/portal\/wp-json\/wp\/v2\/tags?post=54985"}],"curies":[{"name":"wp","href":"https:\/\/api.w.org\/{rel}","templated":true}]}}