{"id":55087,"date":"2026-04-28T07:00:32","date_gmt":"2026-04-28T10:00:32","guid":{"rendered":"https:\/\/aprendizdomundo.com\/portal\/?p=55087"},"modified":"2026-04-06T19:19:00","modified_gmt":"2026-04-06T22:19:00","slug":"atracaonacionalnaunifm1934","status":"publish","type":"post","link":"https:\/\/aprendizdomundo.com\/portal\/2026\/04\/28\/atracaonacionalnaunifm1934\/","title":{"rendered":"F\u00e1tima Regina na Uni FM nesta ter\u00e7a, 28\/04"},"content":{"rendered":"<p>Acompanhe o <strong>Atra\u00e7\u00e3o Nacional<\/strong> de hoje, a partir das <strong>22h00<\/strong>, pela <strong><a title=\"R\u00e1dio Uni FM\" href=\"https:\/\/www.ufsm.br\/radio\" target=\"_blank\" rel=\"noopener\">R\u00e1dio Uni FM<\/a><\/strong>.<\/p>\n<p><img fetchpriority=\"high\" decoding=\"async\" title=\"F\u00e1tima Regina\" class=\"alignleft\" src=\"https:\/\/aprendizdomundo.com\/imagens2\/at_fatimaregina.jpg\" alt=\"F\u00e1tima Regina\" width=\"320\" height=\"320\" \/>A audi\u00e7\u00e3o desta noite destaca mais um nome do nosso elenco, tocando a obra gravada da cantora <strong>F\u00e1tima Regina<\/strong>. A compositora, cantora e instrumentista F\u00e1tima Regina da Cruz Martins nasceu a 29 de outubro de 1953, em Niter\u00f3i, na regi\u00e3o metropolitana do Rio de Janeiro. F\u00e1tima Regina come\u00e7ou sua carreira ainda adolescente, em Porto Alegre, no grupo vocal Quarteto em F\u00e1. Depois de uma passagem por Campinas para estudar, se estabeleceu na cidade maravilhosa. Ali, em 1978, profissionalizou sua atividade musical.<\/p>\n<p>De 1979 a 1985, F\u00e1tima atuou como vocalista de shows e grava\u00e7\u00f5es de Roberto Carlos. J\u00e1 participou de in\u00fameros projetos e emprestou sua voz para engrandecer diversos trabalhos de outros artistas. A estreia discogr\u00e1fica aconteceu em 1974, com o lan\u00e7amento de um compacto. O primeiro \u00e1lbum \u00e9 de 1988, intitulado Velas ao Vento.<\/p>\n<p>A <strong>playlist<\/strong> que vamos ouvir \u00e9 a seguinte:<\/p>\n<p>A Verdade das Nuvens<br \/>\nOs Grilos<br \/>\nNua e Crua<br \/>\nDisco Voador<br \/>\nBananeira<br \/>\nUm Minuto<br \/>\nSamba da Zona<br \/>\nO Barquinho<br \/>\nTom Maior<br \/>\nSimplesmente Tocar<br \/>\nAs Minhas Crian\u00e7as<br \/>\nO Beijo, o Erro e o Toque<br \/>\nSai Dessa<br \/>\nAmar<\/p>\n<p>O <strong>Atra\u00e7\u00e3o Nacional<\/strong> vai ao ar pela <strong>Uni FM<\/strong>, de segunda a sexta, na faixa das 22h00 \u00e0s 23h00. A curadoria de elenco, dire\u00e7\u00e3o, pesquisa, produ\u00e7\u00e3o, sele\u00e7\u00e3o de repert\u00f3rio, reda\u00e7\u00e3o de texto, apresenta\u00e7\u00e3o e edi\u00e7\u00e3o \u00e9 de <strong><a title=\"Milton Oliveira\" target=\"_blank\" rel=\"noopener\" href=\"https:\/\/aprendizdomundo.com\/miltonoliveira\">Milton Oliveira<\/a><\/strong>.<\/p>\n<p>O programa pode ser ouvido pelos <strong>107.9 FM<\/strong>; pela home page da emissora, em <strong><a title=\"R\u00e1dio Uni FM\" href=\"https:\/\/www.ufsm.br\/radio\" target=\"_blank\" rel=\"noopener\">ufsm.br\/radio<\/a><\/strong>; ou pelo smartphone, acessando seu aplicativo favorito.<\/p>\n<p>O <strong>Atra\u00e7\u00e3o Nacional<\/strong> tamb\u00e9m \u00e9 veiculado pela <strong><a title=\"R\u00e1dio Universidade AM\" href=\"https:\/\/www.ufsm.br\/radio\" target=\"_blank\" rel=\"noopener\">Universidade 800 AM<\/a><\/strong>, de segunda a sexta, na faixa das 20h00 \u00e0s 21h00; pela <strong><a title=\"Resonance R\u00e1dio\" href=\"http:\/\/www.resonanceradio.com.br\/\" target=\"_blank\" rel=\"noopener\">Resonance R\u00e1dio<\/a><\/strong>, todo domingo, na faixa das 18h00 \u00e0s 19h00; e pela <strong><a title=\"R\u00e1dio Bloco\" href=\"http:\/\/www.radiobloco.net\/\" target=\"_blank\" rel=\"noopener\">R\u00e1dio Bloco<\/a><\/strong>, toda ter\u00e7a, na faixa das 17h00 \u00e0s 18h00. As audi\u00e7\u00f5es n\u00e3o s\u00e3o vinculadas, os destaques s\u00e3o sempre diferentes em cada emissora.<\/p>\n<p>Curta a fanpage do nosso programa em <strong><strong><a href=\"http:\/\/www.facebook.com\/atracaonacional\" target=\"_blank\" rel=\"noopener\" title=\"Atra\u00e7\u00e3o Nacional no Facebook\">facebook.com\/atracaonacional<\/a><\/strong><\/strong>.<\/p>\n","protected":false},"excerpt":{"rendered":"<p>Acompanhe o Atra\u00e7\u00e3o Nacional de hoje, a partir das 22h00, pela R\u00e1dio Uni FM. A audi\u00e7\u00e3o desta noite destaca mais um nome do nosso elenco, tocando a obra gravada da cantora F\u00e1tima Regina. A compositora, cantora e instrumentista F\u00e1tima Regina da Cruz Martins nasceu a 29 de outubro de 1953, em Niter\u00f3i, na regi\u00e3o metropolitana [&#8230;] <\/p>\n<p class=\"more-link-container\"><a href=\"https:\/\/aprendizdomundo.com\/portal\/2026\/04\/28\/atracaonacionalnaunifm1934\/\" class=\"more-link\">Read More<span class=\"screen-reader-text\"> &#8220;F\u00e1tima Regina na Uni FM nesta ter\u00e7a, 28\/04&#8221;<\/span><\/a><\/p>\n","protected":false},"author":1,"featured_media":52890,"comment_status":"closed","ping_status":"closed","sticky":false,"template":"","format":"standard","meta":{"_eb_attr":"","footnotes":""},"categories":[4],"tags":[29,49],"class_list":["post-55087","post","type-post","status-publish","format-standard","has-post-thumbnail","hentry","category-atracao","tag-atracao-nacional","tag-musica-do-brasil"],"nelio_content":{"autoShareEndMode":"never","automationSources":{"useCustomSentences":false,"customSentences":[]},"efiAlt":"","efiUrl":"","followers":[1],"highlights":[],"isAutoShareEnabled":true,"networkImageIds":[],"permalinkQueryArgs":[],"series":[],"suggestedReferences":[]},"_links":{"self":[{"href":"https:\/\/aprendizdomundo.com\/portal\/wp-json\/wp\/v2\/posts\/55087","targetHints":{"allow":["GET"]}}],"collection":[{"href":"https:\/\/aprendizdomundo.com\/portal\/wp-json\/wp\/v2\/posts"}],"about":[{"href":"https:\/\/aprendizdomundo.com\/portal\/wp-json\/wp\/v2\/types\/post"}],"author":[{"embeddable":true,"href":"https:\/\/aprendizdomundo.com\/portal\/wp-json\/wp\/v2\/users\/1"}],"replies":[{"embeddable":true,"href":"https:\/\/aprendizdomundo.com\/portal\/wp-json\/wp\/v2\/comments?post=55087"}],"version-history":[{"count":1,"href":"https:\/\/aprendizdomundo.com\/portal\/wp-json\/wp\/v2\/posts\/55087\/revisions"}],"predecessor-version":[{"id":55088,"href":"https:\/\/aprendizdomundo.com\/portal\/wp-json\/wp\/v2\/posts\/55087\/revisions\/55088"}],"wp:featuredmedia":[{"embeddable":true,"href":"https:\/\/aprendizdomundo.com\/portal\/wp-json\/wp\/v2\/media\/52890"}],"wp:attachment":[{"href":"https:\/\/aprendizdomundo.com\/portal\/wp-json\/wp\/v2\/media?parent=55087"}],"wp:term":[{"taxonomy":"category","embeddable":true,"href":"https:\/\/aprendizdomundo.com\/portal\/wp-json\/wp\/v2\/categories?post=55087"},{"taxonomy":"post_tag","embeddable":true,"href":"https:\/\/aprendizdomundo.com\/portal\/wp-json\/wp\/v2\/tags?post=55087"}],"curies":[{"name":"wp","href":"https:\/\/api.w.org\/{rel}","templated":true}]}}