{"id":55251,"date":"2026-05-01T07:00:49","date_gmt":"2026-05-01T10:00:49","guid":{"rendered":"https:\/\/aprendizdomundo.com\/portal\/?p=55251"},"modified":"2026-04-26T15:00:18","modified_gmt":"2026-04-26T18:00:18","slug":"atracaonacionalnaunif1937","status":"publish","type":"post","link":"https:\/\/aprendizdomundo.com\/portal\/2026\/05\/01\/atracaonacionalnaunif1937\/","title":{"rendered":"Regina Dias na Uni FM nesta sexta, 01\/05"},"content":{"rendered":"<p>Acompanhe o <strong>Atra\u00e7\u00e3o Nacional<\/strong> neste feriado nacional, a partir das <strong>22h00<\/strong>, pela <strong><a title=\"R\u00e1dio Uni FM\" href=\"https:\/\/www.ufsm.br\/radio\" target=\"_blank\" rel=\"noopener\">R\u00e1dio Uni FM<\/a><\/strong>.<\/p>\n<p><img fetchpriority=\"high\" decoding=\"async\" title=\"Regina Dias\" class=\"alignleft\" src=\"https:\/\/aprendizdomundo.com\/imagens2\/at_reginadias.jpg\" alt=\"Regina Dias\" width=\"320\" height=\"320\" \/>A audi\u00e7\u00e3o desta noite destaca mais um nome do nosso elenco, tocando a obra gravada da cantora <strong>Regina Dias<\/strong>. A cantora Regina Dias \u00e9 natural do munic\u00edpio paulista de Ribeir\u00e3o Preto. Regina Mara Abrah\u00e3o Dias tem forma\u00e7\u00e3o em Enfermagem. Estreou nos palcos em 1979. Participou da grava\u00e7\u00e3o de trilhas sonoras e integrou v\u00e1rios projetos art\u00edsticos nos anos 1980. Foi vocalista do grupo Hamilton e Seus Estados, participando da grava\u00e7\u00e3o do \u00e1lbum Cantos do Brasil, de 2004. A estreia discogr\u00e1fica solo aconteceu em 2014, com o lan\u00e7amento do \u00e1lbum Fant\u00e1stico Urbano.<\/p>\n<p>A <strong>playlist<\/strong> que vamos ouvir \u00e9 a seguinte:<\/p>\n<p>Despertar<br \/>\nSaiba Que Foi Voc\u00ea<br \/>\nContracanto<br \/>\nCredo e Cruz<br \/>\nBrasil Monarca do Mundo<br \/>\nChula Louca<br \/>\nLa Playa del Aire Bueno<br \/>\nVeneno<br \/>\nS\u00f3 Que Deram Zero Pro Bedeu<br \/>\nS\u00f3 Vivo de Noite<br \/>\nT\u00e3o Lindo, T\u00e3o Lindo<br \/>\nBom Dia, Anjo<br \/>\nNegona<br \/>\nMenino Desce Da\u00ed<br \/>\nCorredeira<br \/>\nN\u00e3o Negai<\/p>\n<p>O <strong><a title=\"Atra\u00e7\u00e3o Nacional\" href=\"https:\/\/aprendizdomundo.com\/portal\/perfil_atracaonacional\/\">Atra\u00e7\u00e3o Nacional<\/a><\/strong> vai ao ar pela <strong>Uni FM<\/strong>, de segunda a sexta, na faixa das 22h00 \u00e0s 23h00. A curadoria de elenco, dire\u00e7\u00e3o, pesquisa, produ\u00e7\u00e3o, sele\u00e7\u00e3o de repert\u00f3rio, reda\u00e7\u00e3o de texto, apresenta\u00e7\u00e3o e edi\u00e7\u00e3o \u00e9 de <strong><a title=\"Milton Oliveira\" target=\"_blank\" rel=\"noopener\" href=\"https:\/\/aprendizdomundo.com\/miltonoliveira\">Milton Oliveira<\/a><\/strong>.<\/p>\n<p>O programa pode ser ouvido pelos <strong>107.9 FM<\/strong>; pela home page da emissora, em <strong><a title=\"R\u00e1dio Uni FM\" href=\"https:\/\/www.ufsm.br\/radio\" target=\"_blank\" rel=\"noopener\">ufsm.br\/radio<\/a><\/strong>; ou pelo smartphone, acessando seu aplicativo favorito.<\/p>\n<p>O <strong>Atra\u00e7\u00e3o Nacional<\/strong> tamb\u00e9m \u00e9 veiculado pela <strong><a title=\"R\u00e1dio Universidade AM\" href=\"https:\/\/www.ufsm.br\/radio\" target=\"_blank\" rel=\"noopener\">Universidade 800 AM<\/a><\/strong>, de segunda a sexta, na faixa das 20h00 \u00e0s 21h00; pela <strong><a title=\"Resonance R\u00e1dio\" href=\"http:\/\/www.resonanceradio.com.br\/\" target=\"_blank\" rel=\"noopener\">Resonance R\u00e1dio<\/a><\/strong>, todo domingo, na faixa das 18h00 \u00e0s 19h00; e pela <strong><a title=\"R\u00e1dio Bloco\" href=\"http:\/\/www.radiobloco.net\/\" target=\"_blank\" rel=\"noopener\">R\u00e1dio Bloco<\/a><\/strong>, toda ter\u00e7a, na faixa das 17h00 \u00e0s 18h00. As audi\u00e7\u00f5es n\u00e3o s\u00e3o vinculadas, os destaques s\u00e3o sempre diferentes em cada emissora.<\/p>\n<p>Curta a fanpage do nosso programa em <strong><strong><a href=\"http:\/\/www.facebook.com\/atracaonacional\" target=\"_blank\" rel=\"noopener\" title=\"Atra\u00e7\u00e3o Nacional no Facebook\">facebook.com\/atracaonacional<\/a><\/strong><\/strong>.<\/p>\n","protected":false},"excerpt":{"rendered":"<p>Acompanhe o Atra\u00e7\u00e3o Nacional neste feriado nacional, a partir das 22h00, pela R\u00e1dio Uni FM. A audi\u00e7\u00e3o desta noite destaca mais um nome do nosso elenco, tocando a obra gravada da cantora Regina Dias. A cantora Regina Dias \u00e9 natural do munic\u00edpio paulista de Ribeir\u00e3o Preto. Regina Mara Abrah\u00e3o Dias tem forma\u00e7\u00e3o em Enfermagem. Estreou [&#8230;] <\/p>\n<p class=\"more-link-container\"><a href=\"https:\/\/aprendizdomundo.com\/portal\/2026\/05\/01\/atracaonacionalnaunif1937\/\" class=\"more-link\">Read More<span class=\"screen-reader-text\"> &#8220;Regina Dias na Uni FM nesta sexta, 01\/05&#8221;<\/span><\/a><\/p>\n","protected":false},"author":1,"featured_media":52890,"comment_status":"closed","ping_status":"closed","sticky":false,"template":"","format":"standard","meta":{"_eb_attr":"","footnotes":""},"categories":[4],"tags":[29,49],"class_list":["post-55251","post","type-post","status-publish","format-standard","has-post-thumbnail","hentry","category-atracao","tag-atracao-nacional","tag-musica-do-brasil"],"nelio_content":{"autoShareEndMode":"never","automationSources":{"useCustomSentences":false,"customSentences":[]},"efiAlt":"","efiUrl":"","followers":[1],"highlights":[],"isAutoShareEnabled":true,"networkImageIds":[],"permalinkQueryArgs":[],"series":[],"suggestedReferences":[]},"_links":{"self":[{"href":"https:\/\/aprendizdomundo.com\/portal\/wp-json\/wp\/v2\/posts\/55251","targetHints":{"allow":["GET"]}}],"collection":[{"href":"https:\/\/aprendizdomundo.com\/portal\/wp-json\/wp\/v2\/posts"}],"about":[{"href":"https:\/\/aprendizdomundo.com\/portal\/wp-json\/wp\/v2\/types\/post"}],"author":[{"embeddable":true,"href":"https:\/\/aprendizdomundo.com\/portal\/wp-json\/wp\/v2\/users\/1"}],"replies":[{"embeddable":true,"href":"https:\/\/aprendizdomundo.com\/portal\/wp-json\/wp\/v2\/comments?post=55251"}],"version-history":[{"count":1,"href":"https:\/\/aprendizdomundo.com\/portal\/wp-json\/wp\/v2\/posts\/55251\/revisions"}],"predecessor-version":[{"id":55252,"href":"https:\/\/aprendizdomundo.com\/portal\/wp-json\/wp\/v2\/posts\/55251\/revisions\/55252"}],"wp:featuredmedia":[{"embeddable":true,"href":"https:\/\/aprendizdomundo.com\/portal\/wp-json\/wp\/v2\/media\/52890"}],"wp:attachment":[{"href":"https:\/\/aprendizdomundo.com\/portal\/wp-json\/wp\/v2\/media?parent=55251"}],"wp:term":[{"taxonomy":"category","embeddable":true,"href":"https:\/\/aprendizdomundo.com\/portal\/wp-json\/wp\/v2\/categories?post=55251"},{"taxonomy":"post_tag","embeddable":true,"href":"https:\/\/aprendizdomundo.com\/portal\/wp-json\/wp\/v2\/tags?post=55251"}],"curies":[{"name":"wp","href":"https:\/\/api.w.org\/{rel}","templated":true}]}}